{"id":18450,"date":"2018-05-09T10:44:14","date_gmt":"2018-05-09T08:44:14","guid":{"rendered":"http:\/\/info.sadowne.pl\/?p=18450"},"modified":"2018-05-25T11:13:26","modified_gmt":"2018-05-25T09:13:26","slug":"konkurs-recytatorski-2","status":"publish","type":"post","link":"http:\/\/info.sadowne.pl\/?p=18450","title":{"rendered":"Konkurs Recytatorski"},"content":{"rendered":"<p><strong><img loading=\"lazy\" decoding=\"async\" class=\"alignleft size-thumbnail wp-image-18451\" src=\"http:\/\/info.sadowne.pl\/wp-content\/uploads\/2018\/05\/2018.05.09.1-180x130.jpg\" alt=\"\" width=\"180\" height=\"130\" \/>Szko\u0142a Podstawowa im. ks. Jana Twardowskiego w Grabinach organizuje Gminny Konkurs Recytatorski \u201eW kr\u0119gu poezji ksi\u0119dza Jana Twardowskiego\u201d.<\/strong><!--more--><\/p>\n<p>Konkurs adresowany jest do uczni\u00f3w szk\u00f3\u0142 podstawowych i gimnazjum, a jego celem jest m.in. upowszechnienie tw\u00f3rczo\u015bci ks. Jana Twardowskiego.<\/p>\n<p>Konkurs odb\u0119dzie si\u0119 29 maja 2018 r. w Szkole Podstawowej im. ks. Jana Twardowskiego w Grabinach, a wr\u0119czenie nagr\u00f3d nast\u0105pi 8 czerwca 2018 r. podczas uroczysto\u015bci z okazji pierwszej rocznicy nadania imienia ks. Jana Twardowskiego Szkole Podstawowej w Grabinach.<\/p>\n<p><strong>Organizatorzy zapraszaj\u0105 wszystkich zainteresowanych do udzia\u0142u w Konkursie. Oto jego Regulamin i wymagana dokumentacja uczestnik\u00f3w:<\/strong><\/p>\n<p style=\"text-align: center;\"><span style=\"color: #3366ff;\"><strong>REGULAMIN<\/strong><\/span><\/p>\n<p style=\"text-align: center;\"><span style=\"color: #3366ff;\"><strong>GMINNEGO KONKURSU RECYTATORSKIEGO<\/strong><\/span><\/p>\n<p style=\"text-align: center;\"><span style=\"color: #3366ff;\"><strong>\u201eW KR\u0118GU POEZJI KSI\u0118DZA JANA TWARDOWSKIEGO\u201d<\/strong><\/span><\/p>\n<p><strong>\u00a0<\/strong><\/p>\n<p><strong>Organizator:<\/strong> Szko\u0142a Podstawowa im. ks. Jana Twardowskiego w Grabinach<\/p>\n<p>Patronat nad Konkursem obejmuje W\u00f3jt Gminy Sadowne p. Waldemar Cyran.<\/p>\n<p><strong>Cele konkursu:<\/strong><\/p>\n<ol>\n<li>Upowszechnienie tw\u00f3rczo\u015bci ks. Jana Twardowskiego.<\/li>\n<li>Rozwijanie uzdolnie\u0144 tw\u00f3rczych i doskonalenie umiej\u0119tno\u015bci recytatorskich.<\/li>\n<li>Upowszechnianie kultury \u017cywego s\u0142owa w\u015br\u00f3d dzieci i m\u0142odzie\u017cy.<\/li>\n<\/ol>\n<p><strong>Zasady uczestnictwa:<\/strong><\/p>\n<ol>\n<li>Konkurs adresowany jest do uczni\u00f3w szk\u00f3\u0142 podstawowych i gimnazjum.<\/li>\n<li>Jury ocenia\u0107 b\u0119dzie uczestnik\u00f3w w trzech grupach wiekowych:<\/li>\n<\/ol>\n<p>&#8211; szko\u0142a podstawowa klasy I \u2013 III<\/p>\n<p>&#8211; szko\u0142a podstawowa klasy IV \u2013 VI<\/p>\n<p>&#8211; szko\u0142a podstawowa klasa VII i gimnazjum.<\/p>\n<ol start=\"3\">\n<li>Ka\u017cd\u0105 szko\u0142\u0119 mo\u017ce reprezentowa\u0107 maksymalnie 3 uczestnik\u00f3w w ka\u017cdej grupie wiekowej.<\/li>\n<li>Ka\u017cdy uczestnik prezentuje jeden wiersz ks. Jana Twardowskiego.<\/li>\n<li>Jury oceniaj\u0105ce prezentacje uczestnik\u00f3w b\u0119dzie uwzgl\u0119dnia\u0107:<\/li>\n<\/ol>\n<p>&#8211; interpretacj\u0119 i dob\u00f3r repertuaru do wieku recytatora,<\/p>\n<p>&#8211; kultur\u0119 s\u0142owa,<\/p>\n<p>&#8211; og\u00f3lny wyraz artystyczny<\/p>\n<ol start=\"6\">\n<li>W ka\u017cdej kategorii wy\u0142onionych zostanie trzech laureat\u00f3w.<\/li>\n<li>Konkurs odb\u0119dzie si\u0119 30 maja 2018 r. w Szkole Podstawowej im. ks. Jana Twardowskiego w Grabinach.<\/li>\n<li>Warunkiem uczestnictwa w konkursie jest dostarczenie do 27 maja 2018 r. karty zg\u0142oszenia na adres szko\u0142y Podstawowej im. ks. Jana Twardowskiego w Grabinach (spgrabiny11@wp.pl)<\/li>\n<li>Karta zg\u0142oszenia powinna zawiera\u0107 dane uczestnika (imi\u0119 i nazwisko, klasa, nazwa szko\u0142y), oraz tytu\u0142 wybranego wiersza.<\/li>\n<li>Og\u0142oszenie wynik\u00f3w odb\u0119dzie si\u0119 po prezentacji wszystkich wierszy i dokonaniu oceny przez jury konkursowe.<\/li>\n<li>Wr\u0119czenie nagr\u00f3d nast\u0105pi 8 czerwca 2018 r. podczas uroczysto\u015bci z okazji pierwszej rocznicy nadania imienia ks. Jana Twardowskiego Szkole Podstawowej w Grabinach.<\/li>\n<\/ol>\n<p><span style=\"color: #0000ff;\"><a style=\"color: #0000ff;\" href=\"http:\/\/info.sadowne.pl\/wp-content\/uploads\/2018\/05\/Karta-zg\u0142oszenia-uczestnika.docx\" target=\"_blank\" rel=\"noopener noreferrer\"><strong>&#8211; Karta zg\u0142oszenia uczestnika&gt;&gt;&gt;<\/strong><\/a><\/span><\/p>\n<p><span style=\"color: #0000ff;\"><a style=\"color: #0000ff;\" href=\"http:\/\/info.sadowne.pl\/wp-content\/uploads\/2018\/05\/Zgoda-rodzic\u00f3w-ucznia.docx\" target=\"_blank\" rel=\"noopener noreferrer\"><strong>&#8211; Zgoda rodzic\u00f3w ucznia&gt;&gt;&gt;<\/strong><\/a><\/span><\/p>\n<p><span style=\"color: #0000ff;\"><a style=\"color: #0000ff;\" href=\"http:\/\/info.sadowne.pl\/wp-content\/uploads\/2018\/05\/Zgoda-na-wykorzystanie-wizerunku-ucznia.docx\" target=\"_blank\" rel=\"noopener noreferrer\"><strong>&#8211; Zgoda na wykorzystanie wizerunku dziecka&gt;&gt;&gt;<\/strong><\/a><\/span><\/p>\n","protected":false},"excerpt":{"rendered":"<p>Szko\u0142a Podstawowa im. ks. Jana Twardowskiego w Grabinach organizuje Gminny Konkurs Recytatorski \u201eW kr\u0119gu poezji ksi\u0119dza Jana Twardowskiego\u201d.<\/p>\n","protected":false},"author":1,"featured_media":0,"comment_status":"closed","ping_status":"closed","sticky":false,"template":"","format":"standard","meta":{"footnotes":""},"categories":[5,1752,1120],"tags":[2798,2797],"class_list":["post-18450","post","type-post","status-publish","format-standard","hentry","category-newsy","category-edukacja","category-zespol-szkolno-przedszkolny-w-grabinach","tag-gminny-konkurs-recytatorski-w-kregu-poezji-ksiedza-jana-twardowskiego","tag-szkola-podstawowa-im-ks-jana-twardowskiego-w-grabinach"],"views":2672,"_links":{"self":[{"href":"http:\/\/info.sadowne.pl\/index.php?rest_route=\/wp\/v2\/posts\/18450","targetHints":{"allow":["GET"]}}],"collection":[{"href":"http:\/\/info.sadowne.pl\/index.php?rest_route=\/wp\/v2\/posts"}],"about":[{"href":"http:\/\/info.sadowne.pl\/index.php?rest_route=\/wp\/v2\/types\/post"}],"author":[{"embeddable":true,"href":"http:\/\/info.sadowne.pl\/index.php?rest_route=\/wp\/v2\/users\/1"}],"replies":[{"embeddable":true,"href":"http:\/\/info.sadowne.pl\/index.php?rest_route=%2Fwp%2Fv2%2Fcomments&post=18450"}],"version-history":[{"count":3,"href":"http:\/\/info.sadowne.pl\/index.php?rest_route=\/wp\/v2\/posts\/18450\/revisions"}],"predecessor-version":[{"id":18566,"href":"http:\/\/info.sadowne.pl\/index.php?rest_route=\/wp\/v2\/posts\/18450\/revisions\/18566"}],"wp:attachment":[{"href":"http:\/\/info.sadowne.pl\/index.php?rest_route=%2Fwp%2Fv2%2Fmedia&parent=18450"}],"wp:term":[{"taxonomy":"category","embeddable":true,"href":"http:\/\/info.sadowne.pl\/index.php?rest_route=%2Fwp%2Fv2%2Fcategories&post=18450"},{"taxonomy":"post_tag","embeddable":true,"href":"http:\/\/info.sadowne.pl\/index.php?rest_route=%2Fwp%2Fv2%2Ftags&post=18450"}],"curies":[{"name":"wp","href":"https:\/\/api.w.org\/{rel}","templated":true}]}}