{"id":18495,"date":"2018-05-16T20:42:33","date_gmt":"2018-05-16T18:42:33","guid":{"rendered":"http:\/\/info.sadowne.pl\/?p=18495"},"modified":"2018-05-17T15:00:59","modified_gmt":"2018-05-17T13:00:59","slug":"xviii-plener-malarski-w-sadownem","status":"publish","type":"post","link":"http:\/\/info.sadowne.pl\/?p=18495","title":{"rendered":"XVIII Plener Malarski w Sadownem"},"content":{"rendered":"<p><strong><img loading=\"lazy\" decoding=\"async\" class=\"alignleft size-thumbnail wp-image-18510\" src=\"http:\/\/info.sadowne.pl\/wp-content\/uploads\/2018\/05\/2018.05.16.11-180x130.jpg\" alt=\"\" width=\"180\" height=\"130\" \/>21 maja rozpoczyna si\u0119 w Sadownem ju\u017c XVIII Plener Malarski Artyst\u00f3w Plastyk\u00f3w.<\/strong><!--more--><\/p>\n<p>Ju\u017c teraz zapraszamy na wystaw\u0119 i wernisa\u017c poplenerowy, kt\u00f3ry odb\u0119dzie si\u0119 29 maja w Gminnym O\u015brodku Kultury w Sadownem.<\/p>\n<p><strong>Tekst:<\/strong> S\u0142awek Chyli\u0144ski<\/p>\n<p>&nbsp;<\/p>\n<p><img loading=\"lazy\" decoding=\"async\" class=\"aligncenter size-full wp-image-18510\" src=\"http:\/\/info.sadowne.pl\/wp-content\/uploads\/2018\/05\/2018.05.16.11.jpg\" alt=\"\" width=\"600\" height=\"849\" srcset=\"http:\/\/info.sadowne.pl\/wp-content\/uploads\/2018\/05\/2018.05.16.11.jpg 600w, http:\/\/info.sadowne.pl\/wp-content\/uploads\/2018\/05\/2018.05.16.11-212x300.jpg 212w\" sizes=\"auto, (max-width: 600px) 100vw, 600px\" \/><\/p>\n","protected":false},"excerpt":{"rendered":"<p>21 maja rozpoczyna si\u0119 w Sadownem ju\u017c XVIII Plener Malarski Artyst\u00f3w Plastyk\u00f3w.<\/p>\n","protected":false},"author":1,"featured_media":0,"comment_status":"closed","ping_status":"closed","sticky":false,"template":"","format":"standard","meta":{"footnotes":""},"categories":[5,91,6],"tags":[169,2802],"class_list":["post-18495","post","type-post","status-publish","format-standard","hentry","category-newsy","category-gminny-osrodek-kultury","category-kultura-rozrywka-edukacja","tag-gminny-osrodek-kultury-w-sadownem","tag-xviii-plener-malarski-artystow-plastykow-w-sadownem"],"views":2675,"_links":{"self":[{"href":"http:\/\/info.sadowne.pl\/index.php?rest_route=\/wp\/v2\/posts\/18495","targetHints":{"allow":["GET"]}}],"collection":[{"href":"http:\/\/info.sadowne.pl\/index.php?rest_route=\/wp\/v2\/posts"}],"about":[{"href":"http:\/\/info.sadowne.pl\/index.php?rest_route=\/wp\/v2\/types\/post"}],"author":[{"embeddable":true,"href":"http:\/\/info.sadowne.pl\/index.php?rest_route=\/wp\/v2\/users\/1"}],"replies":[{"embeddable":true,"href":"http:\/\/info.sadowne.pl\/index.php?rest_route=%2Fwp%2Fv2%2Fcomments&post=18495"}],"version-history":[{"count":3,"href":"http:\/\/info.sadowne.pl\/index.php?rest_route=\/wp\/v2\/posts\/18495\/revisions"}],"predecessor-version":[{"id":18511,"href":"http:\/\/info.sadowne.pl\/index.php?rest_route=\/wp\/v2\/posts\/18495\/revisions\/18511"}],"wp:attachment":[{"href":"http:\/\/info.sadowne.pl\/index.php?rest_route=%2Fwp%2Fv2%2Fmedia&parent=18495"}],"wp:term":[{"taxonomy":"category","embeddable":true,"href":"http:\/\/info.sadowne.pl\/index.php?rest_route=%2Fwp%2Fv2%2Fcategories&post=18495"},{"taxonomy":"post_tag","embeddable":true,"href":"http:\/\/info.sadowne.pl\/index.php?rest_route=%2Fwp%2Fv2%2Ftags&post=18495"}],"curies":[{"name":"wp","href":"https:\/\/api.w.org\/{rel}","templated":true}]}}