{"id":18512,"date":"2018-05-17T20:06:30","date_gmt":"2018-05-17T18:06:30","guid":{"rendered":"http:\/\/info.sadowne.pl\/?p=18512"},"modified":"2018-05-20T11:33:28","modified_gmt":"2018-05-20T09:33:28","slug":"umiemy-robic-makijaz","status":"publish","type":"post","link":"http:\/\/info.sadowne.pl\/?p=18512","title":{"rendered":"Umiemy robi\u0107 makija\u017c!"},"content":{"rendered":"<p><strong><img loading=\"lazy\" decoding=\"async\" class=\"alignleft size-thumbnail wp-image-18513\" src=\"http:\/\/info.sadowne.pl\/wp-content\/uploads\/2018\/05\/2018.05.17.5-1-180x130.jpg\" alt=\"\" width=\"180\" height=\"130\" \/>Uczestniczki bezp\u0142atnych warsztat\u00f3w makija\u017cu firmy AVON wysz\u0142y z nich zadowolone i troszk\u0119 \u201ezmienione\u201d.<\/strong><!--more--><\/p>\n<p>17 maja w Gminnym O\u015brodku Kultury w Sadownem odby\u0142y si\u0119 bezp\u0142atne warsztaty makija\u017cu, kt\u00f3re zorganizowa\u0142y przedstawicielki firmy AVON. Na warsztatach obecna by\u0142a p. Anna Samsel \u2013 Okr\u0119gowy Mened\u017cer Sprzeda\u017cy Firmy, a prowadzi\u0142a je p. Hanna Wili\u0144ska (kontakt tel.: 603\u00a0030\u00a0065).<\/p>\n<p>Uczestniczki warsztat\u00f3w mia\u0142y okazj\u0119 sprawdzi\u0107 na sobie jak prawid\u0142owo wykona\u0107 w trzech krokach makija\u017c, oczywi\u015bcie pod nadzorem specjalistek i przy wykorzystaniu kosmetyk\u00f3w Firmy AVON. Odby\u0142o si\u0119 te\u017c losowanie nagr\u00f3d, a tak\u017ce przekazano wszystkim informacj\u0119 o mo\u017cliwo\u015bci ta\u0144szego zakupu produkt\u00f3w firmowych.<\/p>\n<p>A same warsztaty? Uczestniczki twierdzi\u0142y, \u017ce prezentowany proces wykonywania makija\u017cu nie by\u0142 trudny, cho\u0107 pada\u0142o w trakcie wiele pyta\u0144. Efekty by\u0142y widoczne i czasami zaskakuj\u0105ce, ale zawsze na plus. Nowe do\u015bwiadczenia, zw\u0142aszcza we w\u0142a\u015bciwym prezentowaniu ju\u017c i tak posiadanej urody, s\u0105 zawsze wskazane i mo\u017ce uzupe\u0142ni\u0105 nawyki naszych Pa\u0144.<\/p>\n<p>W trakcie warsztat\u00f3w p. Emilia J\u00f3\u017awik zaprezentowa\u0142a r\u00f3wnie\u017c fotografie portretowe, kt\u00f3re zosta\u0142y przez ni\u0105 wykonane podczas II Sadowie\u0144skiego Forum Kobiet. Uzyska\u0142y one wysok\u0105 ocen\u0119 obecnych na Sali Pa\u0144.<\/p>\n<p><span style=\"color: #0000ff;\"><a style=\"color: #0000ff;\" href=\"https:\/\/photos.google.com\/share\/AF1QipPGZncDkEUq9JNf3IpfP16cm7gCU7Me4kffMlXx6Cp7cCtESafx8cdCPr2yiAfsCA?key=VnYyWGJlbnhveDA5VmhPU2hnMHVTLTloenZNTFNn\" target=\"_blank\" rel=\"noopener noreferrer\"><strong>Zdj\u0119cia w galerii Google&gt;&gt;&gt;<\/strong><\/a><\/span><\/p>\n<p><strong>Tekst\/foto:<\/strong> S\u0142awek Chyli\u0144ski<\/p>\n","protected":false},"excerpt":{"rendered":"<p>Uczestniczki bezp\u0142atnych warsztat\u00f3w makija\u017cu firmy AVON wysz\u0142y z nich zadowolone i troszk\u0119 \u201ezmienione\u201d.<\/p>\n","protected":false},"author":1,"featured_media":0,"comment_status":"closed","ping_status":"closed","sticky":false,"template":"","format":"standard","meta":{"footnotes":""},"categories":[5,91,6],"tags":[2799,169],"class_list":["post-18512","post","type-post","status-publish","format-standard","hentry","category-newsy","category-gminny-osrodek-kultury","category-kultura-rozrywka-edukacja","tag-bezplatne-warsztaty-makijazu-firmy-avon","tag-gminny-osrodek-kultury-w-sadownem"],"views":2407,"_links":{"self":[{"href":"http:\/\/info.sadowne.pl\/index.php?rest_route=\/wp\/v2\/posts\/18512","targetHints":{"allow":["GET"]}}],"collection":[{"href":"http:\/\/info.sadowne.pl\/index.php?rest_route=\/wp\/v2\/posts"}],"about":[{"href":"http:\/\/info.sadowne.pl\/index.php?rest_route=\/wp\/v2\/types\/post"}],"author":[{"embeddable":true,"href":"http:\/\/info.sadowne.pl\/index.php?rest_route=\/wp\/v2\/users\/1"}],"replies":[{"embeddable":true,"href":"http:\/\/info.sadowne.pl\/index.php?rest_route=%2Fwp%2Fv2%2Fcomments&post=18512"}],"version-history":[{"count":2,"href":"http:\/\/info.sadowne.pl\/index.php?rest_route=\/wp\/v2\/posts\/18512\/revisions"}],"predecessor-version":[{"id":18518,"href":"http:\/\/info.sadowne.pl\/index.php?rest_route=\/wp\/v2\/posts\/18512\/revisions\/18518"}],"wp:attachment":[{"href":"http:\/\/info.sadowne.pl\/index.php?rest_route=%2Fwp%2Fv2%2Fmedia&parent=18512"}],"wp:term":[{"taxonomy":"category","embeddable":true,"href":"http:\/\/info.sadowne.pl\/index.php?rest_route=%2Fwp%2Fv2%2Fcategories&post=18512"},{"taxonomy":"post_tag","embeddable":true,"href":"http:\/\/info.sadowne.pl\/index.php?rest_route=%2Fwp%2Fv2%2Ftags&post=18512"}],"curies":[{"name":"wp","href":"https:\/\/api.w.org\/{rel}","templated":true}]}}