{"id":18515,"date":"2018-05-18T11:56:19","date_gmt":"2018-05-18T09:56:19","guid":{"rendered":"http:\/\/info.sadowne.pl\/?p=18515"},"modified":"2018-05-18T11:56:19","modified_gmt":"2018-05-18T09:56:19","slug":"konkurs-im-k-makuszynskiego","status":"publish","type":"post","link":"http:\/\/info.sadowne.pl\/?p=18515","title":{"rendered":"Konkurs im. K. Makuszy\u0144skiego"},"content":{"rendered":"<p><strong><img loading=\"lazy\" decoding=\"async\" class=\"alignleft size-thumbnail wp-image-18516\" src=\"http:\/\/info.sadowne.pl\/wp-content\/uploads\/2018\/05\/2018.05.18.1-180x130.jpg\" alt=\"\" width=\"180\" height=\"130\" \/>18 maja w Gminnym O\u015brodku Kultury w Sadownem odby\u0142y si\u0119 gminne eliminacje XXXV Konkursu Recytatorskiego im. Kornela Makuszy\u0144skiego dla uczni\u00f3w szk\u00f3\u0142 podstawowych.<\/strong><!--more--><\/p>\n<p>Do etapu gminnego, po eliminacjach szkolnych, zg\u0142oszono 8. uczni\u00f3w (2 \u2013 kategoria klas I-III i 6 \u2013 kategoria klas IV-VI) ze szk\u00f3\u0142:<\/p>\n<p>\u2013 Szko\u0142a Podstawowa w Sadownem,<\/p>\n<p>\u2013 Niepubliczna Szko\u0142a Podstawowa w Orze\u0142ku.<\/p>\n<p>Uczniowie mieli za zadanie przygotowa\u0107 jeden wiersz i jeden fragment prozy dowolnego autora, a ich prezentacje oceniane by\u0142y przez Jury w sk\u0142adzie: pp. Anna Rukat \u2013 przewodnicz\u0105ca, Barbara Klimek i Magdalena Zy\u015bk. Eliminacje prowadzi\u0142 p. Sebastian Kowalczyk.<\/p>\n<p>Ostatecznie Jury wskaza\u0142o zwyci\u0119zc\u00f3w, bior\u0105c pod uwag\u0119 dob\u00f3r repertuaru, interpretacj\u0119 utwor\u00f3w, kultur\u0119 s\u0142owa oraz og\u00f3lny wyraz artystyczny:<\/p>\n<p><strong>w kategorii klas I-III<\/strong><\/p>\n<p>\u2013 I miejsce \u2013 Amelia Suska \u2013 Niepubliczna Szko\u0142a Podstawowa w Orze\u0142ku<\/p>\n<p>\u2013 II miejsce \u2013 Filip Ilczuk \u2013 Szko\u0142a Podstawowa w Sadownem<\/p>\n<p><strong>w kategorii klas IV-VI<\/strong><\/p>\n<p>\u2013 I miejsce \u2013 Patrycja Dobosz \u2013 Szko\u0142a Podstawowa w Sadownem<\/p>\n<p>\u2013 II miejsce \u2013 Zuzanna Gierej \u2013 Szko\u0142a Podstawowa w Sadownem<\/p>\n<p>\u2013 III miejsce \u2013 Kinga Rydzewska \u2013 Niepubliczna Szko\u0142a Podstawowa w Orze\u0142ku.<\/p>\n<p>Zwyci\u0119zcy otrzymali dyplomy i nagrody ksi\u0105\u017ckowe \u2013 b\u0119d\u0105 te\u017c reprezentowa\u0107 Nasz\u0105 Gmin\u0119 w eliminacjach powiatowych Konkursu, kt\u00f3re odb\u0119d\u0105 si\u0119 24 maja w W\u0119growskim O\u015brodku Kultury.<\/p>\n<p><strong>Gratulujemy laureatom i \u017cyczymy sukcesu na dalszych etapach tego Konkursu. <\/strong><\/p>\n<p><span style=\"color: #0000ff;\"><a style=\"color: #0000ff;\" href=\"https:\/\/photos.google.com\/share\/AF1QipNTJ21D1eBeb1n1HXM9BA6WUxWj1SRi2SX7dxtvhfUs_DrPLNHzgxFAZ6xa8FDqSQ?key=M0hmVUpOZnVyRDMxREd4OF9tQWJUV0FPS1JZcWln\" target=\"_blank\" rel=\"noopener noreferrer\"><strong>Zdj\u0119cia w galerii Google&gt;&gt;&gt;<\/strong><\/a><\/span><\/p>\n<p><strong>Tekst\/foto: <\/strong>S\u0142awek Chyli\u0144ski<\/p>\n","protected":false},"excerpt":{"rendered":"<p>18 maja w Gminnym O\u015brodku Kultury w Sadownem odby\u0142y si\u0119 gminne eliminacje XXXV Konkursu Recytatorskiego im. Kornela Makuszy\u0144skiego dla uczni\u00f3w szk\u00f3\u0142 podstawowych.<\/p>\n","protected":false},"author":1,"featured_media":0,"comment_status":"closed","ping_status":"closed","sticky":false,"template":"","format":"standard","meta":{"footnotes":""},"categories":[5,91,6],"tags":[1352,169],"class_list":["post-18515","post","type-post","status-publish","format-standard","hentry","category-newsy","category-gminny-osrodek-kultury","category-kultura-rozrywka-edukacja","tag-gminne-eliminacje-konkursu-recytatorskiego-k-makuszynskiego","tag-gminny-osrodek-kultury-w-sadownem"],"views":2369,"_links":{"self":[{"href":"http:\/\/info.sadowne.pl\/index.php?rest_route=\/wp\/v2\/posts\/18515","targetHints":{"allow":["GET"]}}],"collection":[{"href":"http:\/\/info.sadowne.pl\/index.php?rest_route=\/wp\/v2\/posts"}],"about":[{"href":"http:\/\/info.sadowne.pl\/index.php?rest_route=\/wp\/v2\/types\/post"}],"author":[{"embeddable":true,"href":"http:\/\/info.sadowne.pl\/index.php?rest_route=\/wp\/v2\/users\/1"}],"replies":[{"embeddable":true,"href":"http:\/\/info.sadowne.pl\/index.php?rest_route=%2Fwp%2Fv2%2Fcomments&post=18515"}],"version-history":[{"count":1,"href":"http:\/\/info.sadowne.pl\/index.php?rest_route=\/wp\/v2\/posts\/18515\/revisions"}],"predecessor-version":[{"id":18517,"href":"http:\/\/info.sadowne.pl\/index.php?rest_route=\/wp\/v2\/posts\/18515\/revisions\/18517"}],"wp:attachment":[{"href":"http:\/\/info.sadowne.pl\/index.php?rest_route=%2Fwp%2Fv2%2Fmedia&parent=18515"}],"wp:term":[{"taxonomy":"category","embeddable":true,"href":"http:\/\/info.sadowne.pl\/index.php?rest_route=%2Fwp%2Fv2%2Fcategories&post=18515"},{"taxonomy":"post_tag","embeddable":true,"href":"http:\/\/info.sadowne.pl\/index.php?rest_route=%2Fwp%2Fv2%2Ftags&post=18515"}],"curies":[{"name":"wp","href":"https:\/\/api.w.org\/{rel}","templated":true}]}}