{"id":18540,"date":"2018-05-23T21:31:26","date_gmt":"2018-05-23T19:31:26","guid":{"rendered":"http:\/\/info.sadowne.pl\/?p=18540"},"modified":"2018-05-23T21:31:26","modified_gmt":"2018-05-23T19:31:26","slug":"odbyly-sie-prezentacje","status":"publish","type":"post","link":"http:\/\/info.sadowne.pl\/?p=18540","title":{"rendered":"Odby\u0142y si\u0119 prezentacje"},"content":{"rendered":"<p><strong><img loading=\"lazy\" decoding=\"async\" class=\"alignleft size-thumbnail wp-image-18541\" src=\"http:\/\/info.sadowne.pl\/wp-content\/uploads\/2018\/05\/2018.05.23.1-180x130.jpg\" alt=\"\" width=\"180\" height=\"130\" \/>23 maja w W\u0119growie odby\u0142 si\u0119 II Przegl\u0105d dorobku artystycznego szk\u00f3\u0142 ponadgimnazjalnych prowadzonych przez Powiat W\u0119growski.<\/strong><!--more--><\/p>\n<p>Ju\u017c po raz drugi na scenie W\u0119growskiego O\u015brodka Kultury odby\u0142y si\u0119 prezentacje artystyczne szk\u00f3\u0142 ponadgimnazjalnych naszego powiatu. Widzowie obejrzeli wyst\u0119py szk\u00f3\u0142 w kolejno\u015bci: Zesp\u00f3\u0142 Szk\u00f3\u0142 Ponadgimnazjalnych im. Jana Kochanowskiego w W\u0119growie, I Liceum Og\u00f3lnokszta\u0142c\u0105ce im. Adama Mickiewicza w W\u0119growie, Zesp\u00f3\u0142 Szk\u00f3\u0142 Ponadgimnazjalnych w Sadownem i Zesp\u00f3\u0142 Szk\u00f3\u0142 Ponadgimnazjalnych w \u0141ochowie.<\/p>\n<p>Wyst\u0119p sadowie\u0144skich uczni\u00f3w zosta\u0142 przez nich przygotowany wsp\u00f3lnie z pedagogami: p. Kamilem Kie\u0142kiem i p. Mariuszem W\u00f3jcikiem. Podzi\u0119kowanie za wyst\u0119p w imieniu ZSP Sadowne odebra\u0142 obecny na Gali Dyrektor p. S\u0142awomir Ryszawa.<\/p>\n<p>Jak przebiega\u0142a Gala? Zobaczmy\u2026<\/p>\n<p><span style=\"color: #0000ff;\"><a style=\"color: #0000ff;\" href=\"https:\/\/photos.google.com\/share\/AF1QipOgRxV1XD7rC9NMIHTi6xrA9qqobosDjt269z-uTXwO6MSKcyqP-vJEfI96JWu1Hw?key=NV9wMkRNekFOaHlHbXJZMnV3NFFmV1VnSVItSUNR\" target=\"_blank\" rel=\"noopener noreferrer\"><strong>Zdj\u0119cia w galerii Google&gt;&gt;&gt;<\/strong><\/a><\/span><\/p>\n<p><strong>Tekst\/foto:<\/strong> S\u0142awek Chyli\u0144ski<\/p>\n","protected":false},"excerpt":{"rendered":"<p>23 maja w W\u0119growie odby\u0142 si\u0119 II Przegl\u0105d dorobku artystycznego szk\u00f3\u0142 ponadgimnazjalnych prowadzonych przez Powiat W\u0119growski.<\/p>\n","protected":false},"author":1,"featured_media":0,"comment_status":"closed","ping_status":"closed","sticky":false,"template":"","format":"standard","meta":{"footnotes":""},"categories":[5,1752,85],"tags":[2807,182],"class_list":["post-18540","post","type-post","status-publish","format-standard","hentry","category-newsy","category-edukacja","category-zsp","tag-ii-przeglad-dorobku-artystycznego-szkol-ponadgimnazjalnych","tag-zespol-szkol-ponadgimnazjalnych-w-sadownem"],"views":2675,"_links":{"self":[{"href":"http:\/\/info.sadowne.pl\/index.php?rest_route=\/wp\/v2\/posts\/18540","targetHints":{"allow":["GET"]}}],"collection":[{"href":"http:\/\/info.sadowne.pl\/index.php?rest_route=\/wp\/v2\/posts"}],"about":[{"href":"http:\/\/info.sadowne.pl\/index.php?rest_route=\/wp\/v2\/types\/post"}],"author":[{"embeddable":true,"href":"http:\/\/info.sadowne.pl\/index.php?rest_route=\/wp\/v2\/users\/1"}],"replies":[{"embeddable":true,"href":"http:\/\/info.sadowne.pl\/index.php?rest_route=%2Fwp%2Fv2%2Fcomments&post=18540"}],"version-history":[{"count":1,"href":"http:\/\/info.sadowne.pl\/index.php?rest_route=\/wp\/v2\/posts\/18540\/revisions"}],"predecessor-version":[{"id":18542,"href":"http:\/\/info.sadowne.pl\/index.php?rest_route=\/wp\/v2\/posts\/18540\/revisions\/18542"}],"wp:attachment":[{"href":"http:\/\/info.sadowne.pl\/index.php?rest_route=%2Fwp%2Fv2%2Fmedia&parent=18540"}],"wp:term":[{"taxonomy":"category","embeddable":true,"href":"http:\/\/info.sadowne.pl\/index.php?rest_route=%2Fwp%2Fv2%2Fcategories&post=18540"},{"taxonomy":"post_tag","embeddable":true,"href":"http:\/\/info.sadowne.pl\/index.php?rest_route=%2Fwp%2Fv2%2Ftags&post=18540"}],"curies":[{"name":"wp","href":"https:\/\/api.w.org\/{rel}","templated":true}]}}