{"id":18579,"date":"2018-05-29T16:03:25","date_gmt":"2018-05-29T14:03:25","guid":{"rendered":"http:\/\/info.sadowne.pl\/?p=18579"},"modified":"2018-05-29T16:03:25","modified_gmt":"2018-05-29T14:03:25","slug":"uroczysty-dzien-w-grabinach","status":"publish","type":"post","link":"http:\/\/info.sadowne.pl\/?p=18579","title":{"rendered":"\u201eUroczysty Dzie\u0144\u201d w Grabinach"},"content":{"rendered":"<p><strong><img loading=\"lazy\" decoding=\"async\" class=\"alignleft size-thumbnail wp-image-18580\" src=\"http:\/\/info.sadowne.pl\/wp-content\/uploads\/2018\/05\/2018.05.29.1-180x130.jpg\" alt=\"\" width=\"180\" height=\"130\" \/>Konkursowo, nastrojowo, \u015bwi\u0105tecznie. Tak by\u0142o 29 maja w Grabinach.<\/strong><!--more--><\/p>\n<p>Od samego rana da\u0142o si\u0119 odczu\u0107 \u015bwi\u0105teczny nastr\u00f3j w Zespole Szkolno \u2013 Przedszkolnym w Grabinach. Ju\u017c rok temu, podczas nadania miejscowej Szkole Podstawowej imienia ks. Jana Twardowskiego, obiecano, \u017ce zostanie zorganizowany w tej szkole konkurs recytatorski poezji ks. Twardowskiego. Co planowano, to i zrobiono.<\/p>\n<p>W\u0142a\u015bnie tu 29 maja odby\u0142 si\u0119 I Gminny Konkurs Recytatorski \u201eW kr\u0119gu poezji ksi\u0119dza Jana Twardowskiego\u201d. Aby jego przebieg by\u0142 godny i dostojny, przes\u0142uchania uczestnik\u00f3w konkursu przeprowadzono w Kaplicy p.w. NMP w Zarzetce. Do udzia\u0142u w nim zg\u0142osi\u0142o si\u0119 34. uczni\u00f3w ze szk\u00f3\u0142 gminy Sadowne, a ich wyst\u0119py oceni\u0142a Komisja w sk\u0142adzie: p. Ewa Pi\u00f3rkowska \u2013 przewodnicz\u0105ca oraz cz\u0142onkowie: p. Waldemar Cyran, p. Anna Rukat, p. Katarzyna Kalbarczyk i p. Jadwiga Gutowska.<\/p>\n<p>Ostatecznie wy\u0142oniono zwyci\u0119zc\u00f3w w trzech kategoriach wiekowych:<\/p>\n<p><strong>Klasy I-III szko\u0142y podstawowej (9 uczestnik\u00f3w)<\/strong><\/p>\n<p>I miejsce \u2013 Amelia Suska \u2013 NSP w Orze\u0142ku<\/p>\n<p>II miejsce \u2013 Emilia Kania \u2013 NSP w Orze\u0142ku<\/p>\n<p>III miejsce \u2013 Karolina Rybczy\u0144ska \u2013 ZS-P w Grabinach<\/p>\n<p><strong>Klasy IV-VI szko\u0142y podstawowej (13 uczestnik\u00f3w)<\/strong><\/p>\n<p>I miejsce \u2013 Kinga Rydzewska \u2013 NSP w Orze\u0142ku<\/p>\n<p>II miejsce \u2013 Zuzanna Gierej \u2013 SP Sadowne<\/p>\n<p>III miejsce \u2013 Dawid Sobolewski \u2013 NSP w Ko\u0142odzi\u0105\u017cu<\/p>\n<p><strong>Klasa VII \u2013 klasy II-III gimnazjum (12 uczestnik\u00f3w)<\/strong><\/p>\n<p>I miejsce \u2013 Aleksandra Pu\u015bcion \u2013 Gimnazjum Sadowne<\/p>\n<p>II miejsce \u2013 Iga K\u0142\u00f3sek \u2013 Gimnazjum Sadowne<\/p>\n<p>III miejsce \u2013 Aleksandra Sobolewska \u2013 kl. VII NSP w Ko\u0142odzi\u0105\u017cu<\/p>\n<p>Zwyci\u0119zcy Konkursu otrzymaj\u0105 nagrody podczas obchod\u00f3w Dnia Patrona Szko\u0142y Podstawowej w Grabinach, kt\u00f3re odb\u0119d\u0105 si\u0119 8 czerwca br.<\/p>\n<p>W drugiej cz\u0119\u015bci \u201eDnia w Grabinach\u201d dzieciaki z miejscowej Szko\u0142y przygotowa\u0142y uroczysto\u015b\u0107 na cze\u015b\u0107 swoich Mam i Tatusi\u00f3w, kt\u00f3rzy wkr\u00f3tce b\u0119d\u0105 obchodzi\u0107 swoje oficjalne \u015bwi\u0119ta. By\u0142o oczywi\u015bcie mn\u00f3stwo \u017cycze\u0144, kt\u00f3re na pocz\u0105tku uroczysto\u015bci w imieniu dzieci i pedagog\u00f3w przekaza\u0142a przyby\u0142ym rodzicom p. Dyrektor Szko\u0142y \u2013 Alina Lipka-Chudzik. Dzieciaki popisa\u0142y si\u0119 wierszami i piosenkami, wchodz\u0105cymi w sk\u0142ad inscenizacji, a na koniec \u2013 osobiste \u017cyczenia i w\u0142asnor\u0119cznie wykonane drobne prezenty od dzieci dla rodzic\u00f3w oraz\u2026 s\u0142odki pocz\u0119stunek i pogaw\u0119dki.<\/p>\n<p>By\u0142 to wspania\u0142y dzie\u0144. Uroczysto\u015bci przygotowane \u015bwietnie \u2013 uczestnicy nie kryli zainteresowania i \u201e\u0142ezki w oku\u201d, zw\u0142aszcza na wyst\u0119pach swoich pociech. Zobaczmy to\u2026<\/p>\n<p><span style=\"color: #0000ff;\"><a style=\"color: #0000ff;\" href=\"https:\/\/photos.google.com\/share\/AF1QipP5RAnA6mm6UOnCr78U77lbd4e8xlJ-WElumomTmtZ0ITaoOvDN0gnLi_AgNaXaDA?key=WmFIVFV4c3VOaldEbGJjOTZMZVV0NFVPVEVaX0Rn\" target=\"_blank\" rel=\"noopener noreferrer\"><strong>Zdj\u0119cia w galerii Google&gt;&gt;&gt;<\/strong><\/a><\/span><\/p>\n<p><strong>Tekst\/foto:<\/strong> S\u0142awek Chyli\u0144ski<\/p>\n","protected":false},"excerpt":{"rendered":"<p>Konkursowo, nastrojowo, \u015bwi\u0105tecznie. Tak by\u0142o 29 maja w Grabinach.<\/p>\n","protected":false},"author":1,"featured_media":0,"comment_status":"closed","ping_status":"closed","sticky":false,"template":"","format":"standard","meta":{"footnotes":""},"categories":[5,1752,1120],"tags":[2810,2811,2798,2289],"class_list":["post-18579","post","type-post","status-publish","format-standard","hentry","category-newsy","category-edukacja","category-zespol-szkolno-przedszkolny-w-grabinach","tag-alina-lipka-chudzik","tag-dzien-matki-i-dzien-ojca-w-grabinach","tag-gminny-konkurs-recytatorski-w-kregu-poezji-ksiedza-jana-twardowskiego","tag-zespol-szkolno-przedszkolny-w-grabinach"],"views":3216,"_links":{"self":[{"href":"http:\/\/info.sadowne.pl\/index.php?rest_route=\/wp\/v2\/posts\/18579","targetHints":{"allow":["GET"]}}],"collection":[{"href":"http:\/\/info.sadowne.pl\/index.php?rest_route=\/wp\/v2\/posts"}],"about":[{"href":"http:\/\/info.sadowne.pl\/index.php?rest_route=\/wp\/v2\/types\/post"}],"author":[{"embeddable":true,"href":"http:\/\/info.sadowne.pl\/index.php?rest_route=\/wp\/v2\/users\/1"}],"replies":[{"embeddable":true,"href":"http:\/\/info.sadowne.pl\/index.php?rest_route=%2Fwp%2Fv2%2Fcomments&post=18579"}],"version-history":[{"count":1,"href":"http:\/\/info.sadowne.pl\/index.php?rest_route=\/wp\/v2\/posts\/18579\/revisions"}],"predecessor-version":[{"id":18581,"href":"http:\/\/info.sadowne.pl\/index.php?rest_route=\/wp\/v2\/posts\/18579\/revisions\/18581"}],"wp:attachment":[{"href":"http:\/\/info.sadowne.pl\/index.php?rest_route=%2Fwp%2Fv2%2Fmedia&parent=18579"}],"wp:term":[{"taxonomy":"category","embeddable":true,"href":"http:\/\/info.sadowne.pl\/index.php?rest_route=%2Fwp%2Fv2%2Fcategories&post=18579"},{"taxonomy":"post_tag","embeddable":true,"href":"http:\/\/info.sadowne.pl\/index.php?rest_route=%2Fwp%2Fv2%2Ftags&post=18579"}],"curies":[{"name":"wp","href":"https:\/\/api.w.org\/{rel}","templated":true}]}}