{"id":18605,"date":"2018-06-03T21:09:11","date_gmt":"2018-06-03T19:09:11","guid":{"rendered":"http:\/\/info.sadowne.pl\/?p=18605"},"modified":"2018-06-03T21:09:11","modified_gmt":"2018-06-03T19:09:11","slug":"piknik-rodzinny-2","status":"publish","type":"post","link":"http:\/\/info.sadowne.pl\/?p=18605","title":{"rendered":"Piknik Rodzinny"},"content":{"rendered":"<p><strong><img loading=\"lazy\" decoding=\"async\" class=\"alignleft size-thumbnail wp-image-18606\" src=\"http:\/\/info.sadowne.pl\/wp-content\/uploads\/2018\/06\/2018.06.03.1-180x130.jpg\" alt=\"\" width=\"180\" height=\"130\" \/>Pocz\u0105tek czerwca i Dzie\u0144 Dziecka, ale te\u017c z tej okazji tradycyjny Piknik Rodzinny w Sadownem.<\/strong><!--more--><\/p>\n<p>W niedzielne po\u0142udnie 3 czerwca pod has\u0142em \u201eRodzinnie, zdrowo i sportowo\u201d wystartowa\u0142 Piknik Rodzinny w Sadownem, kt\u00f3rego organizatorami byli: W\u00f3jt Gminy Sadowne, Gminna Komisja Rozwi\u0105zywania Problem\u00f3w Alkoholowych w Sadownem i Gminny O\u015brodek Kultury w Sadownem.<\/p>\n<p>Go\u015bci w imieniu Organizator\u00f3w w Gminnej Hali Sportowej powita\u0142a p. Ewa Pi\u00f3rkowska, p. Waldemar Cyran oraz go\u015b\u0107 spotkania \u2013 p. Marsza\u0142ek El\u017cbieta Lanc, po czym odby\u0142a si\u0119 cz\u0119\u015b\u0107 artystyczna. Widz\u00f3w bawi\u0142o \u201eStudio Ta\u0144ca Fen\u201d ze Szko\u0142y Podstawowej w Sadownem i Grupa Teatralna Gminnego O\u015brodka Kultury w Sadownem, kt\u00f3ra zaprezentowa\u0142a dwa przedstawienia: \u201eNie czy\u0144 drugiemu, co tobie niemi\u0142e\u201d oraz \u201eZnikni\u0119cie bajek\u201d. Przedstawiciele zaproszonej na Piknik Fundacji \u201eJak Piez z Kotem\u201d og\u0142osili wyniki og\u0142oszonego wcze\u015bniej konkursu plastycznego pt. \u201eZwierz\u0119cy przyjaciel \u2013 przyjemno\u015b\u0107 i obowi\u0105zek\u201d, wr\u0119czyli nagrody jego laureatom i uczestnikom, a tak\u017ce przeprowadzili pogadank\u0119 tematyczn\u0105 o opiece nad zwierz\u0119tami i zaprezentowali umiej\u0119tno\u015bci swoich czworono\u017cnych przyjaci\u00f3\u0142, kt\u00f3rzy towarzyszyli im na tym spotkaniu.<\/p>\n<p>W drugiej cz\u0119\u015bci Pikniku na jego uczestnik\u00f3w czeka\u0142o wiele atrakcji, ale ju\u017c na \u015bwie\u017cym powietrzu. Odby\u0142 si\u0119 III bieg dla dzieci \u201eBiegam bo lubi\u0119\u201d, spartakiada rodzinna, w kt\u00f3rej dominowa\u0142a rodzina Ardzi\u0144skich, a tak\u017ce odby\u0142y si\u0119 zawody M\u0142odzie\u017cowych Dru\u017cyn Po\u017carniczych, w kt\u00f3rych bezkonkurencyjna by\u0142a dru\u017cyna OSP Zalesie, a tu\u017c za ni\u0105 sklasyfikowano Sadowne, a na trzecim miejscu Zieleniec. Zwyci\u0119zc\u00f3w zawod\u00f3w sportowych Organizatorzy nagrodzili pucharami, dyplomami i nagrodami rzeczowymi.<\/p>\n<p>Du\u017cym powodzeniem cieszy\u0142y si\u0119 te\u017c specjalne atrakcje dla dzieci w postaci placu zabaw, zje\u017cd\u017calni, \u0142\u00f3deczek i innych, ale te\u017c r\u00f3\u017cnego rodzaju stoiska np. Gminnego O\u015brodka Kultury, Technikum Gastronomicznego, Szkolnego Ko\u0142a Wolontariatu, Gminnej Komisji Rozwi\u0105zywania Problem\u00f3w Alkoholowych czy Fundacji \u201eJak Pies z Kotem\u201d. Organizatorzy nie zapomnieli te\u017c o ciep\u0142ych pocz\u0119stunkach i\u2026 lodach, bo przecie\u017c by\u0142 upa\u0142.<\/p>\n<p>Zabawa by\u0142a \u015bwietna, prawie do wieczora. A wszystko to dzi\u0119ki wspomnianym na pocz\u0105tku Organizatorom imprezy oraz wsp\u00f3\u0142dzia\u0142aj\u0105cym z nimi plac\u00f3wkami o\u015bwiatowymi gminy Sadowne: ZSP w Sadownem, Gimnazjum w Sadownem i szko\u0142ami podstawowymi, a tak\u017ce gminnymi Jednostkami OSP.<\/p>\n<p>Dzi\u0119kujemy za wspania\u0142\u0105 zabaw\u0119, a w imieniu Organizator\u00f3w zapraszamy ju\u017c za rok.<\/p>\n<p><span style=\"color: #0000ff;\"><a style=\"color: #0000ff;\" href=\"https:\/\/photos.google.com\/share\/AF1QipM1Ozy_MC3Wp6zJfYblLymm335xJt4gvABoDXKfItloY5g2pXWyd13E8JjFJS2wLg?key=QjBaNE5BVVdHSTVubzM2aXB3UkxGRG4zNWRvZDBn\" target=\"_blank\" rel=\"noopener noreferrer\"><strong>Zdj\u0119cia w galerii Google&gt;&gt;&gt;<\/strong><\/a><\/span><\/p>\n<p><strong>Tekst\/foto:<\/strong> S\u0142awek Chyli\u0144ski<\/p>\n","protected":false},"excerpt":{"rendered":"<p>Pocz\u0105tek czerwca i Dzie\u0144 Dziecka, ale te\u017c z tej okazji tradycyjny Piknik Rodzinny w Sadownem.<\/p>\n","protected":false},"author":1,"featured_media":0,"comment_status":"closed","ping_status":"closed","sticky":false,"template":"","format":"standard","meta":{"footnotes":""},"categories":[5,91,6],"tags":[169,731],"class_list":["post-18605","post","type-post","status-publish","format-standard","hentry","category-newsy","category-gminny-osrodek-kultury","category-kultura-rozrywka-edukacja","tag-gminny-osrodek-kultury-w-sadownem","tag-piknik-rodzinny-w-sadownem"],"views":3013,"_links":{"self":[{"href":"http:\/\/info.sadowne.pl\/index.php?rest_route=\/wp\/v2\/posts\/18605","targetHints":{"allow":["GET"]}}],"collection":[{"href":"http:\/\/info.sadowne.pl\/index.php?rest_route=\/wp\/v2\/posts"}],"about":[{"href":"http:\/\/info.sadowne.pl\/index.php?rest_route=\/wp\/v2\/types\/post"}],"author":[{"embeddable":true,"href":"http:\/\/info.sadowne.pl\/index.php?rest_route=\/wp\/v2\/users\/1"}],"replies":[{"embeddable":true,"href":"http:\/\/info.sadowne.pl\/index.php?rest_route=%2Fwp%2Fv2%2Fcomments&post=18605"}],"version-history":[{"count":1,"href":"http:\/\/info.sadowne.pl\/index.php?rest_route=\/wp\/v2\/posts\/18605\/revisions"}],"predecessor-version":[{"id":18607,"href":"http:\/\/info.sadowne.pl\/index.php?rest_route=\/wp\/v2\/posts\/18605\/revisions\/18607"}],"wp:attachment":[{"href":"http:\/\/info.sadowne.pl\/index.php?rest_route=%2Fwp%2Fv2%2Fmedia&parent=18605"}],"wp:term":[{"taxonomy":"category","embeddable":true,"href":"http:\/\/info.sadowne.pl\/index.php?rest_route=%2Fwp%2Fv2%2Fcategories&post=18605"},{"taxonomy":"post_tag","embeddable":true,"href":"http:\/\/info.sadowne.pl\/index.php?rest_route=%2Fwp%2Fv2%2Ftags&post=18605"}],"curies":[{"name":"wp","href":"https:\/\/api.w.org\/{rel}","templated":true}]}}