{"id":18636,"date":"2018-06-08T17:03:29","date_gmt":"2018-06-08T15:03:29","guid":{"rendered":"http:\/\/info.sadowne.pl\/?p=18636"},"modified":"2018-06-09T10:10:16","modified_gmt":"2018-06-09T08:10:16","slug":"dzien-patrona-w-grabinach","status":"publish","type":"post","link":"http:\/\/info.sadowne.pl\/?p=18636","title":{"rendered":"Dzie\u0144 Patrona w Grabinach"},"content":{"rendered":"<p><strong><img loading=\"lazy\" decoding=\"async\" class=\"alignleft size-thumbnail wp-image-18637\" src=\"http:\/\/info.sadowne.pl\/wp-content\/uploads\/2018\/06\/2018.06.08.1-180x130.jpg\" alt=\"\" width=\"180\" height=\"130\" \/>W rok po nadaniu imienia ks. Jana Twardowskiego Szkole Podstawowej w Grabinach po raz pierwszy obchodzono tu Dzie\u0144 Patrona.<\/strong><!--more--><\/p>\n<p>8 czerwca uroczysto\u015bci w Grabinach rozpocz\u0119to msz\u0105 \u015bw. w Kaplicy w Zarzetce, kt\u00f3r\u0105 celebrowa\u0142 ks. Stanis\u0142aw Wojciechowski, po czym uczestnicy w zorganizowanym korowodzie przemaszerowali do budynku Zespo\u0142u Szkolno \u2013 Przedszkolnego w Grabinach.<\/p>\n<p>Drug\u0105 cz\u0119\u015b\u0107 uroczysto\u015bci rozpocz\u0119to wprowadzeniem pocztu sztandarowego i od\u015bpiewaniem hymnu pa\u0144stwowego. Dyrektor Szko\u0142y p. Alina Lipka \u2013 Chudzik powita\u0142a przyby\u0142ych go\u015bci: p. Waldemara Cyrana \u2013 W\u00f3jta Gminy Sadowne, p. Piotra Olkowskiego \u2013 przewodnicz\u0105cego Rady Gminy, p. Ann\u0119 Rukat \u2013 Skarbnika Gminy Sadowne, p. Katarzyn\u0119 Kalbarczyk \u2013 inspektora ds. O\u015bwiaty, p. Ew\u0119 Pi\u00f3rkowsk\u0105 \u2013 Dyrektora Gminnego O\u015brodka Kultury w Sadownem, p. Jadwig\u0119 Gutowsk\u0105 \u2013 kierownika Gminnego O\u015brodka Pomocy Spo\u0142ecznej oraz p. Barbar\u0119 Bursztynowicz \u2013 aktork\u0119, blisk\u0105 znajoma ksi\u0119dza Jana Twardowskiego, a tak\u017ce: dyrektor\u00f3w szk\u00f3\u0142 i przedszkoli, so\u0142tys\u00f3w, przedstawicieli Ochotniczej Stra\u017cy Po\u017carnej w Zalesiu, p. Krzysztofa Kalbarczyka &#8211; przedstawiciela Ko\u0142a \u0141owieckiego Lot, emerytowanych nauczycieli i pracownik\u00f3w, rodzic\u00f3w z przewodnicz\u0105c\u0105 Rady Rodzic\u00f3w p. Ann\u0105 So\u0142tysiak, pracownik\u00f3w szko\u0142y i przedszkola, wszystkich uczni\u00f3w, zaproszonych go\u015bci,p. S\u0142awomira Chyli\u0144skiego &#8211; administratora Info Sadowne i wszystkich, kt\u00f3rzy przybyli na t\u0119 uroczysto\u015b\u0107.<\/p>\n<p>I wst\u0119p, zacytujemy tu p. Dyrektor:<\/p>\n<p><em>Dostojni go\u015bcie, przyjaciele ksi\u0119dza Twardowskiego, drodzy rodzice, nauczyciele i uczniowie. Dzie\u0144 9 czerwca 2017 roku przeszed\u0142 do historii naszej szko\u0142y. Dzisiaj mija rok odk\u0105d nasza szko\u0142a nosi imi\u0119 ksi\u0119dza Jana Twardowskiego, poety, nauczyciela, o kt\u00f3rym \u015bwi\u0119ty Jan Pawe\u0142 II m\u00f3wi\u0142: \u201eTylko On jeden tak pisze i przez swoj\u0105 poezj\u0119 prowadzi ludzi do Boga\u201d.<\/em><\/p>\n<p><em>Jeste\u015bmy dumni, \u017ce taka szlachetna posta\u0107 widnieje w na naszym sztandarze. Patron, to bardzo wa\u017cna posta\u0107. Wok\u00f3\u0142 niej buduje si\u0119 tradycja. Posta\u0107 ta wprowadza uczni\u00f3w w \u015bwiat warto\u015bci.<\/em><\/p>\n<p><em>Czujemy si\u0119 zobowi\u0105zani do czerpania nauki p\u0142yn\u0105cej z m\u0105dro\u015bci ksi\u0119dza Jana, cz\u0142owieka niezwyk\u0142ego, skromnego i dobrego, kt\u00f3ry pokaza\u0142 nam, \u017ce mi\u0142o\u015b\u0107 do bli\u017aniego, przyrody i Boga s\u0105 najpi\u0119kniejsze. Aby w pe\u0142ni zrozumie\u0107 filozofi\u0119 \u017cycia w tym roku szkolnym rozpocz\u0119li\u015bmy w\u0119dr\u00f3wk\u0119 \u015bladami naszego patrona. Dzi\u0119ki uprzejmo\u015bci organisty pana Tadeusza Olszewskiego zwiedzili\u015bmy mieszkanie ksi\u0119dza Jana w Warszawie. Zachwyci\u0142a nas jego prostota i skromno\u015b\u0107. Cieszymy si\u0119 r\u00f3wnie\u017c, \u017ce udaje nam si\u0119 go\u015bci\u0107 w\u015br\u00f3d nas osoby, kt\u00f3re na swojej drodze pozna\u0142y osobi\u015bcie ksi\u0119dza Jana. Przypomn\u0119, \u017ce w zesz\u0142ym roku by\u0142 to p. Tadeusz Olszewski i pani Teresa Lipowska. Dzisiaj liczymy, \u017ce kolejne ciekawostki o naszym patronie przeka\u017ce nam nasz honorowy go\u015b\u0107 \u2013 pani Barbara Bursztynowicz. <\/em><\/p>\n<p><em>Zorganizowali\u015bmy te\u017c konkurs recytatorski poezji ksi\u0119dza Jana i zach\u0119cili\u015bmy uczni\u00f3w do plastycznej interpretacji Jego wierszy.<\/em><\/p>\n<p><em>Dzi\u015b nagrodzimy zwyci\u0119zc\u00f3w, wys\u0142uchamy wzorowej recytacji, a prace plastyczne wykonane przez naszych uczni\u00f3w mo\u017cna obejrze\u0107 na korytarzu szkolnym.<\/em><\/p>\n<p><em>My\u015bl\u0119, \u017ce kolejne rocznice stworz\u0105 okazj\u0119 do poszerzenia wiedzy o ksi\u0119dzu Twardowskim.<\/em><\/p>\n<p><em>Chcia\u0142abym nadmieni\u0107, \u017ce ulubionym miejscem wakacyjnego wypoczynku ksi\u0119dza Jana by\u0142o Loretto i pobliski Kamie\u0144czyk. Poeta odnalaz\u0142 tam wszystko, co by\u0142o mu najbli\u017csze \u2013 las, spok\u00f3j i cisz\u0119. Tu powsta\u0142y wiersze, kt\u00f3re z\u0142o\u017cy\u0142y si\u0119 na tom \u201eNiebieskie okulary\u201d oraz \u201eNa osio\u0142ku\u201d.<\/em><\/p>\n<p><em>My\u015bl\u0119, \u017ce w najbli\u017cszej przysz\u0142o\u015bci postaramy si\u0119 w\u0142a\u015bnie tam poszuka\u0107 \u015blad\u00f3w naszego patrona.<\/em><\/p>\n<p>Nast\u0119pnie g\u0142os zabrali zaproszeni go\u015bcie: p. Waldemar Cyran i p. Barbara Bursztynowicz, kt\u00f3ra mia\u0142a przyjemno\u015b\u0107 osobi\u015bcie pozna\u0107 ks. Twardowskiego, a tak\u017ce wr\u0119czono nagrody zwyci\u0119zcom konkurs\u00f3w przeprowadzonych w Szkole i zwi\u0105zanych z postaci\u0105 Patrona &#8211; przeprowadzono dwa konkursy szkolne i jeden gminny, kt\u00f3ry dzi\u0119ki uprzejmo\u015bci ksi\u0119dza proboszcza odby\u0142 si\u0119 w pobliskiej kaplicy.<\/p>\n<p>Na pocz\u0105tku p. Anna Rukat wr\u0119czy\u0142a nagrody zwyci\u0119zcom szkolnego konkursu dotycz\u0105cego plastycznej interpretacji wierszy:<\/p>\n<p><strong>I kategoria &#8211; przedszkole i oddzia\u0142 \u201e0\u201d<\/strong><\/p>\n<p>I miejsce &#8211; Julia Kowalczyk<\/p>\n<p>II miejsce &#8211; Anto\u015b Perzyna<\/p>\n<p>Wyr\u00f3\u017cnienia: Kuba Koro\u015b, Zosia Bek, Piotrek Pu\u015bcion, Ola W\u00f3jcik<\/p>\n<p><strong>II kategoria &#8211; klasy I \u2013 III<\/strong><\/p>\n<p>I miejsce &#8211; Oliwka Krupa, Micha\u0142 Drelich<\/p>\n<p>II miejsce &#8211; Karolina Rybczy\u0144ska<\/p>\n<p>III miejsce &#8211; Maja Durska<\/p>\n<p>Wyr\u00f3\u017cnienia: Filip Gurgul, Kacper Kiko\u0142a<\/p>\n<p><strong>III kategoria &#8211; klasy IV &#8211; VII<\/strong><\/p>\n<p>I miejsce &#8211; Aleksandra Ko\u015bciesza<\/p>\n<p>II miejsce &#8211; Alicja Sobolewska<\/p>\n<p>III miejsce &#8211; Dawid trojan<\/p>\n<p>Wyr\u00f3\u017cnienia: Micha\u0142 Podle\u015b<\/p>\n<p>Kolejne nagrody wr\u0119czy\u0142a p. Barbara Bursztynowicz zwyci\u0119zcom konkursu recytatorskiego przeprowadzonego na etapie szkolnym:<\/p>\n<p><strong>I kategoria &#8211; dzieci m\u0142odsze<\/strong><\/p>\n<p>I miejsce &#8211; Karolina Rybczy\u0144ska<\/p>\n<p>II miejsce &#8211; Patrycja Pu\u015bcion<\/p>\n<p>III miejsce &#8211; Micha\u0142 Drelich<\/p>\n<p>Wyr\u00f3\u017cnienia: Maja Zarzycka, Piotru\u015b Puscion<\/p>\n<p><strong>II kategoria &#8211; klasy IV &#8211; VI<\/strong><\/p>\n<p>I miejsce &#8211; Zosia So\u0142tysiak, \u0141ukasz Zi\u00f3\u0142kowski<\/p>\n<p>II miejsce &#8211; Dawid Trojan<\/p>\n<p>III miejsce &#8211; Krystian Szcz\u0119sny<\/p>\n<p>Wyr\u00f3\u017cnienia: Sylwia Wikie\u0142<\/p>\n<p><strong>III kategoria &#8211; klasa VII i klasy II &#8211; III Gimnazjum<\/strong><\/p>\n<p>I miejsce &#8211; Magdalena Sawicka<\/p>\n<p>II miejsce &#8211; Marcin Rusiniak<\/p>\n<p>III miejsce &#8211; Magda Zi\u00f3\u0142kowska<\/p>\n<p>Nagrody laureatom etapu gminnego konkursu recytatorskiego wr\u0119czyli: p. Waldemar Cyran i p. Ewa Pi\u00f3rkowska:<\/p>\n<p><strong>I kategoria &#8211; klasy I &#8211; III<\/strong><\/p>\n<p>I miejsce &#8211; <strong>Amelia Suska,<\/strong> Niepubliczna Szko\u0142a Podstawowa w Orze\u0142ku<\/p>\n<p>II miejsce &#8211; <strong>Emilia Kania, <\/strong>Niepubliczna Szko\u0142a Podstawowa w Orze\u0142ku<\/p>\n<p>III miejsce &#8211; <strong>Karolina Rybczy\u0144ska,<\/strong> Szko\u0142a Podstawowa w Grabinach<\/p>\n<p><strong>II kategoria &#8211; klasy IV &#8211; VI<\/strong><\/p>\n<p>I miejsce &#8211; <strong>Kinga Rydzewska<\/strong>, Niepubliczna Szko\u0142a Podstawowa w Orze\u0142ku<\/p>\n<p>II miejsce &#8211; <strong>Zuzanna Gierej, <\/strong>Szko\u0142a Podstawowa w Sadownem<\/p>\n<p>III miejsce &#8211; <strong>Dawid Sobolewski, <\/strong>Niepubliczna Szko\u0142a Podstawowa w Ko\u0142odzi\u0105\u017cu<\/p>\n<p><strong>III kategoria &#8211; klasa VII i klasy II &#8211; III Gimnazjum<\/strong><\/p>\n<p>I miejsce &#8211; <strong>Aleksandra Pu\u015bcion,<\/strong> Gimnazjum w Sadownem<\/p>\n<p>II miejsce &#8211; <strong>Iga K\u0142\u00f3sek,<\/strong> Gimnazjum w Sadownem<\/p>\n<p>III miejsce &#8211; <strong>Aleksandra Sobolewska, <\/strong>Niepubliczna Szko\u0142a Podstawowa w Ko\u0142odzi\u0105\u017cu<\/p>\n<p>Finali\u015bci tego Konkursu zaprezentowali si\u0119 przed szkoln\u0105 publiczno\u015bci\u0105, recytuj\u0105c wiersze ks. Twardowskiego, a na zako\u0144czenie uroczysto\u015bci odby\u0142y si\u0119 wyst\u0119py taneczne uczni\u00f3w i przedszkolak\u00f3w ze Szko\u0142y w Grabinach.<\/p>\n<p><span style=\"color: #0000ff;\"><a style=\"color: #0000ff;\" href=\"https:\/\/photos.google.com\/share\/AF1QipOI7YziqLCrnx92uMbTu50xkT1_Dvao4HDS8gjLduFyxgjJ2fLQ_aXUDAiAGcIk0g?key=X2EtSUdzRER6RFZ0OU03TnIzSTlRckFtV1NrN3J3\" target=\"_blank\" rel=\"noopener noreferrer\"><strong>Zdj\u0119cia w galerii Google&gt;&gt;&gt;<\/strong><\/a><\/span><\/p>\n<p><span style=\"color: #0000ff;\"><a style=\"color: #0000ff;\" href=\"https:\/\/youtu.be\/HjKyJCRGm9Y\" target=\"_blank\" rel=\"noopener noreferrer\"><strong>Zobacz te\u017c film&gt;&gt;&gt;<\/strong><\/a><\/span><\/p>\n<p><strong>Tekst\/foto:<\/strong> S\u0142awek Chyli\u0144ski<\/p>\n","protected":false},"excerpt":{"rendered":"<p>W rok po nadaniu imienia ks. Jana Twardowskiego Szkole Podstawowej w Grabinach po raz pierwszy obchodzono tu Dzie\u0144 Patrona.<\/p>\n","protected":false},"author":1,"featured_media":0,"comment_status":"closed","ping_status":"closed","sticky":false,"template":"","format":"standard","meta":{"footnotes":""},"categories":[5,1752,1120],"tags":[2823,2469,2289],"class_list":["post-18636","post","type-post","status-publish","format-standard","hentry","category-newsy","category-edukacja","category-zespol-szkolno-przedszkolny-w-grabinach","tag-dzien-patrona-w-ggrabinach","tag-ks-jan-twardowski","tag-zespol-szkolno-przedszkolny-w-grabinach"],"views":3160,"_links":{"self":[{"href":"http:\/\/info.sadowne.pl\/index.php?rest_route=\/wp\/v2\/posts\/18636","targetHints":{"allow":["GET"]}}],"collection":[{"href":"http:\/\/info.sadowne.pl\/index.php?rest_route=\/wp\/v2\/posts"}],"about":[{"href":"http:\/\/info.sadowne.pl\/index.php?rest_route=\/wp\/v2\/types\/post"}],"author":[{"embeddable":true,"href":"http:\/\/info.sadowne.pl\/index.php?rest_route=\/wp\/v2\/users\/1"}],"replies":[{"embeddable":true,"href":"http:\/\/info.sadowne.pl\/index.php?rest_route=%2Fwp%2Fv2%2Fcomments&post=18636"}],"version-history":[{"count":3,"href":"http:\/\/info.sadowne.pl\/index.php?rest_route=\/wp\/v2\/posts\/18636\/revisions"}],"predecessor-version":[{"id":18648,"href":"http:\/\/info.sadowne.pl\/index.php?rest_route=\/wp\/v2\/posts\/18636\/revisions\/18648"}],"wp:attachment":[{"href":"http:\/\/info.sadowne.pl\/index.php?rest_route=%2Fwp%2Fv2%2Fmedia&parent=18636"}],"wp:term":[{"taxonomy":"category","embeddable":true,"href":"http:\/\/info.sadowne.pl\/index.php?rest_route=%2Fwp%2Fv2%2Fcategories&post=18636"},{"taxonomy":"post_tag","embeddable":true,"href":"http:\/\/info.sadowne.pl\/index.php?rest_route=%2Fwp%2Fv2%2Ftags&post=18636"}],"curies":[{"name":"wp","href":"https:\/\/api.w.org\/{rel}","templated":true}]}}