{"id":18644,"date":"2018-06-09T09:45:28","date_gmt":"2018-06-09T07:45:28","guid":{"rendered":"http:\/\/info.sadowne.pl\/?p=18644"},"modified":"2018-06-09T09:45:28","modified_gmt":"2018-06-09T07:45:28","slug":"noc-sadowienskiej-biblioteki","status":"publish","type":"post","link":"http:\/\/info.sadowne.pl\/?p=18644","title":{"rendered":"\u201eNoc\u201d sadowie\u0144skiej Biblioteki"},"content":{"rendered":"<p><strong><a href=\"http:\/\/info.sadowne.pl\/wp-content\/uploads\/2018\/06\/2018.06.09.2.jpg\" target=\"_blank\" rel=\"noopener noreferrer\"><img loading=\"lazy\" decoding=\"async\" class=\"alignleft wp-image-18645 size-thumbnail\" src=\"http:\/\/info.sadowne.pl\/wp-content\/uploads\/2018\/06\/2018.06.09.2-180x130.jpg\" alt=\"\" width=\"180\" height=\"130\" \/><\/a>W Gminnej Bibliotece Publicznej w Sadownem na uczestnik\u00f3w akcji \u201eNoc Bibliotek\u201d czeka\u0142y 8 czerwca specjalne atrakcje.<\/strong><!--more--><\/p>\n<p><strong><em>Noc Bibliotek\u00a0<\/em><\/strong><em>to og\u00f3lnopolska wieczorno-nocna akcja w niekonwencjonalny spos\u00f3b promuj\u0105ca czytanie i biblioteki jako najbardziej otwarte i dost\u0119pne instytucje kultury z ofert\u0105 dla os\u00f3b w ka\u017cdym wieku, z kt\u00f3rych zasob\u00f3w warto korzysta\u0107.<\/em><\/p>\n<p><strong><em>Has\u0142o tegorocznej akcji to &#8222;RzeczpospoCzyta&#8221;<\/em><\/strong><em> &#8211;\u00a0w wyj\u0105tkowym roku 100 lat niepodleg\u0142o\u015bci Polski czytamy polsk\u0105 literatur\u0119, ogl\u0105damy ilustracje polskich tw\u00f3rc\u00f3w, tw\u00f3rczo zajmujemy si\u0119 rodzim\u0105 sztuk\u0105, przyrod\u0105, poznajemy polsk\u0105 histori\u0119 sprzed stulecia i t\u0119 bli\u017csz\u0105, a tak\u017ce wyobra\u017camy sobie Polsk\u0119 za 100 lat.\u00a0<\/em><\/p>\n<p><strong>Pracownicy Gminnej Biblioteki Publicznej w Sadownem stan\u0119li na wysoko\u015bci zadania i dobrze przygotowali si\u0119 do tej og\u00f3lnopolskiej akcji.<\/strong> Popo\u0142udniem 8 czerwca opr\u00f3cz powitalnego s\u0142odkiego pocz\u0119stunku na przyby\u0142ych go\u015bci czeka\u0142o mn\u00f3stwo innych atrakcji. \u201eNoc\u201d sadowie\u0144skiej Biblioteki rozpocz\u0119\u0142o przedstawienie pt. \u201ePrawo jazdy\u201d, kt\u00f3re mieli\u015bmy ju\u017c okazj\u0119 ogl\u0105da\u0107 podczas tegorocznego Gminnego Dnia Kobiet, a w kt\u00f3rym zagrali pracownicy i wsp\u00f3\u0142pracownicy sadowie\u0144skiej plac\u00f3wki kultury.<\/p>\n<p>Z zainteresowaniem i du\u017cym zaanga\u017cowaniem uczestnik\u00f3w spotka\u0142y si\u0119 przygotowane dla nich inne atrakcje, m.in. skrzyni\u0119 zagadek, poszukiwanie skarbu biblioteki, zako\u0144czone wsp\u00f3lnym czytaniem fragment\u00f3w wybranej pozycji ksi\u0105\u017ckowej, twister, wygibus czy kolorowanki z aplikacji quiver. Dla najwytrwalszych uczestnik\u00f3w akcji przygotowano oczywi\u015bcie nagrody \u2013 niespodzianki.<\/p>\n<p>Podczas zabaw i gier intelektualnych \u015bmiechu by\u0142o co nie miara. Da\u0142o si\u0119 zauwa\u017cy\u0107, \u017ce tego rodzaju akcje s\u0105 tak\u017ce doskona\u0142ym sposobem na zaanga\u017cowanie jeszcze niezdecydowanych w akcj\u0119 czytelnictwa, a tak\u017ce s\u0105 inspiracj\u0105 do podejmowania niekonwencjonalnych dzia\u0142a\u0144.<\/p>\n<p><span style=\"color: #0000ff;\"><a style=\"color: #0000ff;\" href=\"https:\/\/photos.google.com\/share\/AF1QipPz4Xyoz5Gyho-DhsGx2O9ht9R0hmhKBlHpgq33SmkS9YVLdnLWT0LxpIRkeMG3Jw?key=a3JhVkZzY2ZSX1NzV016Rk00WWlxZE5ZQ3k0emxR\" target=\"_blank\" rel=\"noopener noreferrer\"><strong>Zdj\u0119cia w galerii Google&gt;&gt;&gt;<\/strong><\/a><\/span><\/p>\n<p><strong>Tekst\/foto:<\/strong> S\u0142awek Chyli\u0144ski<\/p>\n","protected":false},"excerpt":{"rendered":"<p>W Gminnej Bibliotece Publicznej w Sadownem na uczestnik\u00f3w akcji \u201eNoc Bibliotek\u201d czeka\u0142y 8 czerwca specjalne atrakcje.<\/p>\n","protected":false},"author":1,"featured_media":0,"comment_status":"closed","ping_status":"closed","sticky":false,"template":"","format":"standard","meta":{"footnotes":""},"categories":[5,2149,91,6],"tags":[113,169,2820],"class_list":["post-18644","post","type-post","status-publish","format-standard","hentry","category-newsy","category-gminna-biblioteka-publiczna","category-gminny-osrodek-kultury","category-kultura-rozrywka-edukacja","tag-gminna-biblioteka-publiczna-w-sadownem","tag-gminny-osrodek-kultury-w-sadownem","tag-noc-bibliotek"],"views":2448,"_links":{"self":[{"href":"http:\/\/info.sadowne.pl\/index.php?rest_route=\/wp\/v2\/posts\/18644","targetHints":{"allow":["GET"]}}],"collection":[{"href":"http:\/\/info.sadowne.pl\/index.php?rest_route=\/wp\/v2\/posts"}],"about":[{"href":"http:\/\/info.sadowne.pl\/index.php?rest_route=\/wp\/v2\/types\/post"}],"author":[{"embeddable":true,"href":"http:\/\/info.sadowne.pl\/index.php?rest_route=\/wp\/v2\/users\/1"}],"replies":[{"embeddable":true,"href":"http:\/\/info.sadowne.pl\/index.php?rest_route=%2Fwp%2Fv2%2Fcomments&post=18644"}],"version-history":[{"count":1,"href":"http:\/\/info.sadowne.pl\/index.php?rest_route=\/wp\/v2\/posts\/18644\/revisions"}],"predecessor-version":[{"id":18646,"href":"http:\/\/info.sadowne.pl\/index.php?rest_route=\/wp\/v2\/posts\/18644\/revisions\/18646"}],"wp:attachment":[{"href":"http:\/\/info.sadowne.pl\/index.php?rest_route=%2Fwp%2Fv2%2Fmedia&parent=18644"}],"wp:term":[{"taxonomy":"category","embeddable":true,"href":"http:\/\/info.sadowne.pl\/index.php?rest_route=%2Fwp%2Fv2%2Fcategories&post=18644"},{"taxonomy":"post_tag","embeddable":true,"href":"http:\/\/info.sadowne.pl\/index.php?rest_route=%2Fwp%2Fv2%2Ftags&post=18644"}],"curies":[{"name":"wp","href":"https:\/\/api.w.org\/{rel}","templated":true}]}}