{"id":18660,"date":"2018-06-13T19:49:43","date_gmt":"2018-06-13T17:49:43","guid":{"rendered":"http:\/\/info.sadowne.pl\/?p=18660"},"modified":"2018-06-13T19:49:43","modified_gmt":"2018-06-13T17:49:43","slug":"to-byl-trening","status":"publish","type":"post","link":"http:\/\/info.sadowne.pl\/?p=18660","title":{"rendered":"To by\u0142 trening!"},"content":{"rendered":"<p><strong><img loading=\"lazy\" decoding=\"async\" class=\"alignleft size-thumbnail wp-image-18661\" src=\"http:\/\/info.sadowne.pl\/wp-content\/uploads\/2018\/06\/2018.06.13.1-180x130.jpg\" alt=\"\" width=\"180\" height=\"130\" \/>Zgodnie z zapowiedzi\u0105, 13 czerwca na sadowie\u0144skim boisku odby\u0142 si\u0119 trening najm\u0142odszych zawodnik\u00f3w Wichra z trenerami VFL Wolfsburg.<\/strong><!--more--><\/p>\n<p>Punktualno\u015b\u0107, dobry harmonogram, dyscyplina i wykorzystanie ka\u017cdej sekundy na przyswojenie umiej\u0119tno\u015bci pi\u0142karskich to dobre cechy. Mogli ich do\u015bwiadczy\u0107 wybrani, najm\u0142odsi zawodnicy Klubu Sportowego WICHER Sadowne, kt\u00f3rzy uczestniczyli od godz. 17.00 w treningu z Kamilem Komoniewskim i \u0141ukaszem Wi\u015bniewskim \u2013 trenerami WFL Wolfsburg, na co dzie\u0144 r\u00f3wnie\u017c prowadz\u0105cymi zaj\u0119cia w PAF Polska Akademia Futbolu. O Akademii mo\u017cemy poczyta\u0107 na stronie <span style=\"color: #0000ff;\"><strong><a style=\"color: #0000ff;\" href=\"https:\/\/www.facebook.com\/akademiasportfuture\/\" target=\"_blank\" rel=\"noopener noreferrer\">https:\/\/www.facebook.com\/akademiasportfuture\/<\/a><\/strong><\/span>.<\/p>\n<p>P\u00f3\u0142toragodzinny trening wycisn\u0105\u0142 chyba z naszych m\u0142odych zawodnik\u00f3w \u201eostatnie poty\u201d, ale nie poddawali si\u0119 i wykonywali z dok\u0142adno\u015bci\u0105 wszystkie polecenia utytu\u0142owanych trener\u00f3w. Na pewno na d\u0142ugo zapami\u0119taj\u0105 to spotkanie &#8211; przygod\u0119 i do\u015bwiadczenia, a mo\u017ce nawet niekt\u00f3re pokazane im elementy treningu wprowadz\u0105 do swoich codziennych zaj\u0119\u0107.<\/p>\n<p>Zobaczmy jak przebiega taki trening.<\/p>\n<p><span style=\"color: #0000ff;\"><a style=\"color: #0000ff;\" href=\"https:\/\/photos.google.com\/share\/AF1QipNQTZ8CJRCr0dp1Op-_WR7TViApEPjV3XRhp-pEKc3IM2pTVPlrQkZsdjL_w5gILA?key=T1gteFdlN2F4c3lXeW1DaUJlVVdEQkZRSVRGLVJn\" target=\"_blank\" rel=\"noopener noreferrer\"><strong>Zdj\u0119cia w galerii Google&gt;&gt;&gt;<\/strong><\/a><\/span><\/p>\n<p><strong>Tekst\/foto:<\/strong> S\u0142awek Chyli\u0144ski<\/p>\n","protected":false},"excerpt":{"rendered":"<p>Zgodnie z zapowiedzi\u0105, 13 czerwca na sadowie\u0144skim boisku odby\u0142 si\u0119 trening najm\u0142odszych zawodnik\u00f3w Wichra z trenerami VFL Wolfsburg.<\/p>\n","protected":false},"author":1,"featured_media":0,"comment_status":"closed","ping_status":"closed","sticky":false,"template":"","format":"standard","meta":{"footnotes":""},"categories":[5,2136,7],"tags":[2828,1161,2829,2830],"class_list":["post-18660","post","type-post","status-publish","format-standard","hentry","category-newsy","category-pilka-nozna","category-sport","tag-kamil-komoniewski","tag-klub-sportowy-wicher-sadowne","tag-lukasz-wisniewski","tag-trening-wichra"],"views":3191,"_links":{"self":[{"href":"http:\/\/info.sadowne.pl\/index.php?rest_route=\/wp\/v2\/posts\/18660","targetHints":{"allow":["GET"]}}],"collection":[{"href":"http:\/\/info.sadowne.pl\/index.php?rest_route=\/wp\/v2\/posts"}],"about":[{"href":"http:\/\/info.sadowne.pl\/index.php?rest_route=\/wp\/v2\/types\/post"}],"author":[{"embeddable":true,"href":"http:\/\/info.sadowne.pl\/index.php?rest_route=\/wp\/v2\/users\/1"}],"replies":[{"embeddable":true,"href":"http:\/\/info.sadowne.pl\/index.php?rest_route=%2Fwp%2Fv2%2Fcomments&post=18660"}],"version-history":[{"count":1,"href":"http:\/\/info.sadowne.pl\/index.php?rest_route=\/wp\/v2\/posts\/18660\/revisions"}],"predecessor-version":[{"id":18662,"href":"http:\/\/info.sadowne.pl\/index.php?rest_route=\/wp\/v2\/posts\/18660\/revisions\/18662"}],"wp:attachment":[{"href":"http:\/\/info.sadowne.pl\/index.php?rest_route=%2Fwp%2Fv2%2Fmedia&parent=18660"}],"wp:term":[{"taxonomy":"category","embeddable":true,"href":"http:\/\/info.sadowne.pl\/index.php?rest_route=%2Fwp%2Fv2%2Fcategories&post=18660"},{"taxonomy":"post_tag","embeddable":true,"href":"http:\/\/info.sadowne.pl\/index.php?rest_route=%2Fwp%2Fv2%2Ftags&post=18660"}],"curies":[{"name":"wp","href":"https:\/\/api.w.org\/{rel}","templated":true}]}}