{"id":18694,"date":"2018-06-20T15:57:23","date_gmt":"2018-06-20T13:57:23","guid":{"rendered":"http:\/\/info.sadowne.pl\/?p=18694"},"modified":"2018-06-20T15:57:23","modified_gmt":"2018-06-20T13:57:23","slug":"opuscili-mury-gimnazjum","status":"publish","type":"post","link":"http:\/\/info.sadowne.pl\/?p=18694","title":{"rendered":"Opu\u015bcili mury Gimnazjum"},"content":{"rendered":"<p><strong><img loading=\"lazy\" decoding=\"async\" class=\"alignleft size-thumbnail wp-image-18695\" src=\"http:\/\/info.sadowne.pl\/wp-content\/uploads\/2018\/06\/2018.06.20.1-180x130.jpg\" alt=\"\" width=\"180\" height=\"130\" \/>Absolwenci sadowie\u0144skiego Gimnazjum 20 czerwca po\u017cegnali si\u0119 ze swoj\u0105 Szko\u0142\u0105.<\/strong><!--more--><\/p>\n<p>Dwa dni wcze\u015bniej ni\u017c pozostali uczniowie, trzecioklasi\u015bci Gimnazjum w Sadownem zako\u0144czyli swoj\u0105 edukacj\u0119. Jak zawsze w tej Szkole, tak wa\u017cne wydarzenie mia\u0142o i tym razem \u015bwietn\u0105 opraw\u0119, kt\u00f3r\u0105 przygotowali absolwenci.<\/p>\n<p>Pocz\u0105tek uroczysto\u015bci to jednak oficjalne po\u017cegnanie i \u017cyczenia, kt\u00f3re w imieniu grona pedagogicznego i pracownik\u00f3w Gimnazjum przekaza\u0142a bohaterom wydarzenia p. Dyrektor Ma\u0142gorzata Zy\u015bk. W imieniu Gminy Sadowne uczni\u00f3w po\u017cegna\u0142 p. Marcin Gr\u0119da \u2013 Zast\u0119pca W\u00f3jta. Cz\u0119\u015b\u0107 oficjalna to te\u017c przekazanie sztandaru, \u015blubowanie trzecioklasist\u00f3w, dyplomy uko\u0144czenia Szko\u0142y, kt\u00f3re uczniowie trzech ostatnich klas Gimnazjum odebrali z r\u0105k swoich wychowawc\u00f3w: p. Arkadiusza Kotowskiego, p. Eweliny Pu\u015bcian i p. Doroty Ga\u0142\u0105zki.\u00a0 Oczywi\u015bcie najlepszym wr\u0119czono te\u017c wyr\u00f3\u017cnienia oraz nagrody m.in. dla uczni\u00f3w, kt\u00f3rzy uzyskali najwy\u017csz\u0105 \u015bredni\u0105, za frekwencj\u0119, za prac\u0119 na rzecz Szko\u0142y, spo\u0142eczno\u015bci szkolnej, biblioteki czy anga\u017cowanie si\u0119 w sfer\u0119 kultury, kt\u00f3rej wa\u017cnym elementem jest znana i dobrze prosperuj\u0105ca w dziedzinie teatru Grupa \u201eEdwarda\u201d. Pochwa\u0142y odebrali te\u017c rodzice wyr\u00f3\u017cnionych uczni\u00f3w.<\/p>\n<p>Druga cz\u0119\u015b\u0107 uroczysto\u015bci nale\u017ca\u0142a ju\u017c wy\u0142\u0105cznie do uczni\u00f3w. Odta\u0144czyli poloneza i przedstawili przygotowane przez siebie i p. Ani\u0119 Subd\u0119 ciekawe, humorystyczne, dostosowane do szkolnego, sadowie\u0144skiego \u015brodowiska prezentacje s\u0142owno \u2013 muzyczne. Wyst\u0119py bardzo spodoba\u0142y si\u0119 kolegom absolwent\u00f3w i zaproszonym na uroczysto\u015b\u0107 go\u015bciom, kt\u00f3rzy nagradzali poszczeg\u00f3lne ich elementy g\u0142o\u015bnymi brawami. A na koniec? S\u0142owno \u2013 muzyczne po\u017cegnanie przygotowane przez m\u0142odszych koleg\u00f3w, symboliczne kwiatki, indywidualne po\u017cegnania i \u017cyczenia &#8211; obop\u00f3lne i szczere, no i\u2026 chyba nie jedna \u0142ezka w oku uczni\u00f3w, nauczycieli czy rodzic\u00f3w.<\/p>\n<p>Absolwentom \u017cycz\u0119 powodzenia w dalszej edukacji i \u201eszukaniu prawdy\u201d z has\u0142a przewodniego tej uroczysto\u015bci. Nie powiem \u201e\u017cegnajcie\u201d, a jedynie \u201edo widzenia\u201d, bo zapewne jeszcze nie raz nadarzy si\u0119 okazja spotkania, cho\u0107by w naszych szko\u0142ach \u015brednich, do kt\u00f3rych traficie, czy na licznych imprezach, od kt\u00f3rych Nasza Gmina nie stroni.<\/p>\n<p><span style=\"color: #0000ff;\"><a style=\"color: #0000ff;\" href=\"https:\/\/photos.google.com\/share\/AF1QipMp90OpvRc-TlkIn1dTkVT9SRn10uAtoJhEn9VvC5mmZmJScXBuXBsxhN-eEBek0g?key=Z3FQT05XVTZvREtIeWZoajZNRGpaYmlpaW1FeWdB\" target=\"_blank\" rel=\"noopener noreferrer\"><strong>Zdj\u0119cia w galerii Google&gt;&gt;&gt;<\/strong><\/a><\/span><\/p>\n<p><strong>Tekst\/foto:<\/strong> S\u0142awek Chyli\u0144ski<\/p>\n","protected":false},"excerpt":{"rendered":"<p>Absolwenci sadowie\u0144skiego Gimnazjum 20 czerwca po\u017cegnali si\u0119 ze swoj\u0105 Szko\u0142\u0105.<\/p>\n","protected":false},"author":1,"featured_media":0,"comment_status":"closed","ping_status":"closed","sticky":false,"template":"","format":"standard","meta":{"footnotes":""},"categories":[5,83,1752],"tags":[71,2075],"class_list":["post-18694","post","type-post","status-publish","format-standard","hentry","category-newsy","category-gimnazjum","category-edukacja","tag-gimnazjum-sadowne","tag-pozegnanie-iii-klas-gimnazjum-w-sadownem"],"views":3032,"_links":{"self":[{"href":"http:\/\/info.sadowne.pl\/index.php?rest_route=\/wp\/v2\/posts\/18694","targetHints":{"allow":["GET"]}}],"collection":[{"href":"http:\/\/info.sadowne.pl\/index.php?rest_route=\/wp\/v2\/posts"}],"about":[{"href":"http:\/\/info.sadowne.pl\/index.php?rest_route=\/wp\/v2\/types\/post"}],"author":[{"embeddable":true,"href":"http:\/\/info.sadowne.pl\/index.php?rest_route=\/wp\/v2\/users\/1"}],"replies":[{"embeddable":true,"href":"http:\/\/info.sadowne.pl\/index.php?rest_route=%2Fwp%2Fv2%2Fcomments&post=18694"}],"version-history":[{"count":1,"href":"http:\/\/info.sadowne.pl\/index.php?rest_route=\/wp\/v2\/posts\/18694\/revisions"}],"predecessor-version":[{"id":18696,"href":"http:\/\/info.sadowne.pl\/index.php?rest_route=\/wp\/v2\/posts\/18694\/revisions\/18696"}],"wp:attachment":[{"href":"http:\/\/info.sadowne.pl\/index.php?rest_route=%2Fwp%2Fv2%2Fmedia&parent=18694"}],"wp:term":[{"taxonomy":"category","embeddable":true,"href":"http:\/\/info.sadowne.pl\/index.php?rest_route=%2Fwp%2Fv2%2Fcategories&post=18694"},{"taxonomy":"post_tag","embeddable":true,"href":"http:\/\/info.sadowne.pl\/index.php?rest_route=%2Fwp%2Fv2%2Ftags&post=18694"}],"curies":[{"name":"wp","href":"https:\/\/api.w.org\/{rel}","templated":true}]}}