{"id":18698,"date":"2018-06-21T18:20:21","date_gmt":"2018-06-21T16:20:21","guid":{"rendered":"http:\/\/info.sadowne.pl\/?p=18698"},"modified":"2018-06-21T18:20:21","modified_gmt":"2018-06-21T16:20:21","slug":"gok-juz-powital-wakacje","status":"publish","type":"post","link":"http:\/\/info.sadowne.pl\/?p=18698","title":{"rendered":"GOK ju\u017c powita\u0142 wakacje!"},"content":{"rendered":"<p><strong><img loading=\"lazy\" decoding=\"async\" class=\"alignleft size-thumbnail wp-image-18699\" src=\"http:\/\/info.sadowne.pl\/wp-content\/uploads\/2018\/06\/2018.06.21.1-180x130.jpg\" alt=\"\" width=\"180\" height=\"130\" \/>Wsp\u00f3lna zabawa, ognisko, kie\u0142baski. 21 czerwca Gminny O\u015brodek Kultury w Sadownem powita\u0142 wakacje.<\/strong><!--more--><\/p>\n<p>Pierwszy dzie\u0144 tegorocznego lata by\u0142 jednocze\u015bnie ostatnim dniem zaj\u0119\u0107 sta\u0142ych w Gminnym O\u015brodku Kultury w Sadownem. Dla uczestnik\u00f3w tych zaj\u0119\u0107 przygotowano po\u017cegnalne ognisko z zabawami i oczywi\u015bcie pieczonymi na ognisku kie\u0142baskami. Pogoda ku temu szczeg\u00f3lnie dopisa\u0142a i wszyscy zainteresowani propozycj\u0105 stawili si\u0119 w czwartkowe popo\u0142udnie na polanie Ko\u0142a \u0141owieckiego \u015bw. Huberta.<\/p>\n<p>Zabawa w takim miejscu i towarzystwie mog\u0142aby trwa\u0107 bez ko\u0144ca, jednak kiedy\u015b trzeba wr\u00f3ci\u0107 do domu zw\u0142aszcza, \u017ce nast\u0119pnego dnia wypada i\u015b\u0107 do szko\u0142y \u2013 po \u015bwiadectwo, oczywi\u015bcie \u201ez paskiem\u201d.<\/p>\n<p>Przypomnijmy tylko, \u017ce w mijaj\u0105cym roku szkolnym GOK oferowa\u0142 dzieciakom i troch\u0119 starszym zaj\u0119cia sta\u0142e: j\u0119zykowe, ceramiczne, plastyczno \u2013 techniczne, teatralne, muzyczne, korekcyjne, informatyczne oraz edukacyjne \u201eMa\u0142y Edison\u201d. Zaj\u0119cia cieszy\u0142y si\u0119 du\u017cym zainteresowaniem. A z jakich zaj\u0119\u0107 b\u0119dzie mo\u017cna skorzysta\u0107 w nowym roku szkolnym? Zobaczymy, bo na razie GOK przygotowuje gam\u0119 zaj\u0119\u0107 wakacyjnych dla najm\u0142odszych, ale o tym wkr\u00f3tce.<\/p>\n<p><span style=\"color: #0000ff;\"><a style=\"color: #0000ff;\" href=\"https:\/\/photos.google.com\/share\/AF1QipMFyQ5mSMx5zDLVA300SixidkdBRVI9M9vXMTp6RA_xbVU9nJIfB4MAicVrDgx1Hg?key=eS1TUVlWWmozSFE2YXZrdjlmN2dJOUU1b1RtRktn\" target=\"_blank\" rel=\"noopener noreferrer\"><strong>Zdj\u0119cia w galerii Google&gt;&gt;&gt;<\/strong><\/a><\/span><\/p>\n<p><strong>Tekst\/foto:<\/strong> S\u0142awek Chyli\u0144ski<\/p>\n","protected":false},"excerpt":{"rendered":"<p>Wsp\u00f3lna zabawa, ognisko, kie\u0142baski. 21 czerwca Gminny O\u015brodek Kultury w Sadownem powita\u0142 wakacje.<\/p>\n","protected":false},"author":1,"featured_media":0,"comment_status":"closed","ping_status":"closed","sticky":false,"template":"","format":"standard","meta":{"footnotes":""},"categories":[5,91,6],"tags":[169,2836],"class_list":["post-18698","post","type-post","status-publish","format-standard","hentry","category-newsy","category-gminny-osrodek-kultury","category-kultura-rozrywka-edukacja","tag-gminny-osrodek-kultury-w-sadownem","tag-powitanie-wakacji"],"views":2385,"_links":{"self":[{"href":"http:\/\/info.sadowne.pl\/index.php?rest_route=\/wp\/v2\/posts\/18698","targetHints":{"allow":["GET"]}}],"collection":[{"href":"http:\/\/info.sadowne.pl\/index.php?rest_route=\/wp\/v2\/posts"}],"about":[{"href":"http:\/\/info.sadowne.pl\/index.php?rest_route=\/wp\/v2\/types\/post"}],"author":[{"embeddable":true,"href":"http:\/\/info.sadowne.pl\/index.php?rest_route=\/wp\/v2\/users\/1"}],"replies":[{"embeddable":true,"href":"http:\/\/info.sadowne.pl\/index.php?rest_route=%2Fwp%2Fv2%2Fcomments&post=18698"}],"version-history":[{"count":1,"href":"http:\/\/info.sadowne.pl\/index.php?rest_route=\/wp\/v2\/posts\/18698\/revisions"}],"predecessor-version":[{"id":18700,"href":"http:\/\/info.sadowne.pl\/index.php?rest_route=\/wp\/v2\/posts\/18698\/revisions\/18700"}],"wp:attachment":[{"href":"http:\/\/info.sadowne.pl\/index.php?rest_route=%2Fwp%2Fv2%2Fmedia&parent=18698"}],"wp:term":[{"taxonomy":"category","embeddable":true,"href":"http:\/\/info.sadowne.pl\/index.php?rest_route=%2Fwp%2Fv2%2Fcategories&post=18698"},{"taxonomy":"post_tag","embeddable":true,"href":"http:\/\/info.sadowne.pl\/index.php?rest_route=%2Fwp%2Fv2%2Ftags&post=18698"}],"curies":[{"name":"wp","href":"https:\/\/api.w.org\/{rel}","templated":true}]}}