{"id":1875,"date":"2013-05-02T12:58:41","date_gmt":"2013-05-02T10:58:41","guid":{"rendered":"http:\/\/www.infosadowne.boo.pl\/?p=1875"},"modified":"2013-08-27T20:44:52","modified_gmt":"2013-08-27T18:44:52","slug":"pchli-targ-po-raz-pierwszy","status":"publish","type":"post","link":"http:\/\/info.sadowne.pl\/?p=1875","title":{"rendered":"&#8222;Pchli targ&#8221; po raz pierwszy"},"content":{"rendered":"<p style=\"text-align: justify;\"><strong><img loading=\"lazy\" decoding=\"async\" class=\"alignleft size-thumbnail wp-image-1876\" alt=\"2013.05.02.1\" src=\"http:\/\/www.info.sadowne.pl\/wp-content\/uploads\/2013\/05\/2013.05.02.1-150x150.jpg\" width=\"150\" height=\"150\" \/>&#8211; Pierwszy raz jest zawsze trudny i przyjmowany przez mieszka\u0144c\u00f3w z doz\u0105 nieufno\u015bci, a nawet pow\u0105tpiewania \u2013 o odbywaj\u0105cym si\u0119 w\u0142a\u015bnie \u201ePchlim targu\u201d w Sadownem m\u00f3wi Ewa Pi\u00f3rkowska \u2013 Dyrektor Gminnego O\u015brodka Kultury, kt\u00f3ry jest organizatorem tej imprezy.<!--more--><\/strong><\/p>\n<p style=\"text-align: justify;\">&#8211; W czwartkowe przedpo\u0142udnie na imprez\u0119 przyby\u0142o kilkunastu wystawc\u00f3w, kt\u00f3rzy prezentuj\u0105 \u201ewygrzebane\u201d z domowych zak\u0105tk\u00f3w najr\u00f3\u017cniejsze przedmioty\u00a0 &#8211; dodaje P. Dyrektor. Uczestnicy, to nasi mieszka\u0144cy \u2013 dzieci i doro\u015bli, ale te\u017c osoby przyby\u0142e spoza naszej gminy. A prezentowane przez nich gad\u017cety, to zabawki, ksi\u0105\u017cki, garderoba, drobne akcesoria domowego u\u017cytku i inne przedmioty, kt\u00f3re przedstawiaj\u0105 jeszcze jak\u0105\u015b warto\u015b\u0107. Mo\u017cna si\u0119 ich pozby\u0107 sprzedaj\u0105c, oddaj\u0105c lub wymieni\u0107 na inne. Jak obserwuj\u0119, pierwsze kwoty wp\u0142ywaj\u0105 \u201ena konta\u201d wystawc\u00f3w, a i os\u00f3b obserwuj\u0105cych oraz zainteresowanych zakupami jest coraz wi\u0119cej. Pierwszy raz jest zawsze trudny, ale mam nadziej\u0119, \u017ce impreza ta wejdzie na sta\u0142e do naszego harmonogramu i b\u0119dziemy j\u0105 organizowa\u0107 kilkakrotnie w ci\u0105gu roku \u2013 ko\u0144czy z optymizmem Pani Ewa.<\/p>\n<p style=\"text-align: justify;\"><strong>A \u201ePchli targ\u201d? Nadal trwa.<\/strong> Wok\u00f3\u0142 jest du\u017cy ruch \u2013 \u201eprzyjezdni\u201d i \u201emiejscowi\u201d coraz liczniej odwiedzaj\u0105 plac przed O\u015brodkiem Kultury, na kt\u00f3rym przybywa ca\u0142y czas stoisk z r\u00f3\u017cnymi gad\u017cetami. Czy imprez\u0119 mo\u017cna uzna\u0107 za udan\u0105? Zobaczymy.<\/p>\n<p style=\"text-align: justify;\">\n","protected":false},"excerpt":{"rendered":"<p>&#8211; Pierwszy raz jest zawsze trudny i przyjmowany przez mieszka\u0144c\u00f3w z doz\u0105 nieufno\u015bci, a nawet pow\u0105tpiewania \u2013 o odbywaj\u0105cym si\u0119 w\u0142a\u015bnie \u201ePchlim targu\u201d w Sadownem m\u00f3wi Ewa Pi\u00f3rkowska \u2013 Dyrektor Gminnego O\u015brodka Kultury, kt\u00f3ry jest organizatorem tej imprezy.<\/p>\n","protected":false},"author":1,"featured_media":0,"comment_status":"open","ping_status":"open","sticky":false,"template":"","format":"standard","meta":{"footnotes":""},"categories":[5,91,6],"tags":[169,191],"class_list":["post-1875","post","type-post","status-publish","format-standard","hentry","category-newsy","category-gminny-osrodek-kultury","category-kultura-rozrywka-edukacja","tag-gminny-osrodek-kultury-w-sadownem","tag-pchli-targ-w-sadownem"],"views":3176,"_links":{"self":[{"href":"http:\/\/info.sadowne.pl\/index.php?rest_route=\/wp\/v2\/posts\/1875","targetHints":{"allow":["GET"]}}],"collection":[{"href":"http:\/\/info.sadowne.pl\/index.php?rest_route=\/wp\/v2\/posts"}],"about":[{"href":"http:\/\/info.sadowne.pl\/index.php?rest_route=\/wp\/v2\/types\/post"}],"author":[{"embeddable":true,"href":"http:\/\/info.sadowne.pl\/index.php?rest_route=\/wp\/v2\/users\/1"}],"replies":[{"embeddable":true,"href":"http:\/\/info.sadowne.pl\/index.php?rest_route=%2Fwp%2Fv2%2Fcomments&post=1875"}],"version-history":[{"count":5,"href":"http:\/\/info.sadowne.pl\/index.php?rest_route=\/wp\/v2\/posts\/1875\/revisions"}],"predecessor-version":[{"id":2959,"href":"http:\/\/info.sadowne.pl\/index.php?rest_route=\/wp\/v2\/posts\/1875\/revisions\/2959"}],"wp:attachment":[{"href":"http:\/\/info.sadowne.pl\/index.php?rest_route=%2Fwp%2Fv2%2Fmedia&parent=1875"}],"wp:term":[{"taxonomy":"category","embeddable":true,"href":"http:\/\/info.sadowne.pl\/index.php?rest_route=%2Fwp%2Fv2%2Fcategories&post=1875"},{"taxonomy":"post_tag","embeddable":true,"href":"http:\/\/info.sadowne.pl\/index.php?rest_route=%2Fwp%2Fv2%2Ftags&post=1875"}],"curies":[{"name":"wp","href":"https:\/\/api.w.org\/{rel}","templated":true}]}}