{"id":18752,"date":"2018-06-30T12:34:23","date_gmt":"2018-06-30T10:34:23","guid":{"rendered":"http:\/\/info.sadowne.pl\/?p=18752"},"modified":"2018-06-30T12:34:23","modified_gmt":"2018-06-30T10:34:23","slug":"nasz-adas-dobosz-z-elana-w-ii-lidze","status":"publish","type":"post","link":"http:\/\/info.sadowne.pl\/?p=18752","title":{"rendered":"Nasz Ada\u015b Dobosz z Elan\u0105 w II lidze"},"content":{"rendered":"<p><strong><a href=\"http:\/\/info.sadowne.pl\/wp-content\/uploads\/2018\/06\/2018.06.30.1.jpg\" target=\"_blank\" rel=\"noopener noreferrer\"><img loading=\"lazy\" decoding=\"async\" class=\"alignleft wp-image-18753 size-thumbnail\" src=\"http:\/\/info.sadowne.pl\/wp-content\/uploads\/2018\/06\/2018.06.30.1-180x130.jpg\" alt=\"\" width=\"180\" height=\"130\" \/><\/a>Mieszkaj\u0105cy w Sadownem pi\u0142karz Adam Dobosz wraz z Elan\u0105 Toru\u0144 awansowa\u0142 do II ligi. <\/strong><!--more--><\/p>\n<p>W rozgrywkach PZPN III ligi &#8211; grupy 2. Elana Toru\u0144 zdoby\u0142a 77 punkt\u00f3w, odnosz\u0105c 24 zwyci\u0119stwa, po pi\u0119\u0107 razy remisuj\u0105c i przegrywaj\u0105c. Szczeg\u00f3lnie w rundzie wiosennej graj\u0105cy na lewej obronie Adam mocno przyczyni\u0142 si\u0119 do tego sukcesu, a jego rajdy, wrzutki, do\u015brodkowania i interwencje mo\u017cemy poogl\u0105da\u0107 na stronie klubu <span style=\"color: #0000ff;\"><strong><a style=\"color: #0000ff;\" href=\"http:\/\/www.elanatorun.pl\" target=\"_blank\" rel=\"noopener noreferrer\">www.elanatorun.pl<\/a><\/strong><\/span>.<\/p>\n<p><strong>Trzymamy kciuki, \u017cyczymy samych zwyci\u0119stw i kolejnego awansu.<\/strong><\/p>\n<p><strong>Tekst:<\/strong> RW<\/p>\n<p><strong>Foto:<\/strong> <a href=\"http:\/\/www.elanatorun.pl\" target=\"_blank\" rel=\"noopener noreferrer\">www.elanatorun.pl<\/a><\/p>\n","protected":false},"excerpt":{"rendered":"<p>Mieszkaj\u0105cy w Sadownem pi\u0142karz Adam Dobosz wraz z Elan\u0105 Toru\u0144 awansowa\u0142 do II ligi.<\/p>\n","protected":false},"author":1,"featured_media":0,"comment_status":"closed","ping_status":"closed","sticky":false,"template":"","format":"standard","meta":{"footnotes":""},"categories":[5,2136,7],"tags":[599,2844],"class_list":["post-18752","post","type-post","status-publish","format-standard","hentry","category-newsy","category-pilka-nozna","category-sport","tag-adam-dobosz","tag-elana-torun"],"views":2664,"_links":{"self":[{"href":"http:\/\/info.sadowne.pl\/index.php?rest_route=\/wp\/v2\/posts\/18752","targetHints":{"allow":["GET"]}}],"collection":[{"href":"http:\/\/info.sadowne.pl\/index.php?rest_route=\/wp\/v2\/posts"}],"about":[{"href":"http:\/\/info.sadowne.pl\/index.php?rest_route=\/wp\/v2\/types\/post"}],"author":[{"embeddable":true,"href":"http:\/\/info.sadowne.pl\/index.php?rest_route=\/wp\/v2\/users\/1"}],"replies":[{"embeddable":true,"href":"http:\/\/info.sadowne.pl\/index.php?rest_route=%2Fwp%2Fv2%2Fcomments&post=18752"}],"version-history":[{"count":1,"href":"http:\/\/info.sadowne.pl\/index.php?rest_route=\/wp\/v2\/posts\/18752\/revisions"}],"predecessor-version":[{"id":18754,"href":"http:\/\/info.sadowne.pl\/index.php?rest_route=\/wp\/v2\/posts\/18752\/revisions\/18754"}],"wp:attachment":[{"href":"http:\/\/info.sadowne.pl\/index.php?rest_route=%2Fwp%2Fv2%2Fmedia&parent=18752"}],"wp:term":[{"taxonomy":"category","embeddable":true,"href":"http:\/\/info.sadowne.pl\/index.php?rest_route=%2Fwp%2Fv2%2Fcategories&post=18752"},{"taxonomy":"post_tag","embeddable":true,"href":"http:\/\/info.sadowne.pl\/index.php?rest_route=%2Fwp%2Fv2%2Ftags&post=18752"}],"curies":[{"name":"wp","href":"https:\/\/api.w.org\/{rel}","templated":true}]}}