{"id":18759,"date":"2018-07-01T14:55:36","date_gmt":"2018-07-01T12:55:36","guid":{"rendered":"http:\/\/info.sadowne.pl\/?p=18759"},"modified":"2018-07-01T14:55:36","modified_gmt":"2018-07-01T12:55:36","slug":"byc-w-ksr-g-to-zaszczyt","status":"publish","type":"post","link":"http:\/\/info.sadowne.pl\/?p=18759","title":{"rendered":"By\u0107 w KSR-G to zaszczyt\u2026"},"content":{"rendered":"<p><strong><img loading=\"lazy\" decoding=\"async\" class=\"alignleft size-thumbnail wp-image-18760\" src=\"http:\/\/info.sadowne.pl\/wp-content\/uploads\/2018\/07\/2018.07.01.1-180x130.jpg\" alt=\"\" width=\"180\" height=\"130\" \/>\u2026ale i nowe zadania. Do Krajowego Systemu do\u0142\u0105czy\u0142a OSP w Sok\u00f3\u0142ce.<\/strong><!--more--><\/p>\n<p><strong>Na czym polega KSR-G?<\/strong><\/p>\n<p>Krajowy System Ratowniczo \u2013 Ga\u015bniczy stanowi integraln\u0105 cz\u0119\u015b\u0107 bezpiecze\u0144stwa wewn\u0119trznego pa\u0144stwa, obejmuj\u0105c\u0105 w celu ratowania \u017cycia, zdrowia, mienia lub \u015brodowiska, prognozowanie, rozpoznawanie i zwalczanie po\u017car\u00f3w, kl\u0119sk \u017cywio\u0142owych lub innych miejscowych zagro\u017ce\u0144. W\u0142\u0105czenie jednostki OSP do tego systemu nie jest takie proste\u2026<\/p>\n<p>Zgodnie z przepisami, do KSR-G mo\u017ce by\u0107 w\u0142\u0105czona Jednostka OSP, kt\u00f3ra spe\u0142nia wszystkie wymogi, a tak\u017ce bez zarzut\u00f3w wykonuje swoje zadania. W takim przypadku Komendant Powiatowy\/Miejski Pa\u0144stwowej Stra\u017cy Po\u017carnej przedstawia w\u0142a\u015bciwemu Komendantowi Wojew\u00f3dzkiemu Pa\u0144stwowej Stra\u017cy Po\u017carnej wniosek o w\u0142\u0105czenie jednostki do KSRG, z kt\u00f3r\u0105 zawar\u0142 porozumienie. Nast\u0119pnie na wniosek w\u0142a\u015bciwego Komendanta Wojew\u00f3dzkiego PSP, Komendant G\u0142\u00f3wny Pa\u0144stwowej Stra\u017cy Po\u017carnej wydaje decyzj\u0119 w sprawie w\u0142\u0105czenia jednostki do systemu.<\/p>\n<p><strong>Dlaczego Sok\u00f3\u0142ka?<\/strong><\/p>\n<p>Prosta odpowied\u017a. OSP w Sok\u00f3\u0142ce jest pr\u0119\u017cnie dzia\u0142aj\u0105c\u0105 w Gminie Sadowne Jednostk\u0105. Od formalnego za\u0142o\u017cenia w 2005 roku ci\u0105gle si\u0119 rozwija i zwi\u0119ksza swoj\u0105 dyspozycyjno\u015b\u0107 oraz zasoby sprz\u0119towe. Opr\u00f3cz do\u015bwiadczenia w utrzymaniu ochrony przeciwpo\u017carowej, cz\u0142onkowie tej OSP ci\u0105gle r\u00f3wnie\u017c zwi\u0119kszaj\u0105 swoje wyszkolenie stra\u017cackie, a tak\u017ce notuje si\u0119 rosn\u0105cy poziom stanu osobowego Jednostki, kt\u00f3ra posiada r\u00f3wnie\u017c dru\u017cyn\u0119 \u017ce\u0144sk\u0105 oraz M\u0142odzie\u017cow\u0105 Dru\u017cyn\u0119 Po\u017carnicz\u0105. Du\u017ce sukcesy druhowie odnosz\u0105 nie tylko podczas dzia\u0142a\u0144 ga\u015bniczych, zdarze\u0144 drogowych czy wywo\u0142anych przez si\u0142y natury, ale te\u017c na gruncie szeroko rozumianej prewencji spo\u0142ecznej, a zw\u0142aszcza we wsp\u00f3\u0142pracy z lokalnymi plac\u00f3wkami o\u015bwiatowymi i innymi instytucjami.<\/p>\n<p><strong>I sta\u0142o si\u0119\u2026<\/strong><\/p>\n<p>R\u00f3wno rok po podpisaniu w Urz\u0119dzie Gminy Sadowne porozumienia w sprawie przyst\u0105pienia do Krajowego Systemu Ratowniczo \u2013 Ga\u015bniczego w Sok\u00f3\u0142ce odby\u0142a si\u0119 uroczysto\u015b\u0107, podczas kt\u00f3rej ostatecznie potwierdzono w\u0142\u0105czenie miejscowej Jednostki OSP do tego systemu. Uznaj\u0105c zas\u0142ugi tutejszych druh\u00f3w \u2013 ochotnik\u00f3w, razem z nimi 1 lipca to wydarzenie \u015bwi\u0119towa\u0142o wielu koleg\u00f3w z s\u0105siednich Jednostek OSP, a tak\u017ce wybitni go\u015bcie, z kt\u00f3rych kilkoro przekaza\u0142o swoje s\u0142owa uznania w oficjalnych wyst\u0105pieniach. Uroczysto\u015b\u0107 prowadzi\u0142 dh Ludwik Tyszka. Obecny Prezes OSP Sok\u00f3\u0142ka p. Mateusz Suski, po oficjalnym rozpocz\u0119ciu uroczysto\u015bci, odbiera\u0142 w imieniu swoim i koleg\u00f3w zas\u0142u\u017cone gratulacje m.in. od przedstawicieli s\u0142u\u017cbowych: st. kpt. Eryka Antczaka z Komendy Wojew\u00f3dzkiej PSP w Warszawie, st. bryg. Dariusza Maci\u0105ga \u2013 Zast\u0119pcy Komendanta Powiatowego PSP w W\u0119growie i cz\u0142onka Zarz\u0105du Oddzia\u0142u Wojew\u00f3dzkiego ZOSP st. bryg. Ireneusza Kr\u00f3lika. \u017byczenia oraz wyrazy uznania pad\u0142y r\u00f3wnie\u017c z ust niekt\u00f3rych go\u015bci, m.in. p. Marsza\u0142ek El\u017cbiety Lanc, W\u00f3jta Gminy Sadowne p. Waldemara Cyrana. Kierownika siedleckiej Delegatury Mazowieckiego Urz\u0119du Wojew\u00f3dzkiego p. Marka Renika, Nadle\u015bniczego Nadle\u015bnictwa \u0141och\u00f3w p. Jerzego Derlickiego oraz b. W\u00f3jta Gminy Sadowne i inicjatora utworzenia Jednostki OSP Sok\u00f3\u0142ka p. Zdzis\u0142awa Tracza. W podzi\u0119kowaniu za wsp\u00f3\u0142prac\u0119 do r\u0105k os\u00f3b wyr\u00f3\u017cnionych przez druh\u00f3w trafi\u0142y drobne upominki oraz okoliczno\u015bciowe statuetki.<\/p>\n<p><strong>\u015awietna uroczysto\u015b\u0107 i zas\u0142u\u017cona dla druh\u00f3w z Jednostki OSP w Sok\u00f3\u0142ce. R\u00f3wnie\u017c gratuluj\u0119 oczekiwanego i zas\u0142u\u017conego w\u0142\u0105czenia do elitarnego Krajowego Systemu, \u017cycz\u0105c wytrwa\u0142o\u015bci i\u2026 tyle samo powrot\u00f3w, co wyjazd\u00f3w. By\u0107 w KSR-G to zaszczyt, ale i nowe zadania. <\/strong><strong>Powodzenia!<\/strong><\/p>\n<p><span style=\"color: #0000ff;\"><a style=\"color: #0000ff;\" href=\"https:\/\/photos.google.com\/share\/AF1QipPJWNVnVNq8-8W3wRWim7QWXPwWcEJM6_TyltpbTmY_dPRsst22ILIjhZ7-OHMVBw?key=SFA5MmtMRUtFQUVHTXFsUTdaTFA5SE41U0o1S0RR\" target=\"_blank\" rel=\"noopener noreferrer\"><strong>Zdj\u0119cia w galerii Google&gt;&gt;&gt;<\/strong><\/a><\/span><\/p>\n<p><strong>Tekst\/foto:<\/strong> S\u0142awek Chyli\u0144ski<\/p>\n","protected":false},"excerpt":{"rendered":"<p>\u2026ale i nowe zadania. Do Krajowego Systemu do\u0142\u0105czy\u0142a OSP w Sok\u00f3\u0142ce.<\/p>\n","protected":false},"author":1,"featured_media":0,"comment_status":"closed","ping_status":"closed","sticky":false,"template":"","format":"standard","meta":{"footnotes":""},"categories":[5,2392,4,267],"tags":[290,2847],"class_list":["post-18759","post","type-post","status-publish","format-standard","hentry","category-newsy","category-osp-sokolka","category-policja-straz-pozarna-pogotowie-ratunkowe","category-straz-pozarna-policja-straz-pozarna-pogotowie-ratunkowe","tag-osp-sokolka","tag-wlaczenie-osp-sokolka-do-ksr-g"],"views":3625,"_links":{"self":[{"href":"http:\/\/info.sadowne.pl\/index.php?rest_route=\/wp\/v2\/posts\/18759","targetHints":{"allow":["GET"]}}],"collection":[{"href":"http:\/\/info.sadowne.pl\/index.php?rest_route=\/wp\/v2\/posts"}],"about":[{"href":"http:\/\/info.sadowne.pl\/index.php?rest_route=\/wp\/v2\/types\/post"}],"author":[{"embeddable":true,"href":"http:\/\/info.sadowne.pl\/index.php?rest_route=\/wp\/v2\/users\/1"}],"replies":[{"embeddable":true,"href":"http:\/\/info.sadowne.pl\/index.php?rest_route=%2Fwp%2Fv2%2Fcomments&post=18759"}],"version-history":[{"count":1,"href":"http:\/\/info.sadowne.pl\/index.php?rest_route=\/wp\/v2\/posts\/18759\/revisions"}],"predecessor-version":[{"id":18761,"href":"http:\/\/info.sadowne.pl\/index.php?rest_route=\/wp\/v2\/posts\/18759\/revisions\/18761"}],"wp:attachment":[{"href":"http:\/\/info.sadowne.pl\/index.php?rest_route=%2Fwp%2Fv2%2Fmedia&parent=18759"}],"wp:term":[{"taxonomy":"category","embeddable":true,"href":"http:\/\/info.sadowne.pl\/index.php?rest_route=%2Fwp%2Fv2%2Fcategories&post=18759"},{"taxonomy":"post_tag","embeddable":true,"href":"http:\/\/info.sadowne.pl\/index.php?rest_route=%2Fwp%2Fv2%2Ftags&post=18759"}],"curies":[{"name":"wp","href":"https:\/\/api.w.org\/{rel}","templated":true}]}}