{"id":18818,"date":"2018-07-15T13:44:51","date_gmt":"2018-07-15T11:44:51","guid":{"rendered":"http:\/\/info.sadowne.pl\/?p=18818"},"modified":"2018-07-15T13:44:51","modified_gmt":"2018-07-15T11:44:51","slug":"na-czele-sokolka-i-szynkarzyzna","status":"publish","type":"post","link":"http:\/\/info.sadowne.pl\/?p=18818","title":{"rendered":"Na czele Sok\u00f3\u0142ka i Szynkarzyzna"},"content":{"rendered":"<p><strong><img loading=\"lazy\" decoding=\"async\" class=\"alignleft size-thumbnail wp-image-18819\" src=\"http:\/\/info.sadowne.pl\/wp-content\/uploads\/2018\/07\/2018.07.15.1-180x130.jpg\" alt=\"\" width=\"180\" height=\"130\" \/>15 lipca w Ziele\u0144cu odby\u0142y si\u0119 Zawody Sportowo \u2013 Po\u017carnicze OSP gminy Sadowne, kt\u00f3re przygotowa\u0142a miejscowa Jednostka OSP. <\/strong><!--more--><\/p>\n<p><strong>Na pierwszym miejscu w\u015br\u00f3d dru\u017cyn m\u0119skich uplasowa\u0142y si\u0119 Sok\u00f3\u0142ka i Szynkarzyzna.<\/strong><\/p>\n<p>W niedzielne przedpo\u0142udnie 15 lipca pogoda nie dopisa\u0142a i za jej przyczyn\u0105 podj\u0119to decyzj\u0119, \u017ce w trakcie Gminnych Zawod\u00f3w Sportowo \u2013 Po\u017carniczych w Ziele\u0144cu rozegrana zostanie tylko jedna konkurencja \u2013 \u0107wiczenia bojowe, zrezygnowano natomiast ze sztafety po\u017carniczej.<\/p>\n<p>Do zawod\u00f3w przyst\u0105pi\u0142o osiem dru\u017cyn m\u0119skich i jedna kobieca z OSP Sok\u00f3\u0142ka, kt\u00f3ra oczywi\u015bcie by\u0142a bezkonkurencyjna i w swojej kategorii zaj\u0119\u0142a pierwsze miejsce. M\u0142odzie\u017cowe dru\u017cyny rywalizowa\u0142y ju\u017c wcze\u015bniej w swojej kategorii \u2013 podczas Gminnego Dnia Dziecka w Sadownem, natomiast seniorzy musieli tym razem mocno rywalizowa\u0107 pod okiem specjalnie powo\u0142anej przez Komendanta PSP w W\u0119growie Komisji, kt\u00f3ra wy\u0142apywa\u0142a wszystkie niedoci\u0105gni\u0119cia i cz\u0119sto przyznawa\u0142a punkty karne.<\/p>\n<p>Ostatecznie, po zaci\u0119tej, wyr\u00f3wnanej walce i przeliczeniu punkt\u00f3w, ustalono ko\u0144cow\u0105 klasyfikacj\u0119:<\/p>\n<p><strong>Dru\u017cyny m\u0119skie<\/strong><\/p>\n<p>I \u2013 OSP Sok\u00f3\u0142ka i OSP Szynkarzyzna<\/p>\n<p>III \u2013 OSP Zieleniec<\/p>\n<p>IV \u2013 OSP Zalesie<\/p>\n<p>V \u2013 OSP Sadowne<\/p>\n<p>VI \u2013 OSP Wilczog\u0119by<\/p>\n<p>VII \u2013 OSP Morzyczyn W\u0142\u00f3ki<\/p>\n<p>VIII \u2013 OSP Morzyczyn W\u0142o\u015bcia\u0144ski<\/p>\n<p><strong>Dru\u017cyny \u017ce\u0144skie<\/strong><\/p>\n<p>I \u2013 OSP Sok\u00f3\u0142ka<\/p>\n<p>Puchary i dyplomy nasi druhowie otrzymali z r\u0105k W\u00f3jta Gminy Sadowne p. Waldemar Cyrana, Komendanta Gminnego OSP p. Mateusza Suskiego\u00a0 i Przewodnicz\u0105cego Komisji st. kpt. Paw\u0142a \u0141abaja. Najlepsze dru\u017cyny b\u0119d\u0105 reprezentowa\u0142y Gmin\u0119 Sadowne podczas najbli\u017cszych Powiatowych Zawod\u00f3w Sportowo \u2013 Po\u017carniczych w W\u0119growie.<\/p>\n<p><span style=\"color: #0000ff;\"><a style=\"color: #0000ff;\" href=\"https:\/\/photos.google.com\/share\/AF1QipMYwCAlNOv1LWYD6EHjoMXSIb6phmZ4oGIboKB3BarChvFtB4R-uIJ6efYqVyrljQ?key=bGRtZ2dfeGtSZW83OU01bjJxVklZUU81NzBsT093\" target=\"_blank\" rel=\"noopener noreferrer\"><strong>Zdj\u0119cia w galerii Google&gt;&gt;&gt;<\/strong><\/a><\/span><\/p>\n<p><strong>Tekst\/foto:<\/strong>\u00a0S\u0142awek Chyli\u0144ski<\/p>\n","protected":false},"excerpt":{"rendered":"<p>15 lipca w Ziele\u0144cu odby\u0142y si\u0119 Zawody Sportowo \u2013 Po\u017carnicze OSP gminy Sadowne, kt\u00f3re przygotowa\u0142a miejscowa Jednostka OSP.<\/p>\n","protected":false},"author":1,"featured_media":0,"comment_status":"closed","ping_status":"closed","sticky":false,"template":"","format":"standard","meta":{"footnotes":""},"categories":[5,2392,2393,2389,4,267],"tags":[2853,290,289,2852],"class_list":["post-18818","post","type-post","status-publish","format-standard","hentry","category-newsy","category-osp-sokolka","category-osp-szynkarzyzna","category-osp-zieleniec","category-policja-straz-pozarna-pogotowie-ratunkowe","category-straz-pozarna-policja-straz-pozarna-pogotowie-ratunkowe","tag-gminne-zawody-sportowo-pozarnicze-w-zielencu","tag-osp-sokolka","tag-osp-szynkarzyzna","tag-osp-zieleniec"],"views":3484,"_links":{"self":[{"href":"http:\/\/info.sadowne.pl\/index.php?rest_route=\/wp\/v2\/posts\/18818","targetHints":{"allow":["GET"]}}],"collection":[{"href":"http:\/\/info.sadowne.pl\/index.php?rest_route=\/wp\/v2\/posts"}],"about":[{"href":"http:\/\/info.sadowne.pl\/index.php?rest_route=\/wp\/v2\/types\/post"}],"author":[{"embeddable":true,"href":"http:\/\/info.sadowne.pl\/index.php?rest_route=\/wp\/v2\/users\/1"}],"replies":[{"embeddable":true,"href":"http:\/\/info.sadowne.pl\/index.php?rest_route=%2Fwp%2Fv2%2Fcomments&post=18818"}],"version-history":[{"count":2,"href":"http:\/\/info.sadowne.pl\/index.php?rest_route=\/wp\/v2\/posts\/18818\/revisions"}],"predecessor-version":[{"id":18821,"href":"http:\/\/info.sadowne.pl\/index.php?rest_route=\/wp\/v2\/posts\/18818\/revisions\/18821"}],"wp:attachment":[{"href":"http:\/\/info.sadowne.pl\/index.php?rest_route=%2Fwp%2Fv2%2Fmedia&parent=18818"}],"wp:term":[{"taxonomy":"category","embeddable":true,"href":"http:\/\/info.sadowne.pl\/index.php?rest_route=%2Fwp%2Fv2%2Fcategories&post=18818"},{"taxonomy":"post_tag","embeddable":true,"href":"http:\/\/info.sadowne.pl\/index.php?rest_route=%2Fwp%2Fv2%2Ftags&post=18818"}],"curies":[{"name":"wp","href":"https:\/\/api.w.org\/{rel}","templated":true}]}}