{"id":18824,"date":"2018-07-16T18:17:19","date_gmt":"2018-07-16T16:17:19","guid":{"rendered":"http:\/\/info.sadowne.pl\/?p=18824"},"modified":"2018-07-16T18:17:19","modified_gmt":"2018-07-16T16:17:19","slug":"wybrano-najpiekniejsze-ogrody","status":"publish","type":"post","link":"http:\/\/info.sadowne.pl\/?p=18824","title":{"rendered":"Wybrano \u201eNajpi\u0119kniejsze ogrody\u201d"},"content":{"rendered":"<p><strong><img loading=\"lazy\" decoding=\"async\" class=\"alignleft size-thumbnail wp-image-18825\" src=\"http:\/\/info.sadowne.pl\/wp-content\/uploads\/2018\/07\/2018.07.16.1-180x130.jpg\" alt=\"\" width=\"180\" height=\"130\" \/>Zako\u0144czy\u0142 si\u0119<\/strong><strong> Konkurs pn. \u201eNajpi\u0119k<\/strong><strong>niejszy ogr\u00f3d Gminy Sadowne 2018<\/strong><strong>\u201d.<\/strong><!--more--><\/p>\n<p>W pierwszym dniu tegorocznej wiosny Gminny O\u015brodek Kultury w Sadownem og\u0142osi\u0142 Konkurs \u201eNajpi\u0119kniejszy ogr\u00f3d Gminy Sadowne 2018\u201d pod patronatem W\u00f3jta Gminy Sadowne.<\/p>\n<p>Og\u0142oszony Konkurs mia\u0142 na celu: promocj\u0119 Gminy Sadowne i zlokalizowanych na jej terenie so\u0142ectw, propagowanie idei upi\u0119kszania w\u0142asnej miejscowo\u015bci poprzez ukazanie nowatorskich rozwi\u0105za\u0144 dekoracyjnych przydomowych posesji, jednocze\u015bnie wp\u0142ywaj\u0105cych na podniesienie poziomu estetycznego Gminy, wprowadzenie i utrwalenie zasad dba\u0142o\u015bci o w\u0142asn\u0105 posesj\u0119 i ogr\u00f3d oraz ostatecznie \u2013 wy\u0142onienie i nagrodzenie najpi\u0119kniejszych ogrod\u00f3w Gminy Sadowne.<\/p>\n<p>Zgodnie z Regulaminem Konkursu, powo\u0142ana przez Organizatora Komisja podda\u0142a ocenie z\u0142o\u017con\u0105 dokumentacj\u0119 oraz dokona\u0142a lustracji zg\u0142oszonych do Konkursu ogrod\u00f3w. Spo\u015br\u00f3d nich Komisja wy\u0142oni\u0142a laureat\u00f3w, bior\u0105c pod uwag\u0119 estetyk\u0119, funkcjonalno\u015b\u0107 ogrod\u00f3w, ich aran\u017cacj\u0119 i pomys\u0142owo\u015b\u0107 w\u0142a\u015bcicieli.<\/p>\n<p><strong>Informujemy<\/strong><strong>, i\u017c laureatami Konkursu \u201eNajpi\u0119k<\/strong><strong>niejszy ogr\u00f3d Gminy Sadowne 2018<\/strong><strong>\u201d zostali:<\/strong><\/p>\n<p><strong>I miejsce \u2013 p. <\/strong><strong>Izabela Go\u0142\u0119biowska<\/strong><\/p>\n<p><strong>II miejsce \u2013 p. <\/strong><strong>Maria Rybczy\u0144ska<\/strong><\/p>\n<p><strong>III miejsce \u2013 p. <\/strong><strong>Iwona Koluch<\/strong><\/p>\n<p><strong>Wyr\u00f3\u017cnienie \u2013 p. Daniela Gawro\u0144ska<\/strong><\/p>\n<p><strong>G<\/strong><strong>ratulujemy<\/strong><strong> w\u0142a\u015bcicielom \u201eNajpi\u0119kniejszych ogrod\u00f3w Gminy Sadowne\u201d<\/strong><strong>!<\/strong><\/p>\n<p><strong>Informujemy r\u00f3wnie\u017c, i\u017c wyniki Konkursu \u201eNajpi\u0119kniejszy ogr\u00f3d Gminy Sadowne 20<\/strong><strong>18<\/strong><strong>\u201d zostan\u0105 uroczy\u015b<\/strong><strong>cie og\u0142oszone podczas Festynu Wakacyjnego, kt\u00f3ry odb\u0119dzie si\u0119 21 lipca br.<\/strong><strong> w Sadownem.<\/strong><\/p>\n<p>Podczas tej uroczysto\u015bci, ok. godz. 19.00, wr\u0119czone zostan\u0105 laureatom Konkursu r\u00f3wnie\u017c nagrody rzeczowe, kt\u00f3rych sponsorami s\u0105 firmy przoduj\u0105ce w sprzeda\u017cy akcesori\u00f3w ogrodniczych na rynku lokalnym: PSB Mr\u00f3wka Sadowne (nagrody za miejsca I-III) i Sklep Ogrodniczy AGAWA (nagroda za wyr\u00f3\u017cnienie). Laureat\u00f3w Konkursu zapraszamy na t\u0119 uroczysto\u015b\u0107 oraz po odbi\u00f3r nagr\u00f3d.<\/p>\n<p>Zobaczmy te\u017c jak prezentuj\u0105 si\u0119 ogrody zwyci\u0119zc\u00f3w Konkursu.<\/p>\n<p><span style=\"color: #0000ff;\"><a style=\"color: #0000ff;\" href=\"https:\/\/photos.google.com\/share\/AF1QipPJiur9WFRRrKS82V9u8v-Mg_5U4e1U2eqUITnn7K7KrsRVwV2oQRElrQTB2J0ucA?key=TG44TWoxbHJFR3FzSnpHdzdUYWFMajBYMElkSUZn\" target=\"_blank\" rel=\"noopener noreferrer\"><strong>Zdj\u0119cia w galerii Google&gt;&gt;&gt;<\/strong><\/a><\/span><\/p>\n<p><strong>Tekst<\/strong><strong>\/foto<\/strong><strong>:<\/strong>\u00a0S\u0142awek Chyli\u0144ski<\/p>\n","protected":false},"excerpt":{"rendered":"<p>Zako\u0144czy\u0142 si\u0119 Konkurs pn. \u201eNajpi\u0119kniejszy ogr\u00f3d Gminy Sadowne 2018\u201d.<\/p>\n","protected":false},"author":1,"featured_media":0,"comment_status":"closed","ping_status":"closed","sticky":false,"template":"","format":"standard","meta":{"footnotes":""},"categories":[5,91,6],"tags":[169,2757],"class_list":["post-18824","post","type-post","status-publish","format-standard","hentry","category-newsy","category-gminny-osrodek-kultury","category-kultura-rozrywka-edukacja","tag-gminny-osrodek-kultury-w-sadownem","tag-konkurs-najpiekniejszy-ogrod-gminy-sadowne-2018"],"views":2835,"_links":{"self":[{"href":"http:\/\/info.sadowne.pl\/index.php?rest_route=\/wp\/v2\/posts\/18824","targetHints":{"allow":["GET"]}}],"collection":[{"href":"http:\/\/info.sadowne.pl\/index.php?rest_route=\/wp\/v2\/posts"}],"about":[{"href":"http:\/\/info.sadowne.pl\/index.php?rest_route=\/wp\/v2\/types\/post"}],"author":[{"embeddable":true,"href":"http:\/\/info.sadowne.pl\/index.php?rest_route=\/wp\/v2\/users\/1"}],"replies":[{"embeddable":true,"href":"http:\/\/info.sadowne.pl\/index.php?rest_route=%2Fwp%2Fv2%2Fcomments&post=18824"}],"version-history":[{"count":1,"href":"http:\/\/info.sadowne.pl\/index.php?rest_route=\/wp\/v2\/posts\/18824\/revisions"}],"predecessor-version":[{"id":18826,"href":"http:\/\/info.sadowne.pl\/index.php?rest_route=\/wp\/v2\/posts\/18824\/revisions\/18826"}],"wp:attachment":[{"href":"http:\/\/info.sadowne.pl\/index.php?rest_route=%2Fwp%2Fv2%2Fmedia&parent=18824"}],"wp:term":[{"taxonomy":"category","embeddable":true,"href":"http:\/\/info.sadowne.pl\/index.php?rest_route=%2Fwp%2Fv2%2Fcategories&post=18824"},{"taxonomy":"post_tag","embeddable":true,"href":"http:\/\/info.sadowne.pl\/index.php?rest_route=%2Fwp%2Fv2%2Ftags&post=18824"}],"curies":[{"name":"wp","href":"https:\/\/api.w.org\/{rel}","templated":true}]}}