{"id":18838,"date":"2018-07-17T12:48:58","date_gmt":"2018-07-17T10:48:58","guid":{"rendered":"http:\/\/info.sadowne.pl\/?p=18838"},"modified":"2018-07-17T12:48:58","modified_gmt":"2018-07-17T10:48:58","slug":"zakonczyl-sie-konkurs-czytelniczy","status":"publish","type":"post","link":"http:\/\/info.sadowne.pl\/?p=18838","title":{"rendered":"Zako\u0144czy\u0142 si\u0119 Konkurs Czytelniczy!"},"content":{"rendered":"<p><strong><img loading=\"lazy\" decoding=\"async\" class=\"alignleft size-thumbnail wp-image-18839\" src=\"http:\/\/info.sadowne.pl\/wp-content\/uploads\/2018\/07\/2018.07.17.1-180x130.jpg\" alt=\"\" width=\"180\" height=\"130\" \/>Gminna Biblioteka Publiczna w Sadownem i jej Filie podsumowa\u0142y czytelnictwo w roku szkolnym 2017\/2018.<\/strong><!--more--><\/p>\n<p>Z pocz\u0105tkiem roku szkolnego 2017\/2018 Gminna Biblioteka Publiczna w Sadownem oraz Filie Biblioteki og\u0142osi\u0142y Konkurs na \u201eNajlepszego czytelnika roku szkolnego 2017\/2018\u201d. Konkurs mia\u0142 na celu:<\/p>\n<ol>\n<li>Popularyzacj\u0119 czytelnictwa i bibliotek w \u015brodowisku lokalnym.<\/li>\n<li>Zach\u0119cenie dzieci i m\u0142odzie\u017cy oraz doros\u0142ych do czytania ksi\u0105\u017cek.<\/li>\n<li>Podnoszenie kultury czytelniczej dzieci i m\u0142odzie\u017cy oraz doros\u0142ych.<\/li>\n<\/ol>\n<p>Konkurs skierowany by\u0142 do dzieci i m\u0142odzie\u017cy oraz doros\u0142ych z terenu gminy Sadowne i mogli w nim uczestniczy\u0107 wy\u0142\u0105cznie czytelnicy zarejestrowani w Gminnej Bibliotece Publicznej w Sadownem lub Filiach Biblioteki.<\/p>\n<p>Konkurs trwa\u0142 w okresie od 04.09.2017 r. do 16.06.2018 r. i w\u0142a\u015bnie nast\u0105pi\u0142o jego podsumowanie. Oto jego zwyci\u0119zcy:<\/p>\n<p><strong>w kategorii dzieci i m\u0142odzie\u017c do lat 16-tu:<br \/>\n<\/strong>1. Wiktoria Gajowniczek<br \/>\n2. Amelia \u017bach<br \/>\n3. Wiktoria Wieliczko<\/p>\n<p><strong>w kategorii czytelnicy powy\u017cej 16-tego roku \u017cycia:<br \/>\n<\/strong>1. Ewa Ojdana<br \/>\n2. Ryszard Sulkowski<br \/>\n3. Halina W\u0142odarczyk<\/p>\n<p><strong>Wyr\u00f3\u017cnienia:<br \/>\n<\/strong>Mateusz Markowski<br \/>\nSzymon K\u0142\u00f3sek<br \/>\nJakub Kr\u00f3likowski<br \/>\nKrzysztof Sk\u0142adanek<br \/>\nJulia Koro\u015b<br \/>\nOliwia Krupa<br \/>\nPatrycja Pu\u015bcion<\/p>\n<p><strong>Wyr\u00f3\u017cnienia dla dzieci za wsp\u00f3lne czytanie z rodzicami:<br \/>\n<\/strong>Marta W\u00f3jcik<br \/>\nMateusz W\u00f3jcik<br \/>\nJulia Nowakowska<br \/>\nJakub Nowakowski<\/p>\n<p><span style=\"color: #ff0000;\"><strong>Uwaga laureaci Konkursu!<\/strong><\/span> Wr\u0119czenie nagr\u00f3d w Konkursie na \u201eNajlepszego czytelnika roku szkolnego 2017\/2018\u201d nast\u0105pi podczas Festynu Wakacyjnego, kt\u00f3ry odb\u0119dzie si\u0119 21 lipca br. w Sadownem. Zapraszamy na uroczyste wr\u0119czenie nagr\u00f3d ok. godz. 19.00.<\/p>\n","protected":false},"excerpt":{"rendered":"<p>Gminna Biblioteka Publiczna w Sadownem i jej Filie podsumowa\u0142y czytelnictwo w roku szkolnym 2017\/2018.<\/p>\n","protected":false},"author":1,"featured_media":0,"comment_status":"closed","ping_status":"closed","sticky":false,"template":"","format":"standard","meta":{"footnotes":""},"categories":[5,2149,6],"tags":[113,2562],"class_list":["post-18838","post","type-post","status-publish","format-standard","hentry","category-newsy","category-gminna-biblioteka-publiczna","category-kultura-rozrywka-edukacja","tag-gminna-biblioteka-publiczna-w-sadownem","tag-konkurs-na-najlepszego-czytelnika-roku-szkolnego-20172018"],"views":2553,"_links":{"self":[{"href":"http:\/\/info.sadowne.pl\/index.php?rest_route=\/wp\/v2\/posts\/18838","targetHints":{"allow":["GET"]}}],"collection":[{"href":"http:\/\/info.sadowne.pl\/index.php?rest_route=\/wp\/v2\/posts"}],"about":[{"href":"http:\/\/info.sadowne.pl\/index.php?rest_route=\/wp\/v2\/types\/post"}],"author":[{"embeddable":true,"href":"http:\/\/info.sadowne.pl\/index.php?rest_route=\/wp\/v2\/users\/1"}],"replies":[{"embeddable":true,"href":"http:\/\/info.sadowne.pl\/index.php?rest_route=%2Fwp%2Fv2%2Fcomments&post=18838"}],"version-history":[{"count":1,"href":"http:\/\/info.sadowne.pl\/index.php?rest_route=\/wp\/v2\/posts\/18838\/revisions"}],"predecessor-version":[{"id":18840,"href":"http:\/\/info.sadowne.pl\/index.php?rest_route=\/wp\/v2\/posts\/18838\/revisions\/18840"}],"wp:attachment":[{"href":"http:\/\/info.sadowne.pl\/index.php?rest_route=%2Fwp%2Fv2%2Fmedia&parent=18838"}],"wp:term":[{"taxonomy":"category","embeddable":true,"href":"http:\/\/info.sadowne.pl\/index.php?rest_route=%2Fwp%2Fv2%2Fcategories&post=18838"},{"taxonomy":"post_tag","embeddable":true,"href":"http:\/\/info.sadowne.pl\/index.php?rest_route=%2Fwp%2Fv2%2Ftags&post=18838"}],"curies":[{"name":"wp","href":"https:\/\/api.w.org\/{rel}","templated":true}]}}