{"id":18853,"date":"2018-07-22T15:28:50","date_gmt":"2018-07-22T13:28:50","guid":{"rendered":"http:\/\/info.sadowne.pl\/?p=18853"},"modified":"2018-07-22T15:29:28","modified_gmt":"2018-07-22T13:29:28","slug":"festyn-wakacyjny-2018","status":"publish","type":"post","link":"http:\/\/info.sadowne.pl\/?p=18853","title":{"rendered":"Festyn Wakacyjny 2018"},"content":{"rendered":"<p><strong><img loading=\"lazy\" decoding=\"async\" class=\"alignleft size-thumbnail wp-image-18854\" src=\"http:\/\/info.sadowne.pl\/wp-content\/uploads\/2018\/07\/2018.07.22.1-180x130.jpg\" alt=\"\" width=\"180\" height=\"130\" \/>Cykliczna impreza letnia za nami. 21 lipca odby\u0142 si\u0119 w Sadownem Festyn Wakacyjny.<\/strong><!--more--><\/p>\n<p>Po raz kolejny dla mieszka\u0144c\u00f3w Gminy Sadowne i przebywaj\u0105cych tu go\u015bci W\u00f3jt Gminy Sadowne i Gminny O\u015brodek Kultury w Sadownem wsp\u00f3lnie przygotowali moc atrakcji w formie Festynu Wakacyjnego, kt\u00f3ry rozpocz\u0105\u0142 si\u0119 popo\u0142udniem 21 lipca.<\/p>\n<p>Jako pierwsi publiczno\u015b\u0107 zaszczyci\u0142y swoim wyst\u0119pem dzieciaki z Przedszkola w Sadownem w inscenizacji pt. \u201eBabuszki\u201d, a tu\u017c po nich na scenie pojawili si\u0119\u2026 ich dziadkowie, rodzice wraz z p. Dyrektor Agat\u0105 S\u0119dek. \u201eTeatr rodzica\u201d, bo tak\u0105 przyj\u0119li nazw\u0119 swojej grupy teatralnej, przedstawi\u0142 ciekaw\u0105, humorystyczn\u0105 i barwn\u0105 interpretacj\u0119 \u201eRzepki\u201d Juliana Tuwima. Cz\u0119\u015b\u0107 artystyczn\u0105 sadowie\u0144skich \u201egwiazd\u201d podsumowa\u0142a wyst\u0119pem solowym wokalistka Julia Urbankowska \u2013 uczennica Zespo\u0142u Szk\u00f3\u0142 Ponadgimnazjalnych w Sadownem i jednocze\u015bnie finalistka Og\u00f3lnopolskiego Konkursu Krzysztofa Klenczona i Czerwonych Gitar, kt\u00f3ry odby\u0142 si\u0119 niedawno w Pu\u0142tusku. Zobacz film na stronie <span style=\"color: #0000ff;\"><strong><a style=\"color: #0000ff;\" href=\"https:\/\/youtu.be\/sPzESK5rNOI\" target=\"_blank\" rel=\"noopener noreferrer\">https:\/\/youtu.be\/sPzESK5rNOI<\/a><\/strong><\/span>.<\/p>\n<p>I tu mo\u017cna doda\u0107 tylko, \u017ce wyst\u0119py by\u0142y \u015bwietne, arty\u015bci otrzymali moc braw i\u2026 owacje na stoj\u0105co. Brawo i czekamy na wi\u0119cej. Brawami nagrodzono te\u017c wyst\u0119p Zespo\u0142u Muzycznego \u201eDiament\u201d z Mi\u0144ska Mazowieckiego, kt\u00f3ry poprzedzi\u0142 oficjalne otwarcie Festynu Wakacyjnego.<\/p>\n<p>Godz. 19.00 i planowane oficjalne rozpocz\u0119cie Festynu. Tu w roli g\u0142\u00f3wnej: W\u00f3jt Gminy Sadowne p. Waldemar Cyran, Dyrektor Gminnego O\u015brodka Kultury w Sadownem p. Ewa Pi\u00f3rkowska i obecna na Festynie p. Marsza\u0142ek Wojew\u00f3dztwa Mazowieckiego El\u017cbieta Lanc. Nast\u0105pi\u0142o oczywi\u015bcie serdeczne powitanie i \u017cyczenia\u2026 wspania\u0142ej, wsp\u00f3lnej zabawy podczas tego Festynu.<\/p>\n<p>Oficjalne otwarcie imprezy sta\u0142o si\u0119 te\u017c okazj\u0105 do podsumowa\u0144 konkurs\u00f3w organizowanych w Gminie Sadowne. W pierwszej cz\u0119\u015bci na scenie pojawili si\u0119 laureaci organizowanego przez Gminny O\u015brodek Kultury konkursu na \u201eNajpi\u0119kniejszy ogr\u00f3d Gminy Sadowne\u201d. Za naj\u0142adniejsze ogrody nagrody od g\u0142\u00f3wnego sponsora konkursu p. Tomasza Gajewskiego i PSB \u201eMr\u00f3wka\u201d Sadowne otrzymali: p. Iza Go\u0142\u0119biowska, p. Maria Rybczy\u0144ska i p. Iwona Koluch. Nagrod\u0119 za wyr\u00f3\u017cnienie otrzyma\u0142a p. Daniela Gawro\u0144ska, a jej sponsorem by\u0142 Sklep Ogrodniczy AGAWA w Sadownem. Wi\u0119cej o konkursie na stronie <span style=\"color: #0000ff;\"><strong><a style=\"color: #0000ff;\" href=\"http:\/\/info.sadowne.pl\/?p=18824\" target=\"_blank\" rel=\"noopener noreferrer\">http:\/\/info.sadowne.pl\/?p=18824<\/a><\/strong><\/span>.<\/p>\n<p>Nagrody dla najlepszych czytelnik\u00f3w Gminnej Biblioteki Publicznej w Sadownem i jej Filii otrzyma\u0142o kilkana\u015bcie os\u00f3b. W imieniu Organizatora konkursu na \u201eNajlepszego czytelnika roku szkolnego 2017\/2018\u201d wr\u0119cza\u0142a p. Ewa Pi\u00f3rkowska wraz z W\u00f3jtem p. Waldemarem Cyranem. Nagrody dla nieobecnych na Festynie laureat\u00f3w konkursu do odebrania w Gminnym O\u015brodku Kultury w Sadownem. Wi\u0119cej o konkursie i jego wynikach na stronie <span style=\"color: #0000ff;\"><strong><a style=\"color: #0000ff;\" href=\"http:\/\/info.sadowne.pl\/?p=18838\" target=\"_blank\" rel=\"noopener noreferrer\">http:\/\/info.sadowne.pl\/?p=18838<\/a><\/strong><\/span>.<\/p>\n<p>A dalej\u2026 kolejne wyst\u0119py, wsp\u00f3lna zabawa i inne atrakcje, kt\u00f3re towarzyszy\u0142y Festynowi. Na pocz\u0105tek grupa tancerek, wokalistek z Zespo\u0142u \u201eMaraquja Music&amp;Dance Show\u201d, kt\u00f3ra wykona\u0142a znane i lubiane przeboje z tanecznymi aran\u017cacjami. Po nich ponownie Zesp\u00f3\u0142 Muzyczny \u201eDiament\u201d, a nast\u0119pnie gwiazda wieczoru \u2013 Zesp\u00f3\u0142 \u201ePower Play\u201d, jedna z najbardziej rozpoznawalnych gwiazd polskiej sceny muzyczno \u2013 rozrywkowej, prezentuj\u0105ca muzyk\u0119 disco polo&amp;dance.<\/p>\n<p>Disco polo&amp;dance to te\u017c domena kieleckiego Zespo\u0142u Muzycznego FOX, kt\u00f3ry zaprezentowa\u0142 si\u0119 tu\u017c po Zespole \u201ePower Play\u201d i bawi\u0142 publiczno\u015b\u0107 do p\u00f3\u0142nocy, przekazuj\u0105c \u201epa\u0142eczk\u0119&#8221; muzyczn\u0105 DJ-owi, z kt\u00f3rym trwa\u0142a zabawa \u201edo bia\u0142ego rana\u201d.<\/p>\n<p>Festyn udany i \u015bwietnie przygotowany. Jak stwierdzi\u0142 podczas oficjalnego otwarcia Festynu p. W\u00f3jt, wy\u0142\u0105cznie dzi\u0119ki skrupulatnej i d\u0142ugotrwa\u0142ej pracy rzeszy os\u00f3b, na czele kt\u00f3rych stan\u0119li pracownicy Gminnego O\u015brodka Kultury w Sadowne i wielki dzi\u0119ki im za to. Nadmienimy te\u017c, \u017ce tym razem w rol\u0119 konferansjera wcieli\u0142a si\u0119 p. Magda Zy\u015bk z Gminnego O\u015brodka Kultury w Sadownem.<\/p>\n<p>Ale tak powa\u017cna impreza musi mie\u0107 te\u017c swoich sponsor\u00f3w i tu podzi\u0119kowania dla nich. Lista jest d\u0142uga, ale warto wszystkich wymieni\u0107. Oto oni: EF Trading Emil Filipiak z Sojk\u00f3wka, \u201eMr\u00f3wka\u201d Sadowne Tomasz Gajewski, Piekarnia \u2013 Grzegorz Opieka z Sadownego, Promar \u2013 Zak\u0142ad Produkcji Maszyn Rolniczych, Sklep \u201eRobert\u201d z Sadownego, Barbara Filipiak \u2013 Kwiaciarnia, Sklep Ogrodniczy AGAWA \u2013 Sylwia Filipiak, Kawiarnia \u201eMarica\u201d \u2013 Ryszard Zawadzki, Kosmetyka i stylizacja paznokci \u2013 Martyna Wronek Sadowne, Salon Fryzjerski \u2013 Ewa Nied\u017awied\u017a-Wronek Sadowne, Salon fryzjerski ARTISTIC TREND \u2013 Ma\u0142gorzata Ardzi\u0144ska, Mechanika pojazdowa \u2013 Wojciech Kukwa, Agencja ubezpieczeniowa PZU \u2013 Piotr Olkowski Oci\u0119te, Salon fryzjerski i kosmetyczny \u2013 Monika Filipiak Sadowne, Mobilny salon kosmetyczny \u2013 Anna Gaca Sadowne, Studio fotograficzne \u2013 Mateusz Gaca Sadowne, Za\u015bcianek Nowy Styl \u2013 Henryk Klimek Sadowne, Auto cz\u0119\u015bci Kowalczyk, Drew-pol \u2013 Marek Pu\u015bcion P\u0142atkownica, Sad-Pol Sadowne \u2013 Bogdan Skwarczy\u0144ski, Auto-Moto \u2013 \u0141ukasz Puchta Sadowne, Drewsad \u2013 S\u0142awomir Postek i Andrzej Postek, Drewax Grabiny, Auto Naprawa \u2013 \u0141ukasz Szczechura Sadole\u015b, Kwiaciarnia \u201eMagdalena\u201d \u2013 Marta K\u0105dziela Sadowne, Silver \u2013 Us\u0142ugi kosmetyczne \u2013 Sylwia Gasto\u0142. A na koniec patronat medialny \u2013 INFO Sadowne.<\/p>\n<p>Warto te\u017c wspomnie\u0107 o otoczeniu sceny i placu, na kt\u00f3rym odbywa\u0142 si\u0119 Festyn. Wtopi\u0142o si\u0119 w nie wiele stoisk gastronomicznych i promocyjnych, grill, wata cukrowa, lody, popcorn, pra\u017cynki\u2026 ale te\u017c atrakcje dla dzieci w postaci zje\u017cd\u017calni, dmuchanego placu zabaw, kuli wodnych, kucyk\u00f3w\u2026<\/p>\n<p>I to ju\u017c wszystko \u2013 na kolejny Festyn Wakacyjny zapraszamy ju\u017c za rok, ale wcze\u015bniej \u2013 na inne imprezy, kt\u00f3re planowane s\u0105 jeszcze w te wakacje i tu\u017c po nich. B\u0119dziemy o nich informowa\u0107 z wyprzedzeniem.<\/p>\n<p><span style=\"color: #0000ff;\"><a style=\"color: #0000ff;\" href=\"https:\/\/photos.google.com\/share\/AF1QipMuaoqarSjmk1J5jG6W68V0bBgEA6jf1Wt8tEUCcObD0BuMtBEHx9-pPg9m7jb9Qw?key=clFURzV5Z3gwOFhVQ2R5OE5wTEYwdl9qUF9BVFh3\" target=\"_blank\" rel=\"noopener noreferrer\"><strong>Zdj\u0119cia w galerii Google&gt;&gt;&gt;<\/strong><\/a><\/span><\/p>\n<p><strong>Tekst\/foto:<\/strong> S\u0142awek Chyli\u0144ski<\/p>\n","protected":false},"excerpt":{"rendered":"<p>Cykliczna impreza letnia za nami. 21 lipca odby\u0142 si\u0119 w Sadownem Festyn Wakacyjny.<\/p>\n","protected":false},"author":1,"featured_media":0,"comment_status":"closed","ping_status":"closed","sticky":false,"template":"","format":"standard","meta":{"footnotes":""},"categories":[5,91,6],"tags":[2826,169],"class_list":["post-18853","post","type-post","status-publish","format-standard","hentry","category-newsy","category-gminny-osrodek-kultury","category-kultura-rozrywka-edukacja","tag-festyn-wakacyjny-2018-w-sadownem","tag-gminny-osrodek-kultury-w-sadownem"],"views":3356,"_links":{"self":[{"href":"http:\/\/info.sadowne.pl\/index.php?rest_route=\/wp\/v2\/posts\/18853","targetHints":{"allow":["GET"]}}],"collection":[{"href":"http:\/\/info.sadowne.pl\/index.php?rest_route=\/wp\/v2\/posts"}],"about":[{"href":"http:\/\/info.sadowne.pl\/index.php?rest_route=\/wp\/v2\/types\/post"}],"author":[{"embeddable":true,"href":"http:\/\/info.sadowne.pl\/index.php?rest_route=\/wp\/v2\/users\/1"}],"replies":[{"embeddable":true,"href":"http:\/\/info.sadowne.pl\/index.php?rest_route=%2Fwp%2Fv2%2Fcomments&post=18853"}],"version-history":[{"count":2,"href":"http:\/\/info.sadowne.pl\/index.php?rest_route=\/wp\/v2\/posts\/18853\/revisions"}],"predecessor-version":[{"id":18856,"href":"http:\/\/info.sadowne.pl\/index.php?rest_route=\/wp\/v2\/posts\/18853\/revisions\/18856"}],"wp:attachment":[{"href":"http:\/\/info.sadowne.pl\/index.php?rest_route=%2Fwp%2Fv2%2Fmedia&parent=18853"}],"wp:term":[{"taxonomy":"category","embeddable":true,"href":"http:\/\/info.sadowne.pl\/index.php?rest_route=%2Fwp%2Fv2%2Fcategories&post=18853"},{"taxonomy":"post_tag","embeddable":true,"href":"http:\/\/info.sadowne.pl\/index.php?rest_route=%2Fwp%2Fv2%2Ftags&post=18853"}],"curies":[{"name":"wp","href":"https:\/\/api.w.org\/{rel}","templated":true}]}}