{"id":18871,"date":"2018-07-28T10:31:22","date_gmt":"2018-07-28T08:31:22","guid":{"rendered":"http:\/\/info.sadowne.pl\/?p=18871"},"modified":"2018-07-28T19:09:00","modified_gmt":"2018-07-28T17:09:00","slug":"kolejna-okazja-za-105-lat","status":"publish","type":"post","link":"http:\/\/info.sadowne.pl\/?p=18871","title":{"rendered":"Kolejna okazja za 105 lat\u2026"},"content":{"rendered":"<p><strong><img loading=\"lazy\" decoding=\"async\" class=\"alignleft size-thumbnail wp-image-18872\" src=\"http:\/\/info.sadowne.pl\/wp-content\/uploads\/2018\/07\/2018.07.28-1-180x130.jpg\" alt=\"\" width=\"180\" height=\"130\" \/>Rzadka okazja obserwacji ca\u0142kowitego za\u0107mienia Ksi\u0119\u017cyca. 27 lipca satelita Ziemi \u201eznik\u0142\u201d z niebosk\u0142onu.<\/strong><!--more--><\/p>\n<p>Mo\u017ce nie wszyscy prowadzili obserwacj\u0119, ale warto by\u0142o spojrze\u0107 tego dnia w niebo i obejrze\u0107 wyj\u0105tkowe wydarzenie astronomiczne \u2013 ca\u0142kowite i najd\u0142u\u017csze w tym stuleciu za\u0107mienie Ksi\u0119\u017cyca. Kolejne takie wydarzenie przewiduje si\u0119 na rok 2123.<\/p>\n<p>Za\u0107mienie Ksi\u0119\u017cyca zachodzi wtedy, gdy znajdzie si\u0119 on w cieniu Ziemi (o\u015bwietlanej przez S\u0142o\u0144ce z przeciwnej stronie ni\u017c po\u0142o\u017cenie Srebrnego Globu). Wtedy promienie s\u0142oneczne nie docieraj\u0105 do powierzchni naszego naturalnego satelity, czyni\u0105c go niewidocznym dla ludzkiego oka cz\u0119\u015bciowo lub &#8211; jak ostatniej nocy &#8211; ca\u0142kowicie.<\/p>\n<p>Do obserwacji wystarczy\u0142o go\u0142e oko, ale je\u015bli kto\u015b posiada do tego specjalistyczny sprz\u0119t, to m\u00f3g\u0142 podziwia\u0107 zmian\u0119 koloru znikaj\u0105cego satelity, ale te\u017c drugoplanowego bohatera wieczoru, czwartego w Uk\u0142adzie S\u0142onecznym &#8211; Marsa, kt\u00f3ry znalaz\u0142 si\u0119 w najbli\u017cszym od S\u0142o\u0144ca punkcie swojej orbity i &#8222;za\u015bwieci\u0142&#8221; ja\u015bniejszym ni\u017c zwykle \u015bwiat\u0142em, usadawiaj\u0105c si\u0119 nieopodal znikaj\u0105cego Ksi\u0119\u017cyca.<\/p>\n<p>Warto by\u0142o uczestniczy\u0107 w tym wydarzeniu, ale je\u015bli kto\u015b nie zd\u0105\u017cy\u0142, to nic straconego. Wkr\u00f3tce czeka nas inny \u201eniebia\u0144ski\u201d spektakl \u2013 \u201enoc perseid\u00f3w\u201d. W tym roku licznie spadaj\u0105ce gwiazdy mo\u017cemy obejrze\u0107 w nocy z 12 na 13 sierpnia &#8211; w\u00f3wczas na niebie b\u0119dzie ich najwi\u0119cej, ale to nie znaczy, \u017ce b\u0119dzie to koniec tego zjawiska. Perseidy b\u0119d\u0105, cho\u0107 w mniejszej liczbie, widoczne na naszym niebie niemal przez ca\u0142\u0105 drug\u0105 po\u0142ow\u0119 sierpnia.<\/p>\n\n\t\t<style type=\"text\/css\">\n\t\t\t#gallery-1 {\n\t\t\t\tmargin: auto;\n\t\t\t}\n\t\t\t#gallery-1 .gallery-item {\n\t\t\t\tfloat: left;\n\t\t\t\tmargin-top: 10px;\n\t\t\t\ttext-align: center;\n\t\t\t\twidth: 33%;\n\t\t\t}\n\t\t\t#gallery-1 img {\n\t\t\t\tborder: 2px solid #cfcfcf;\n\t\t\t}\n\t\t\t#gallery-1 .gallery-caption {\n\t\t\t\tmargin-left: 0;\n\t\t\t}\n\t\t\t\/* see gallery_shortcode() in wp-includes\/media.php *\/\n\t\t<\/style>\n\t\t<div id='gallery-1' class='gallery galleryid-18871 gallery-columns-3 gallery-size-thumbnail'><dl class='gallery-item'>\n\t\t\t<dt class='gallery-icon landscape'>\n\t\t\t\t<a href='http:\/\/info.sadowne.pl\/wp-content\/uploads\/2018\/07\/2018.07.28-1.jpg'><img loading=\"lazy\" decoding=\"async\" width=\"180\" height=\"130\" src=\"http:\/\/info.sadowne.pl\/wp-content\/uploads\/2018\/07\/2018.07.28-1-180x130.jpg\" class=\"attachment-thumbnail size-thumbnail\" alt=\"\" \/><\/a>\n\t\t\t<\/dt><\/dl><dl class='gallery-item'>\n\t\t\t<dt class='gallery-icon landscape'>\n\t\t\t\t<a href='http:\/\/info.sadowne.pl\/wp-content\/uploads\/2018\/07\/2018.07.28-2.jpg'><img loading=\"lazy\" decoding=\"async\" width=\"180\" height=\"130\" src=\"http:\/\/info.sadowne.pl\/wp-content\/uploads\/2018\/07\/2018.07.28-2-180x130.jpg\" class=\"attachment-thumbnail size-thumbnail\" alt=\"\" srcset=\"http:\/\/info.sadowne.pl\/wp-content\/uploads\/2018\/07\/2018.07.28-2-180x130.jpg 180w, http:\/\/info.sadowne.pl\/wp-content\/uploads\/2018\/07\/2018.07.28-2.jpg 783w\" sizes=\"auto, (max-width: 180px) 100vw, 180px\" \/><\/a>\n\t\t\t<\/dt><\/dl><dl class='gallery-item'>\n\t\t\t<dt class='gallery-icon landscape'>\n\t\t\t\t<a href='http:\/\/info.sadowne.pl\/wp-content\/uploads\/2018\/07\/2018.07.28-3.jpg'><img loading=\"lazy\" decoding=\"async\" width=\"180\" height=\"130\" src=\"http:\/\/info.sadowne.pl\/wp-content\/uploads\/2018\/07\/2018.07.28-3-180x130.jpg\" class=\"attachment-thumbnail size-thumbnail\" alt=\"\" \/><\/a>\n\t\t\t<\/dt><\/dl><br style=\"clear: both\" \/><dl class='gallery-item'>\n\t\t\t<dt class='gallery-icon landscape'>\n\t\t\t\t<a href='http:\/\/info.sadowne.pl\/wp-content\/uploads\/2018\/07\/2018.07.28-4.jpg'><img loading=\"lazy\" decoding=\"async\" width=\"180\" height=\"130\" src=\"http:\/\/info.sadowne.pl\/wp-content\/uploads\/2018\/07\/2018.07.28-4-180x130.jpg\" class=\"attachment-thumbnail size-thumbnail\" alt=\"\" \/><\/a>\n\t\t\t<\/dt><\/dl><dl class='gallery-item'>\n\t\t\t<dt class='gallery-icon landscape'>\n\t\t\t\t<a href='http:\/\/info.sadowne.pl\/wp-content\/uploads\/2018\/07\/2018.07.28-5.jpg'><img loading=\"lazy\" decoding=\"async\" width=\"180\" height=\"130\" src=\"http:\/\/info.sadowne.pl\/wp-content\/uploads\/2018\/07\/2018.07.28-5-180x130.jpg\" class=\"attachment-thumbnail size-thumbnail\" alt=\"\" \/><\/a>\n\t\t\t<\/dt><\/dl><dl class='gallery-item'>\n\t\t\t<dt class='gallery-icon landscape'>\n\t\t\t\t<a href='http:\/\/info.sadowne.pl\/wp-content\/uploads\/2018\/07\/2018.07.28-6.jpg'><img loading=\"lazy\" decoding=\"async\" width=\"180\" height=\"130\" src=\"http:\/\/info.sadowne.pl\/wp-content\/uploads\/2018\/07\/2018.07.28-6-180x130.jpg\" class=\"attachment-thumbnail size-thumbnail\" alt=\"\" \/><\/a>\n\t\t\t<\/dt><\/dl><br style=\"clear: both\" \/>\n\t\t<\/div>\n\n<p><strong>Tekst\/foto:<\/strong> S\u0142awek Chyli\u0144ski<\/p>\n","protected":false},"excerpt":{"rendered":"<p>Rzadka okazja obserwacji ca\u0142kowitego za\u0107mienia Ksi\u0119\u017cyca. 27 lipca satelita Ziemi \u201eznik\u0142\u201d z niebosk\u0142onu.<\/p>\n","protected":false},"author":1,"featured_media":0,"comment_status":"closed","ping_status":"closed","sticky":false,"template":"","format":"standard","meta":{"footnotes":""},"categories":[5,1],"tags":[2529,2865],"class_list":["post-18871","post","type-post","status-publish","format-standard","hentry","category-newsy","category-inne","tag-astronomia","tag-zacmienie-ksiezyca"],"views":2544,"_links":{"self":[{"href":"http:\/\/info.sadowne.pl\/index.php?rest_route=\/wp\/v2\/posts\/18871","targetHints":{"allow":["GET"]}}],"collection":[{"href":"http:\/\/info.sadowne.pl\/index.php?rest_route=\/wp\/v2\/posts"}],"about":[{"href":"http:\/\/info.sadowne.pl\/index.php?rest_route=\/wp\/v2\/types\/post"}],"author":[{"embeddable":true,"href":"http:\/\/info.sadowne.pl\/index.php?rest_route=\/wp\/v2\/users\/1"}],"replies":[{"embeddable":true,"href":"http:\/\/info.sadowne.pl\/index.php?rest_route=%2Fwp%2Fv2%2Fcomments&post=18871"}],"version-history":[{"count":2,"href":"http:\/\/info.sadowne.pl\/index.php?rest_route=\/wp\/v2\/posts\/18871\/revisions"}],"predecessor-version":[{"id":18879,"href":"http:\/\/info.sadowne.pl\/index.php?rest_route=\/wp\/v2\/posts\/18871\/revisions\/18879"}],"wp:attachment":[{"href":"http:\/\/info.sadowne.pl\/index.php?rest_route=%2Fwp%2Fv2%2Fmedia&parent=18871"}],"wp:term":[{"taxonomy":"category","embeddable":true,"href":"http:\/\/info.sadowne.pl\/index.php?rest_route=%2Fwp%2Fv2%2Fcategories&post=18871"},{"taxonomy":"post_tag","embeddable":true,"href":"http:\/\/info.sadowne.pl\/index.php?rest_route=%2Fwp%2Fv2%2Ftags&post=18871"}],"curies":[{"name":"wp","href":"https:\/\/api.w.org\/{rel}","templated":true}]}}