{"id":18951,"date":"2018-08-13T19:09:25","date_gmt":"2018-08-13T17:09:25","guid":{"rendered":"http:\/\/info.sadowne.pl\/?p=18951"},"modified":"2018-08-13T19:09:25","modified_gmt":"2018-08-13T17:09:25","slug":"msza-swieta","status":"publish","type":"post","link":"http:\/\/info.sadowne.pl\/?p=18951","title":{"rendered":"Msza \u015awi\u0119ta\u2026"},"content":{"rendered":"<p><strong><a href=\"http:\/\/info.sadowne.pl\/wp-content\/uploads\/2018\/08\/2018.08.13.4.jpg\" target=\"_blank\" rel=\"noopener noreferrer\"><img loading=\"lazy\" decoding=\"async\" class=\"alignleft wp-image-18952 size-thumbnail\" src=\"http:\/\/info.sadowne.pl\/wp-content\/uploads\/2018\/08\/2018.08.13.4-180x130.jpg\" alt=\"\" width=\"180\" height=\"130\" \/><\/a>\u2026w ko\u0142odzi\u0105\u017cskim lesie.<\/strong><!--more--><\/p>\n<p>Miejsce urodzenia b\u0142. ks. Edwarda Grzyma\u0142y, jednego ze 108 b\u0142ogos\u0142awionych m\u0119czennik\u00f3w II wojny \u015bwiatowej, wyznacza dzi\u015b niewielka le\u015bna polana, z pami\u0105tkowym g\u0142azem, ma\u0142\u0105 kapliczk\u0105 s\u0142upow\u0105 ku czci b\u0142. Edwarda i granitowy st\u00f3\u0142 o\u0142tarzowy, nad kt\u00f3rym ustawiony jest solidny daszek. Niegdy\u015b sta\u0142a tu gaj\u00f3wka nale\u017c\u0105ca do wsi Ko\u0142odzi\u0105\u017c. Obok zabudowa\u0144 r\u00f3s\u0142 stoj\u0105cy do dzisiaj, pomnikowy d\u0105b. W takim zielonym zak\u0105tku dorasta\u0142a \u015bwi\u0119to\u015b\u0107.<\/p>\n<p><a href=\"http:\/\/info.sadowne.pl\/wp-content\/uploads\/2018\/08\/2018.08.13.1.jpg\" target=\"_blank\" rel=\"noopener noreferrer\"><img loading=\"lazy\" decoding=\"async\" class=\"alignright wp-image-18953 size-medium\" src=\"http:\/\/info.sadowne.pl\/wp-content\/uploads\/2018\/08\/2018.08.13.1-300x225.jpg\" alt=\"\" width=\"300\" height=\"225\" srcset=\"http:\/\/info.sadowne.pl\/wp-content\/uploads\/2018\/08\/2018.08.13.1-300x225.jpg 300w, http:\/\/info.sadowne.pl\/wp-content\/uploads\/2018\/08\/2018.08.13.1-768x577.jpg 768w, http:\/\/info.sadowne.pl\/wp-content\/uploads\/2018\/08\/2018.08.13.1.jpg 783w\" sizes=\"auto, (max-width: 300px) 100vw, 300px\" \/><\/a><\/p>\n<p>Od kilkunastu lat w drug\u0105 niedziel\u0119 sierpnia, w rocznic\u0119 \u015bmierci b\u0142. ks. Edwarda Grzyma\u0142y w Dachau w 1942 roku, gromadz\u0105 si\u0119 tu wierni z parafii Sadowne i s\u0105siedniej parafii Prosty\u0144.\u00a0 Tegoroczne uroczysto\u015bci mia\u0142y miejsce 12 sierpnia i rozpocz\u0119\u0142y si\u0119 modlitw\u0105 Anio\u0142 Pa\u0144ski o godz. 12.00. Nast\u0119pnie odprawiona zosta\u0142a Msza \u015awi\u0119ta koncelebrowana przez ks. Karola Lipczy\u0144skiego \u2013 wikariusza parafii Sadowne oraz o. dra Marka W\u00f3dk\u0119 \u2013 franciszkanina pochodz\u0105cego z tej\u017ce parafii, wyk\u0142adowc\u0119 Instytutu Socjologii KUL.<\/p>\n<p><a href=\"http:\/\/info.sadowne.pl\/wp-content\/uploads\/2018\/08\/2018.08.13.2.jpg\" target=\"_blank\" rel=\"noopener noreferrer\"><img loading=\"lazy\" decoding=\"async\" class=\"alignleft wp-image-18954 size-medium\" src=\"http:\/\/info.sadowne.pl\/wp-content\/uploads\/2018\/08\/2018.08.13.2-300x225.jpg\" alt=\"\" width=\"300\" height=\"225\" srcset=\"http:\/\/info.sadowne.pl\/wp-content\/uploads\/2018\/08\/2018.08.13.2-300x225.jpg 300w, http:\/\/info.sadowne.pl\/wp-content\/uploads\/2018\/08\/2018.08.13.2-768x577.jpg 768w, http:\/\/info.sadowne.pl\/wp-content\/uploads\/2018\/08\/2018.08.13.2.jpg 783w\" sizes=\"auto, (max-width: 300px) 100vw, 300px\" \/><\/a>Kazanie do zebranych wyg\u0142osi\u0142 ks. Karol Lipczy\u0144ski. W kilku zdaniach przybli\u017cy\u0142 \u017cyciorys b\u0142ogos\u0142awionego i w nawi\u0105zaniu do jego roli \u015bwiadka wiary, rozwa\u017ca\u0142 \u015bwiadectwa os\u00f3b, kt\u00f3re do\u015bwiadczy\u0142y szczeg\u00f3lnych prze\u017cy\u0107 mistycznych. W 1884 roku papie\u017c Leon XIII podczas Mszy \u015awi\u0119tej popad\u0142 w ekstaz\u0119, w czasie kt\u00f3rej us\u0142ysza\u0142 rozmow\u0119 szatana z Chrystusem. Dotyczy\u0142a ona zniszczenia Ko\u015bcio\u0142a z\u0142em w nadchodz\u0105cym wieku. Tak\u017ce dzieci z Fatimy, rozmawiaj\u0105ce z Matk\u0105 Naj\u015bwi\u0119tsz\u0105, mia\u0142y wizj\u0119 umieraj\u0105cego papie\u017ca i innych kap\u0142an\u00f3w w zrujnowanym mie\u015bcie. Miniony wiek by\u0142 pe\u0142en m\u0119cze\u0144stwa przedstawicieli Ko\u015bcio\u0142a, ludzi, kt\u00f3rzy za wiar\u0119 oddawali swe \u017cycie. Szatan w ci\u0105gu stu lat od wizji papie\u017ca Leona XIII nie da\u0142 rady zniszczy\u0107 wsp\u00f3lnoty chrze\u015bcija\u0144skiej, chocia\u017c podejmowa\u0142 i wci\u0105\u017c podejmuje wiele pr\u00f3b. Dzi\u0119ki twardym postawom m\u0119czennik\u00f3w i ich or\u0119downictwom, Ko\u015bci\u00f3\u0142 wci\u0105\u017c trwa i umacnia swoich wiernych Wiar\u0105, Nadziej\u0105 i Mi\u0142o\u015bci\u0105. Na zako\u0144czenie Mszy zosta\u0142a odm\u00f3wiona modlitwa do \u015awi\u0119tego Micha\u0142a Archanio\u0142a u\u0142o\u017cona przez papie\u017ca Leona XIII.<\/p>\n<p><a href=\"http:\/\/info.sadowne.pl\/wp-content\/uploads\/2018\/08\/2018.08.13.3.jpg\" target=\"_blank\" rel=\"noopener noreferrer\"><img loading=\"lazy\" decoding=\"async\" class=\"alignright wp-image-18955 size-medium\" src=\"http:\/\/info.sadowne.pl\/wp-content\/uploads\/2018\/08\/2018.08.13.3-300x225.jpg\" alt=\"\" width=\"300\" height=\"225\" srcset=\"http:\/\/info.sadowne.pl\/wp-content\/uploads\/2018\/08\/2018.08.13.3-300x225.jpg 300w, http:\/\/info.sadowne.pl\/wp-content\/uploads\/2018\/08\/2018.08.13.3-768x577.jpg 768w, http:\/\/info.sadowne.pl\/wp-content\/uploads\/2018\/08\/2018.08.13.3.jpg 783w\" sizes=\"auto, (max-width: 300px) 100vw, 300px\" \/><\/a>Uroczysto\u015bci rocznicowe u\u015bwietni\u0142 poczet sztandarowy Publicznego Gimnazjum im. b\u0142. ks. Edwarda Grzyma\u0142y w Sadownem oraz poczet OSP w Sadownem. Obecny by\u0142 tak\u017ce W\u00f3jt Gminy Sadowne p. Waldemar Cyran oraz ks. pra\u0142. Marian Zbie\u0107, kt\u00f3ry zapocz\u0105tkowa\u0142 lokalny kult b\u0142. ks. Edwarda Grzyma\u0142y. Wszystkim przyby\u0142ym na uroczysto\u015bci podzi\u0119kowa\u0142 ks. kan. Stanis\u0142aw Wojciechowski, proboszcz parafii Sadowne.<\/p>\n<p><strong>Ewa Jakubik<\/strong><\/p>\n","protected":false},"excerpt":{"rendered":"<p>\u2026w ko\u0142odzi\u0105\u017cskim lesie.<\/p>\n","protected":false},"author":1,"featured_media":0,"comment_status":"closed","ping_status":"closed","sticky":false,"template":"","format":"standard","meta":{"footnotes":""},"categories":[5,1],"tags":[2737,212,2872],"class_list":["post-18951","post","type-post","status-publish","format-standard","hentry","category-newsy","category-inne","tag-bl-ks-edward-grzymala","tag-ewa-jakubik","tag-msza-polowa-w-kolodziazu"],"views":4106,"_links":{"self":[{"href":"http:\/\/info.sadowne.pl\/index.php?rest_route=\/wp\/v2\/posts\/18951","targetHints":{"allow":["GET"]}}],"collection":[{"href":"http:\/\/info.sadowne.pl\/index.php?rest_route=\/wp\/v2\/posts"}],"about":[{"href":"http:\/\/info.sadowne.pl\/index.php?rest_route=\/wp\/v2\/types\/post"}],"author":[{"embeddable":true,"href":"http:\/\/info.sadowne.pl\/index.php?rest_route=\/wp\/v2\/users\/1"}],"replies":[{"embeddable":true,"href":"http:\/\/info.sadowne.pl\/index.php?rest_route=%2Fwp%2Fv2%2Fcomments&post=18951"}],"version-history":[{"count":1,"href":"http:\/\/info.sadowne.pl\/index.php?rest_route=\/wp\/v2\/posts\/18951\/revisions"}],"predecessor-version":[{"id":18956,"href":"http:\/\/info.sadowne.pl\/index.php?rest_route=\/wp\/v2\/posts\/18951\/revisions\/18956"}],"wp:attachment":[{"href":"http:\/\/info.sadowne.pl\/index.php?rest_route=%2Fwp%2Fv2%2Fmedia&parent=18951"}],"wp:term":[{"taxonomy":"category","embeddable":true,"href":"http:\/\/info.sadowne.pl\/index.php?rest_route=%2Fwp%2Fv2%2Fcategories&post=18951"},{"taxonomy":"post_tag","embeddable":true,"href":"http:\/\/info.sadowne.pl\/index.php?rest_route=%2Fwp%2Fv2%2Ftags&post=18951"}],"curies":[{"name":"wp","href":"https:\/\/api.w.org\/{rel}","templated":true}]}}