{"id":18969,"date":"2018-08-16T16:10:45","date_gmt":"2018-08-16T14:10:45","guid":{"rendered":"http:\/\/info.sadowne.pl\/?p=18969"},"modified":"2018-08-16T16:10:45","modified_gmt":"2018-08-16T14:10:45","slug":"ruszaja-rozgrywki-ligowe","status":"publish","type":"post","link":"http:\/\/info.sadowne.pl\/?p=18969","title":{"rendered":"Ruszaj\u0105 rozgrywki ligowe!"},"content":{"rendered":"<p><strong><img loading=\"lazy\" decoding=\"async\" class=\"alignleft size-full wp-image-839\" src=\"http:\/\/info.sadowne.pl\/wp-content\/uploads\/2013\/01\/wichersadowne.jpg\" alt=\"\" width=\"150\" height=\"150\" \/>Klub Sportowy \u201eWicher\u201d Sadowne zaprasza na otwarcie rozgrywek ligowych pi\u0142ki no\u017cnej siedleckiej Klasy A senior\u00f3w. Pierwszy mecz ju\u017c w najbli\u017csz\u0105 niedziel\u0119 19 sierpnia o godz. 16.00 na boisku w Sadownem.<\/strong><!--more--><\/p>\n<p>Powr\u00f3t naszych senior\u00f3w do klasy A OZPN Siedlce. W\u015br\u00f3d naszych przeciwnik\u00f3w: \u201eB\u0142\u0119kitni\u201d Stoczek, \u201eKosovia\u201d Kos\u00f3w Lacki, \u201eS\u0119p\u201d \u017belech\u00f3w, \u201eT\u0119cza\u201d Stanis\u0142aw\u00f3w, \u201eOlimpia\u201d Latowicz, \u201eGrodzisk\u201d Krzymosze, \u201eWatra\u201d Mrozy, \u201eJutrzenka\u201d Ceg\u0142\u00f3w, MKS Ma\u0142kinia, \u201eT\u0119cza\u201d Korczew, \u201ePolonez\u201d Mordy, LKS Ostr\u00f3wek i \u201eJastrz\u0105b\u201d \u017beliszew.<\/p>\n<p>W pierwszym meczu \u201eWicher\u201d stanie naprzeciw dru\u017cyny MKS Ma\u0142kinia. Jaki mo\u017ce by\u0107 wynik spotkania? Zobaczymy, nie zapeszajmy\u2026\u00a0 Drugi mecz, 26 sierpnia planowany jest na wyje\u017adzie z \u201eJutrzenk\u0105\u201d Ceg\u0142\u00f3w.<\/p>\n<p><strong>\u017byczymy powodzenia naszym zawodnikom, a kibic\u00f3w zapraszamy do ich dopingowania!<\/strong><\/p>\n<p><strong>Tekst:<\/strong> S\u0142awek Chyli\u0144ski<\/p>\n","protected":false},"excerpt":{"rendered":"<p>Klub Sportowy \u201eWicher\u201d Sadowne zaprasza na otwarcie rozgrywek ligowych pi\u0142ki no\u017cnej siedleckiej Klasy A senior\u00f3w. Pierwszy mecz ju\u017c w najbli\u017csz\u0105 niedziel\u0119 19 sierpnia o godz. 16.00 na boisku w Sadownem.<\/p>\n","protected":false},"author":1,"featured_media":0,"comment_status":"closed","ping_status":"closed","sticky":false,"template":"","format":"standard","meta":{"footnotes":""},"categories":[5,2136,7],"tags":[1161,814],"class_list":["post-18969","post","type-post","status-publish","format-standard","hentry","category-newsy","category-pilka-nozna","category-sport","tag-klub-sportowy-wicher-sadowne","tag-mecz-pilki-noznej-a-klasy"],"views":2467,"_links":{"self":[{"href":"http:\/\/info.sadowne.pl\/index.php?rest_route=\/wp\/v2\/posts\/18969","targetHints":{"allow":["GET"]}}],"collection":[{"href":"http:\/\/info.sadowne.pl\/index.php?rest_route=\/wp\/v2\/posts"}],"about":[{"href":"http:\/\/info.sadowne.pl\/index.php?rest_route=\/wp\/v2\/types\/post"}],"author":[{"embeddable":true,"href":"http:\/\/info.sadowne.pl\/index.php?rest_route=\/wp\/v2\/users\/1"}],"replies":[{"embeddable":true,"href":"http:\/\/info.sadowne.pl\/index.php?rest_route=%2Fwp%2Fv2%2Fcomments&post=18969"}],"version-history":[{"count":1,"href":"http:\/\/info.sadowne.pl\/index.php?rest_route=\/wp\/v2\/posts\/18969\/revisions"}],"predecessor-version":[{"id":18970,"href":"http:\/\/info.sadowne.pl\/index.php?rest_route=\/wp\/v2\/posts\/18969\/revisions\/18970"}],"wp:attachment":[{"href":"http:\/\/info.sadowne.pl\/index.php?rest_route=%2Fwp%2Fv2%2Fmedia&parent=18969"}],"wp:term":[{"taxonomy":"category","embeddable":true,"href":"http:\/\/info.sadowne.pl\/index.php?rest_route=%2Fwp%2Fv2%2Fcategories&post=18969"},{"taxonomy":"post_tag","embeddable":true,"href":"http:\/\/info.sadowne.pl\/index.php?rest_route=%2Fwp%2Fv2%2Ftags&post=18969"}],"curies":[{"name":"wp","href":"https:\/\/api.w.org\/{rel}","templated":true}]}}