{"id":18982,"date":"2018-08-20T20:49:07","date_gmt":"2018-08-20T18:49:07","guid":{"rendered":"http:\/\/info.sadowne.pl\/?p=18982"},"modified":"2018-08-20T20:49:07","modified_gmt":"2018-08-20T18:49:07","slug":"ania-medale-z-serbii","status":"publish","type":"post","link":"http:\/\/info.sadowne.pl\/?p=18982","title":{"rendered":"Ania &#8211; medale z Serbii"},"content":{"rendered":"<p><strong><img loading=\"lazy\" decoding=\"async\" class=\"alignleft size-thumbnail wp-image-18989\" src=\"http:\/\/info.sadowne.pl\/wp-content\/uploads\/2018\/08\/2018.08.20-7-180x130.jpg\" alt=\"\" width=\"180\" height=\"130\" \/>W dniach 2-6 sierpnia w miejscowo\u015bci Kopaonik w Serbii reprezentacja Wojska Polskiego uczestniczy\u0142a w Regionalnych Mistrzostwach CISM w biegu g\u00f3rskim. <\/strong><!--more--><\/p>\n<p><strong>W reprezentacji znalaz\u0142a si\u0119 Pani Ania Szyszka z 1 Warszawskiej Brygady Pancernej.<\/strong><\/p>\n<p>Zawody zosta\u0142y przeprowadzone na terenie serbskiego masywu g\u00f3rskiego, gdzie na zawodnik\u00f3w czeka\u0142a specjalnie przygotowana przez organizator\u00f3w trasa. Dystanse bieg\u00f3w, kt\u00f3re mieli pokona\u0107 zawodnicy, by\u0142y zr\u00f3\u017cnicowane:\u00a0m\u0119\u017cczy\u017ani &#8211; 8,7 km;\u00a0kobiety &#8211; 6 km.<\/p>\n<p>Polska ekipa zdoby\u0142a indywidualne 4 medale &#8211; w tym br\u0105zowy medal wywalczy\u0142a Anna SZYSZKA, trac\u0105c do 2 miejsca zaledwie 4 sekundy.\u00a0\u00a0Wysokie pozycje medalist\u00f3w prze\u0142o\u017cy\u0142y si\u0119 na wyniki w klasyfikacji zespo\u0142owej kobiet oraz m\u0119\u017cczyzn. Panie wywalczy\u0142y I miejsce w klasyfikacji zespo\u0142owej kobiet w sk\u0142adzie:\u00a0Anna GOSK, Anna SZYSZKA oraz Iwona JANUSZYK.\u00a0Panowie natomiast zaj\u0119li II miejsce w klasyfikacji zespo\u0142owej m\u0119\u017cczyzn w sk\u0142adzie:\u00a0Krzysztof GOSIEWSKI, Artur OLEJARZ, Daniel TARAS oraz Bartosz NOWICKI.<\/p>\n<p>Podsumowaniem zawod\u00f3w by\u0142a og\u00f3lna klasyfikacja zespo\u0142owa, w kt\u00f3rej reprezentacja Polski sklasyfikowana zosta\u0142a na wysokim &#8211; II miejscu, przegrywaj\u0105c tylko 1 punktem z reprezentacj\u0105 Rosji.<\/p>\n<p><strong>Ania Szyszka o zawodach:\u00a0<\/strong><\/p>\n<p><em>Nie mia\u0142am okazji wcze\u015bniej biega\u0107 bieg\u00f3w g\u00f3rskich &#8211; to nie moja bajka, ale nie takie one straszne jak m\u00f3wi\u0105. Od pocz\u0105tku do ko\u0144ca odwa\u017cnie bieg\u0142am, mo\u017ce mog\u0142oby by\u0107 d\u0142u\u017cej np. jeszcze ze 2 km to bym si\u0119 rozkr\u0119ci\u0142a. Bardzo zadowolona wracam z wyjazdu, pierwsza taka impreza i medal.\u00a0<\/em><\/p>\n<p><strong>A co w kraju?<\/strong><\/p>\n<p>W tym roku uda\u0142o te\u017c si\u0119 zdoby\u0107 Pani Ani dru\u017cynowo medal mistrzostw Polski na 10\u00a0000 m &#8211; Klub L\u0141KS PREFBET \u015aniadowo \u0141om\u017ca w tym roku zdoby\u0142 srebrne i br\u0105zowe medale, czyli do kolekcji Pani Ania do\u0142\u0105cza kolejny Medal PZLA.\u00a0Ale to nie wszystko\u2026.<\/p>\n<p>Pani Ania ma za sob\u0105 kilka dobrych start\u00f3w, m.in.:<\/p>\n<p>&#8211; II miejsce w Babickiej Dziesi\u0105tce &#8211; 7 kwietnia,<\/p>\n<p>&#8211; IV miejsce w Mazowieckiej Pi\u0119tnastce &#8211; 27 maja,<\/p>\n<p>&#8211; III miejsce w P\u00f3\u0142maratonie w Go\u0142dapi (by\u0142y to wojskowe mistrzostwa 16 DZ).<\/p>\n<p><strong>Nowe plany?\u00a0<\/strong><\/p>\n<p><em>Ostatnie miesi\u0105ce mija\u0142y bardzo szybko, praca + treningi i cz\u0142owiek nie mia\u0142 czasu na nic. Dlatego te\u017c ma\u0142o informacji o moich startach. Od lipca by\u0142am na zgrupowaniu sportowym w Szklarskiej Por\u0119bie, przygotowuj\u0105c si\u0119 do Wojskowych Mistrzostw w Serbii. Po bardzo udanym starcie wr\u00f3ci\u0142am do Szklarskiej Por\u0119by, poniewa\u017c zosta\u0142am obj\u0119ta szkoleniem wojskowym do Wojskowych Mistrzostw \u015awiata w Maratonie, tak wi\u0119c w tym roku maraton pobiegn\u0119, ale w Libanie.\u00a0<\/em><\/p>\n<p><strong><em>Pozdrawiam<\/em><\/strong><strong> &#8211; <em>Anna Szyszka\u00a0<\/em><\/strong><\/p>\n\n\t\t<style type=\"text\/css\">\n\t\t\t#gallery-1 {\n\t\t\t\tmargin: auto;\n\t\t\t}\n\t\t\t#gallery-1 .gallery-item {\n\t\t\t\tfloat: left;\n\t\t\t\tmargin-top: 10px;\n\t\t\t\ttext-align: center;\n\t\t\t\twidth: 33%;\n\t\t\t}\n\t\t\t#gallery-1 img {\n\t\t\t\tborder: 2px solid #cfcfcf;\n\t\t\t}\n\t\t\t#gallery-1 .gallery-caption {\n\t\t\t\tmargin-left: 0;\n\t\t\t}\n\t\t\t\/* see gallery_shortcode() in wp-includes\/media.php *\/\n\t\t<\/style>\n\t\t<div id='gallery-1' class='gallery galleryid-18982 gallery-columns-3 gallery-size-thumbnail'><dl class='gallery-item'>\n\t\t\t<dt class='gallery-icon landscape'>\n\t\t\t\t<a href='http:\/\/info.sadowne.pl\/?attachment_id=18983'><img loading=\"lazy\" decoding=\"async\" width=\"180\" height=\"130\" src=\"http:\/\/info.sadowne.pl\/wp-content\/uploads\/2018\/08\/2018.08.20-1-180x130.jpg\" class=\"attachment-thumbnail size-thumbnail\" alt=\"\" \/><\/a>\n\t\t\t<\/dt><\/dl><dl class='gallery-item'>\n\t\t\t<dt class='gallery-icon landscape'>\n\t\t\t\t<a href='http:\/\/info.sadowne.pl\/?attachment_id=18984'><img loading=\"lazy\" decoding=\"async\" width=\"180\" height=\"130\" src=\"http:\/\/info.sadowne.pl\/wp-content\/uploads\/2018\/08\/2018.08.20-2-180x130.jpg\" class=\"attachment-thumbnail size-thumbnail\" alt=\"\" \/><\/a>\n\t\t\t<\/dt><\/dl><dl class='gallery-item'>\n\t\t\t<dt class='gallery-icon landscape'>\n\t\t\t\t<a href='http:\/\/info.sadowne.pl\/?attachment_id=18985'><img loading=\"lazy\" decoding=\"async\" width=\"180\" height=\"130\" src=\"http:\/\/info.sadowne.pl\/wp-content\/uploads\/2018\/08\/2018.08.20-3-180x130.jpg\" class=\"attachment-thumbnail size-thumbnail\" alt=\"\" \/><\/a>\n\t\t\t<\/dt><\/dl><br style=\"clear: both\" \/><dl class='gallery-item'>\n\t\t\t<dt class='gallery-icon portrait'>\n\t\t\t\t<a href='http:\/\/info.sadowne.pl\/?attachment_id=18986'><img loading=\"lazy\" decoding=\"async\" width=\"180\" height=\"130\" src=\"http:\/\/info.sadowne.pl\/wp-content\/uploads\/2018\/08\/2018.08.20-4-180x130.jpg\" class=\"attachment-thumbnail size-thumbnail\" alt=\"\" \/><\/a>\n\t\t\t<\/dt><\/dl><dl class='gallery-item'>\n\t\t\t<dt class='gallery-icon portrait'>\n\t\t\t\t<a href='http:\/\/info.sadowne.pl\/?attachment_id=18987'><img loading=\"lazy\" decoding=\"async\" width=\"180\" height=\"130\" src=\"http:\/\/info.sadowne.pl\/wp-content\/uploads\/2018\/08\/2018.08.20-5-180x130.jpg\" class=\"attachment-thumbnail size-thumbnail\" alt=\"\" \/><\/a>\n\t\t\t<\/dt><\/dl><dl class='gallery-item'>\n\t\t\t<dt class='gallery-icon portrait'>\n\t\t\t\t<a href='http:\/\/info.sadowne.pl\/?attachment_id=18988'><img loading=\"lazy\" decoding=\"async\" width=\"180\" height=\"130\" src=\"http:\/\/info.sadowne.pl\/wp-content\/uploads\/2018\/08\/2018.08.20-6-180x130.jpg\" class=\"attachment-thumbnail size-thumbnail\" alt=\"\" \/><\/a>\n\t\t\t<\/dt><\/dl><br style=\"clear: both\" \/><dl class='gallery-item'>\n\t\t\t<dt class='gallery-icon landscape'>\n\t\t\t\t<a href='http:\/\/info.sadowne.pl\/?attachment_id=18989'><img loading=\"lazy\" decoding=\"async\" width=\"180\" height=\"130\" src=\"http:\/\/info.sadowne.pl\/wp-content\/uploads\/2018\/08\/2018.08.20-7-180x130.jpg\" class=\"attachment-thumbnail size-thumbnail\" alt=\"\" \/><\/a>\n\t\t\t<\/dt><\/dl><dl class='gallery-item'>\n\t\t\t<dt class='gallery-icon landscape'>\n\t\t\t\t<a href='http:\/\/info.sadowne.pl\/?attachment_id=18990'><img loading=\"lazy\" decoding=\"async\" width=\"180\" height=\"130\" src=\"http:\/\/info.sadowne.pl\/wp-content\/uploads\/2018\/08\/2018.08.20-8-180x130.jpg\" class=\"attachment-thumbnail size-thumbnail\" alt=\"\" \/><\/a>\n\t\t\t<\/dt><\/dl><dl class='gallery-item'>\n\t\t\t<dt class='gallery-icon landscape'>\n\t\t\t\t<a href='http:\/\/info.sadowne.pl\/?attachment_id=18991'><img loading=\"lazy\" decoding=\"async\" width=\"180\" height=\"130\" src=\"http:\/\/info.sadowne.pl\/wp-content\/uploads\/2018\/08\/2018.08.20-9-180x130.jpg\" class=\"attachment-thumbnail size-thumbnail\" alt=\"\" \/><\/a>\n\t\t\t<\/dt><\/dl><br style=\"clear: both\" \/><dl class='gallery-item'>\n\t\t\t<dt class='gallery-icon portrait'>\n\t\t\t\t<a href='http:\/\/info.sadowne.pl\/?attachment_id=18992'><img loading=\"lazy\" decoding=\"async\" width=\"180\" height=\"130\" src=\"http:\/\/info.sadowne.pl\/wp-content\/uploads\/2018\/08\/2018.08.20-10-180x130.jpg\" class=\"attachment-thumbnail size-thumbnail\" alt=\"\" \/><\/a>\n\t\t\t<\/dt><\/dl>\n\t\t\t<br style='clear: both' \/>\n\t\t<\/div>\n\n<p><strong>Tekst: AS\/sch<\/strong><\/p>\n<p><strong>Foto: AS\/ZmierzymyCzas.pl\/pasjabiegania.pl<\/strong><\/p>\n","protected":false},"excerpt":{"rendered":"<p>W dniach 2-6 sierpnia w miejscowo\u015bci Kopaonik w Serbii reprezentacja Wojska Polskiego uczestniczy\u0142a w Regionalnych Mistrzostwach CISM w biegu g\u00f3rskim.<\/p>\n","protected":false},"author":1,"featured_media":0,"comment_status":"closed","ping_status":"closed","sticky":false,"template":"","format":"standard","meta":{"footnotes":""},"categories":[5,2135,7],"tags":[734,1590],"class_list":["post-18982","post","type-post","status-publish","format-standard","hentry","category-newsy","category-bieganie","category-sport","tag-anna-szyszka","tag-bieganie"],"views":2963,"_links":{"self":[{"href":"http:\/\/info.sadowne.pl\/index.php?rest_route=\/wp\/v2\/posts\/18982","targetHints":{"allow":["GET"]}}],"collection":[{"href":"http:\/\/info.sadowne.pl\/index.php?rest_route=\/wp\/v2\/posts"}],"about":[{"href":"http:\/\/info.sadowne.pl\/index.php?rest_route=\/wp\/v2\/types\/post"}],"author":[{"embeddable":true,"href":"http:\/\/info.sadowne.pl\/index.php?rest_route=\/wp\/v2\/users\/1"}],"replies":[{"embeddable":true,"href":"http:\/\/info.sadowne.pl\/index.php?rest_route=%2Fwp%2Fv2%2Fcomments&post=18982"}],"version-history":[{"count":1,"href":"http:\/\/info.sadowne.pl\/index.php?rest_route=\/wp\/v2\/posts\/18982\/revisions"}],"predecessor-version":[{"id":18993,"href":"http:\/\/info.sadowne.pl\/index.php?rest_route=\/wp\/v2\/posts\/18982\/revisions\/18993"}],"wp:attachment":[{"href":"http:\/\/info.sadowne.pl\/index.php?rest_route=%2Fwp%2Fv2%2Fmedia&parent=18982"}],"wp:term":[{"taxonomy":"category","embeddable":true,"href":"http:\/\/info.sadowne.pl\/index.php?rest_route=%2Fwp%2Fv2%2Fcategories&post=18982"},{"taxonomy":"post_tag","embeddable":true,"href":"http:\/\/info.sadowne.pl\/index.php?rest_route=%2Fwp%2Fv2%2Ftags&post=18982"}],"curies":[{"name":"wp","href":"https:\/\/api.w.org\/{rel}","templated":true}]}}