{"id":19023,"date":"2018-08-28T19:40:36","date_gmt":"2018-08-28T17:40:36","guid":{"rendered":"http:\/\/info.sadowne.pl\/?p=19023"},"modified":"2018-08-28T19:40:36","modified_gmt":"2018-08-28T17:40:36","slug":"prawie-100-km-w-stulecie-niepodleglosci","status":"publish","type":"post","link":"http:\/\/info.sadowne.pl\/?p=19023","title":{"rendered":"Prawie 100 km w stulecie niepodleg\u0142o\u015bci"},"content":{"rendered":"<p><strong><img loading=\"lazy\" decoding=\"async\" class=\"alignleft size-thumbnail wp-image-19024\" src=\"http:\/\/info.sadowne.pl\/wp-content\/uploads\/2018\/08\/2018.08.28.1-180x130.jpg\" alt=\"\" width=\"180\" height=\"130\" \/>Jak zaplanowano, tak uczyniono. Uczestnicy \u201eOdjazdowego Bibliotekarza\u201d pokonali rowerami prawie 100 km.<\/strong><!--more--><\/p>\n<p>Ka\u017cdego roku biblioteki w naszym kraju uczestnicz\u0105 w og\u00f3lnopolskiej akcji \u201eOdjazdowy Bibliotekarz\u201d. W ramach niej organizuje si\u0119 wycieczki rowerowe, kt\u00f3re zawieraj\u0105 jakie\u015b elementy z historii naszego kraju lub zwi\u0105zane z bibliotekarstwem. Z uwagi na to, \u017ce w bie\u017c\u0105cym roku obchodzimy 100. rocznic\u0119 odzyskania przez Polsk\u0119 niepodleg\u0142o\u015bci, pracownicy Gminnej Biblioteki Publicznej w Sadownem postanowili w\u0142\u0105czy\u0107 si\u0119 w jej obchody i zaplanowali pokonanie 100 km malowniczymi drogami wok\u00f3\u0142 gminy Sadowne.<\/p>\n<p><strong>Jak zaplanowano, tak uczyniono. Kilkunastu \u015bmia\u0142k\u00f3w wyruszy\u0142o 28 sierpnia spod Gminnego O\u015brodka Kultury w Sadownem na tras\u0119 Niepodleg\u0142o\u015bciowego Rajdu Rowerowego \u201eOdjazdowy Bibliotekarz\u201d.<\/strong> Odwrotnie do ruchu wskaz\u00f3wek zegara pokonywali tras\u0119 przez kolejne miejscowo\u015bci, staraj\u0105c si\u0119 porusza\u0107 tu\u017c przy granicy administracyjnej gminy Sadowne. Nasi mieszka\u0144cy od godzin rannych do p\u00f3\u017anego popo\u0142udnia mogli obserwowa\u0107 przeje\u017cd\u017caj\u0105c\u0105 kolumn\u0119 rowerzyst\u00f3w, kt\u00f3rzy wyr\u00f3\u017cniali si\u0119 elementami ubioru\u00a0 z barwami narodowymi czy symbolami \u201eOdjazdowego Bibliotekarza\u201d. Trasa wiod\u0142a od Sadownego poprzez Sojk\u00f3wek, P\u0142atkownic\u0119, Wilczog\u0119by, Lipieniec, Szynkarzyzn\u0119, Oci\u0119te, Krupi\u0144skie, Zieleniec, Stacj\u0119 PKP Sadowne, Sok\u00f3\u0142k\u0119, Ko\u0142odzi\u0105\u017c, Orze\u0142ek, Z\u0142otki, Prosty\u0144, Majdan Kie\u0142czewski, Kocielnik, Morzyczyn W\u0142\u00f3ki, P\u0142atkownic\u0119, Sadole\u015b, Sadowne i to nie w linii prostej, a dost\u0119pnymi, przejezdnymi i kr\u0119tymi drogami.<\/p>\n<p><strong>Pokonywano odcinki trasy i o nawierzchni bitumicznej, ale te\u017c o pod\u0142o\u017cu piaszczystym.<\/strong> Odleg\u0142o\u015bci i zm\u0119czenie wymaga\u0142y te\u017c kr\u00f3tkich przerw na odpoczynek i posi\u0142ki wzmacniaj\u0105ce organizmy uczestnik\u00f3w Rajdu, podczas kt\u00f3rych nie zapomniano te\u017c o jego specjalnych elementach &#8211; konkursach i zabawach zwi\u0105zanych tematycznie z 100. rocznic\u0105 odzyskania niepodleg\u0142o\u015bci.<\/p>\n<p><strong>Reasumuj\u0105c, sadowie\u0144scy bibliotekarze i \u201ezapaleni\u201d czytelnicy naszej Biblioteki odpowiednio uczcili obchodzony w\u0142a\u015bnie Rok Niepodleg\u0142o\u015bci w gminie Sadowne.<\/strong> Jak sami podkre\u015blali, pomimo zm\u0119czenia chce si\u0119 jecha\u0107 dalej i dalej\u2026 Brawo. A ile rado\u015bci z ustanowienia nowego rekordu \u2013 pokonania jednego dnia prawie 100 km po obrze\u017cach naszej gminy, nie wspominaj\u0105c o utraconych kaloriach i wp\u0142ywie sportu na zdrowie. Je\u015bli kto\u015b chce powt\u00f3rzy\u0107 ten wyczyn, to polecamy!<\/p>\n<p><span style=\"color: #0000ff;\"><a style=\"color: #0000ff;\" href=\"https:\/\/photos.google.com\/share\/AF1QipPzZCXlW4vtkTKhpRlNPFTTfzKDaSxLggWBfOCDULkfahdJ8tIUdzshNBDZ8VRVuw?key=YVRjYjhoaU5jemNBWU9PQTB4bmlRYkxCbW1oWHFR\" target=\"_blank\" rel=\"noopener noreferrer\"><strong>Zdj\u0119cia w galerii Google&gt;&gt;&gt;<\/strong><\/a><\/span><\/p>\n<p><strong>Tekst\/foto:<\/strong> S\u0142awek Chyli\u0144ski<\/p>\n","protected":false},"excerpt":{"rendered":"<p>Jak zaplanowano, tak uczyniono. Uczestnicy \u201eOdjazdowego Bibliotekarza\u201d pokonali rowerami prawie 100 km.<\/p>\n","protected":false},"author":1,"featured_media":0,"comment_status":"closed","ping_status":"closed","sticky":false,"template":"","format":"standard","meta":{"footnotes":""},"categories":[5,2149,6],"tags":[113,2878],"class_list":["post-19023","post","type-post","status-publish","format-standard","hentry","category-newsy","category-gminna-biblioteka-publiczna","category-kultura-rozrywka-edukacja","tag-gminna-biblioteka-publiczna-w-sadownem","tag-niepodleglosciowy-rajd-rowerowy-odjazdowy-bibliotekarz-w-sadownem"],"views":2523,"_links":{"self":[{"href":"http:\/\/info.sadowne.pl\/index.php?rest_route=\/wp\/v2\/posts\/19023","targetHints":{"allow":["GET"]}}],"collection":[{"href":"http:\/\/info.sadowne.pl\/index.php?rest_route=\/wp\/v2\/posts"}],"about":[{"href":"http:\/\/info.sadowne.pl\/index.php?rest_route=\/wp\/v2\/types\/post"}],"author":[{"embeddable":true,"href":"http:\/\/info.sadowne.pl\/index.php?rest_route=\/wp\/v2\/users\/1"}],"replies":[{"embeddable":true,"href":"http:\/\/info.sadowne.pl\/index.php?rest_route=%2Fwp%2Fv2%2Fcomments&post=19023"}],"version-history":[{"count":1,"href":"http:\/\/info.sadowne.pl\/index.php?rest_route=\/wp\/v2\/posts\/19023\/revisions"}],"predecessor-version":[{"id":19025,"href":"http:\/\/info.sadowne.pl\/index.php?rest_route=\/wp\/v2\/posts\/19023\/revisions\/19025"}],"wp:attachment":[{"href":"http:\/\/info.sadowne.pl\/index.php?rest_route=%2Fwp%2Fv2%2Fmedia&parent=19023"}],"wp:term":[{"taxonomy":"category","embeddable":true,"href":"http:\/\/info.sadowne.pl\/index.php?rest_route=%2Fwp%2Fv2%2Fcategories&post=19023"},{"taxonomy":"post_tag","embeddable":true,"href":"http:\/\/info.sadowne.pl\/index.php?rest_route=%2Fwp%2Fv2%2Ftags&post=19023"}],"curies":[{"name":"wp","href":"https:\/\/api.w.org\/{rel}","templated":true}]}}