{"id":19049,"date":"2018-09-03T15:39:03","date_gmt":"2018-09-03T13:39:03","guid":{"rendered":"http:\/\/info.sadowne.pl\/?p=19049"},"modified":"2018-09-03T15:51:43","modified_gmt":"2018-09-03T13:51:43","slug":"witaj-szkolo-3","status":"publish","type":"post","link":"http:\/\/info.sadowne.pl\/?p=19049","title":{"rendered":"Witaj szko\u0142o!"},"content":{"rendered":"<p><strong><img loading=\"lazy\" decoding=\"async\" class=\"alignleft size-thumbnail wp-image-19050\" src=\"http:\/\/info.sadowne.pl\/wp-content\/uploads\/2018\/09\/2018.09.03.1-180x130.jpg\" alt=\"\" width=\"180\" height=\"130\" \/>Po mszy w ko\u015bciele parafialnym, nowy rok szkolny 2018\/2019 na wsp\u00f3lnej uroczysto\u015bci powita\u0142y: sadowie\u0144ska Szko\u0142a Podstawowa i Gimnazjum. <\/strong><!--more--><\/p>\n<p>Po raz pierwszy i na pewno ostatni odby\u0142a si\u0119 3 wrze\u015bnia w Hali Sportowej uroczysto\u015b\u0107 rozpocz\u0119cia nowego roku szkolnego, w kt\u00f3rej wsp\u00f3lnie uczestniczyli uczniowie Szko\u0142y Podstawowej w Sadownem i sadowie\u0144skiego Gimnazjum. A z jakich powod\u00f3w? Wszyscy wiemy \u2013 rok szkolny 2018\/2019 jest ostatnim rokiem nauki gimnazjalnych trzecioklasist\u00f3w i\u2026 gimnazja przestan\u0105 istnie\u0107.<\/p>\n<p>Opr\u00f3cz dw\u00f3ch klas naszego Gimnazjum, w dzisiejszej uroczysto\u015bci prym wiedli uczniowie i rodzice podstaw\u00f3wki,\u00a0 kt\u00f3ra liczy 18 oddzia\u0142\u00f3w z 381 dzie\u0107mi. Po raz pierwszy szko\u0142a tak\u017ce poszerzy\u0142a si\u0119 o klasy \u00f3sme, kt\u00f3re, jak ich cz\u0119\u015b\u0107 m\u0142odszych koleg\u00f3w, b\u0119d\u0105 kontynuowa\u0107 nauk\u0119 w budynku Gimnazjum.<\/p>\n<p>Wsp\u00f3lna uroczysto\u015b\u0107, wsp\u00f3lne od\u015bpiewanie hymnu pa\u0144stwowego i uczczenie bohaterskiego wrze\u015bnia 1939 r., ju\u017c wsp\u00f3lne grono pedagogiczne i wsp\u00f3lny go\u015b\u0107 honorowy \u2013 p. Waldemar Cyran, ale\u2026 jeszcze dwa szkolne sztandary i dwie prowadz\u0105ce: p. Ma\u0142gorzata Koro\u015b i p. Ma\u0142gorzata Zy\u015bk, przekazuj\u0105ce informacje uczniom swoich szk\u00f3\u0142. Jak to b\u0119dzie za rok?<\/p>\n<p>A jutro? Spakowane plecaki, pierwsze zaj\u0119cia, mo\u017ce pierwsze sp\u00f3\u017anienia, dojazdy autobusami, chyba jeszcze nie oceny??? Wracamy do normalno\u015bci. \u017byczymy jej zar\u00f3wno pedagogom, wszystkim pracownikom sadowie\u0144skich plac\u00f3wek o\u015bwiatowych, jak i rodzicom oraz uczniom naszych szk\u00f3\u0142.<\/p>\n<p><span style=\"color: #0000ff;\"><a style=\"color: #0000ff;\" href=\"https:\/\/photos.google.com\/share\/AF1QipOC_w44uUtsZe7Eh3dnAm547KH-sCx1E-_89sj8vdr7dfAC6DUXuT82zILVxdIrdQ?key=VjhDdTl2ZHNZRWh5WHdhaWhCc2l4RlAxeGtPbnpR\" target=\"_blank\" rel=\"noopener noreferrer\"><strong>Zdj\u0119cia w galerii Google&gt;&gt;&gt;<\/strong><\/a><\/span><\/p>\n<p><strong>Tekst\/foto:<\/strong> S\u0142awek Chyli\u0144ski<\/p>\n","protected":false},"excerpt":{"rendered":"<p>Po mszy w ko\u015bciele parafialnym, nowy rok szkolny 2018\/2019 na wsp\u00f3lnej uroczysto\u015bci powita\u0142y: sadowie\u0144ska Szko\u0142a Podstawowa i Gimnazjum.<\/p>\n","protected":false},"author":1,"featured_media":0,"comment_status":"closed","ping_status":"closed","sticky":false,"template":"","format":"standard","meta":{"footnotes":""},"categories":[5,83,1752,84],"tags":[71,2886,16],"class_list":["post-19049","post","type-post","status-publish","format-standard","hentry","category-newsy","category-gimnazjum","category-edukacja","category-szkola-podstawowa-im-cz-wycecha","tag-gimnazjum-sadowne","tag-rozpoczecie-roku-szkolnego-20182019","tag-szkola-podstawowa-w-sadownem"],"views":3139,"_links":{"self":[{"href":"http:\/\/info.sadowne.pl\/index.php?rest_route=\/wp\/v2\/posts\/19049","targetHints":{"allow":["GET"]}}],"collection":[{"href":"http:\/\/info.sadowne.pl\/index.php?rest_route=\/wp\/v2\/posts"}],"about":[{"href":"http:\/\/info.sadowne.pl\/index.php?rest_route=\/wp\/v2\/types\/post"}],"author":[{"embeddable":true,"href":"http:\/\/info.sadowne.pl\/index.php?rest_route=\/wp\/v2\/users\/1"}],"replies":[{"embeddable":true,"href":"http:\/\/info.sadowne.pl\/index.php?rest_route=%2Fwp%2Fv2%2Fcomments&post=19049"}],"version-history":[{"count":2,"href":"http:\/\/info.sadowne.pl\/index.php?rest_route=\/wp\/v2\/posts\/19049\/revisions"}],"predecessor-version":[{"id":19052,"href":"http:\/\/info.sadowne.pl\/index.php?rest_route=\/wp\/v2\/posts\/19049\/revisions\/19052"}],"wp:attachment":[{"href":"http:\/\/info.sadowne.pl\/index.php?rest_route=%2Fwp%2Fv2%2Fmedia&parent=19049"}],"wp:term":[{"taxonomy":"category","embeddable":true,"href":"http:\/\/info.sadowne.pl\/index.php?rest_route=%2Fwp%2Fv2%2Fcategories&post=19049"},{"taxonomy":"post_tag","embeddable":true,"href":"http:\/\/info.sadowne.pl\/index.php?rest_route=%2Fwp%2Fv2%2Ftags&post=19049"}],"curies":[{"name":"wp","href":"https:\/\/api.w.org\/{rel}","templated":true}]}}