{"id":19203,"date":"2018-09-28T13:40:15","date_gmt":"2018-09-28T11:40:15","guid":{"rendered":"http:\/\/info.sadowne.pl\/?p=19203"},"modified":"2018-09-28T13:40:15","modified_gmt":"2018-09-28T11:40:15","slug":"libertas-i-grzymala-na-niepodleglosc","status":"publish","type":"post","link":"http:\/\/info.sadowne.pl\/?p=19203","title":{"rendered":"\u201eLibertas\u201d i Grzyma\u0142a na Niepodleg\u0142o\u015b\u0107\u2026"},"content":{"rendered":"<p><strong><img loading=\"lazy\" decoding=\"async\" class=\"alignleft size-thumbnail wp-image-19204\" src=\"http:\/\/info.sadowne.pl\/wp-content\/uploads\/2018\/09\/2018.09.28.5-180x130.jpg\" alt=\"\" width=\"180\" height=\"130\" \/>100 lecie niepodleg\u0142o\u015bci i kolejny pomys\u0142 na uczczenie tej rocznicy. Tym razem w roli g\u0142\u00f3wnej uczniowie i pedagodzy Szko\u0142y Podstawowej oraz Gimnazjum w Sadownem.<\/strong><!--more--><\/p>\n<p><strong>Rok Niepodleg\u0142o\u015bci w Gminie Sadowne zwi\u0105zany jest z uroczysto\u015bciami upami\u0119tniaj\u0105cymi tak donios\u0142\u0105 rocznic\u0119, jak\u0105 jest 100 lecie odzyskania przez Polsk\u0119 niepodleg\u0142o\u015bci.<\/strong> W obchody w\u0142\u0105czaj\u0105 si\u0119 instytucje gminne, plac\u00f3wki o\u015bwiatowe i so\u0142ectwa. Tym razem mieli\u015bmy okazj\u0119 uczestniczy\u0107 w takiej uroczysto\u015bci 28 wrze\u015bnia. Przygotowa\u0142y j\u0105 wsp\u00f3lnie: Szko\u0142a Podstawowa w Sadownem i Gimnazjum w Sadownem.<\/p>\n<p><strong>W pi\u0105tkowe przedpo\u0142udnie 28 wrze\u015bnia przed frontem budynku sadowie\u0144skiej szko\u0142y zgromadzili si\u0119 uczniowie podstaw\u00f3wki i gimnazjali\u015bci.<\/strong> Tu na zielonym skwerku uroczy\u015bcie posadzono \u201eD\u0105b Niepodleg\u0142o\u015bci \u201e \u2013 \u201eLibertas\u201d. Dokonali tego wsp\u00f3lnie: p. Waldemar Cyran \u2013 W\u00f3jt Gminy Sadowne, p. Piotr Olkowski \u2013 Przewodnicz\u0105cy Rady Gminy Sadowne, p. le\u015bniczy Wojciech Zakrzewski , p. Dyrektor GOK w Sadownem Ewa Pi\u00f3rkowska i przedstawicielki naszych plac\u00f3wek o\u015bwiatowych \u2013 p. Ma\u0142gorzata Koro\u015b i p. Ma\u0142gorzata Zy\u015bk oraz reprezentantka spo\u0142eczno\u015bci uczniowskiej. Oczywi\u015bcie by\u0142a te\u017c odpowiednia modlitwa i po\u015bwi\u0119cenie posadzonego drzewka, co uczyni\u0142 ks. Micha\u0142 Marczak.<\/p>\n<p><strong>Pi\u0105tkowy dzie\u0144 uznano te\u017c w szko\u0142ach dniem sportu, st\u0105d pomys\u0142 na wsp\u00f3lny marsz. A cel?<\/strong> Dotarcie do miejsca urodzin b\u0142. ks. Edwarda Grzyma\u0142y, kt\u00f3ry r\u00f3wnie\u017c straci\u0142 \u017cycie w obronie niepodleg\u0142o\u015bci. Ju\u017c na miejscu, po\u015br\u00f3d ko\u0142odzi\u0105\u017cskich le\u015bnych ost\u0119p\u00f3w, o ksi\u0119dzu Edwardzie i jego \u017cyciu, w wigili\u0119 rocznicy jego urodzin, opowiedzia\u0142 nasz historyk p. S\u0142awomir Akonom. Tu r\u00f3wnie\u017c kr\u00f3tkie, oficjalne wypowiedzi, oddanie ho\u0142du ks. Grzymale i wsp\u00f3lna modlitwa w intencji b\u0142ogos\u0142awionego, ale te\u017c kr\u00f3tki quiz o bohaterskim ksi\u0119dzu i gminie Sadowne \u2013 uczestnik\u00f3w tej zabawy nagrodzono s\u0142odko\u015bciami regeneruj\u0105cymi si\u0142y po kilkukilometrowym marszu.<\/p>\n<p><strong>\u015awietna uroczysto\u015b\u0107 upami\u0119tniaj\u0105ca tak donios\u0142\u0105 rocznic\u0119, ale te\u017c nawi\u0105zuj\u0105ca do historii i tradycji naszego terenu.<\/strong> Ale c\u00f3\u017c\u2026 zgodnie z zapowiedziami, pozosta\u0142o jeszcze do posadzenia na terenie gminy Sadowne 98 d\u0119b\u00f3w, kt\u00f3re b\u0119d\u0105 upami\u0119tnia\u0142y 100 lecie niepodleg\u0142o\u015bci. Mo\u017ce jakie\u015b propozycje?<\/p>\n<p><span style=\"color: #0000ff;\"><a style=\"color: #0000ff;\" href=\"https:\/\/photos.google.com\/share\/AF1QipO2oWyAdrjhg7eAv8ZLtSQjksx2rCUWxBqT6olt96trLUxW4TBbHH1ck13vYShsxA?key=eTMzVGNzWDhoalBjckszREExREl2T1BfVDZFcTdB\" target=\"_blank\" rel=\"noopener noreferrer\"><strong>Zdj\u0119cia w galerii Google&gt;&gt;&gt;<\/strong><\/a><\/span><\/p>\n<p><strong>Tekst\/foto:<\/strong> S\u0142awek Chyli\u0144ski<\/p>\n","protected":false},"excerpt":{"rendered":"<p>100 lecie niepodleg\u0142o\u015bci i kolejny pomys\u0142 na uczczenie tej rocznicy. Tym razem w roli g\u0142\u00f3wnej uczniowie i pedagodzy Szko\u0142y Podstawowej oraz Gimnazjum w Sadownem.<\/p>\n","protected":false},"author":1,"featured_media":0,"comment_status":"closed","ping_status":"closed","sticky":false,"template":"","format":"standard","meta":{"footnotes":""},"categories":[5,83,1752,84],"tags":[2737,2893,71,16,2889],"class_list":["post-19203","post","type-post","status-publish","format-standard","hentry","category-newsy","category-gimnazjum","category-edukacja","category-szkola-podstawowa-im-cz-wycecha","tag-bl-ks-edward-grzymala","tag-dab-niepodleglosci","tag-gimnazjum-sadowne","tag-szkola-podstawowa-w-sadownem","tag-uroczyste-obchody-100-lecia-odzyskania-niepodleglosci"],"views":3446,"_links":{"self":[{"href":"http:\/\/info.sadowne.pl\/index.php?rest_route=\/wp\/v2\/posts\/19203","targetHints":{"allow":["GET"]}}],"collection":[{"href":"http:\/\/info.sadowne.pl\/index.php?rest_route=\/wp\/v2\/posts"}],"about":[{"href":"http:\/\/info.sadowne.pl\/index.php?rest_route=\/wp\/v2\/types\/post"}],"author":[{"embeddable":true,"href":"http:\/\/info.sadowne.pl\/index.php?rest_route=\/wp\/v2\/users\/1"}],"replies":[{"embeddable":true,"href":"http:\/\/info.sadowne.pl\/index.php?rest_route=%2Fwp%2Fv2%2Fcomments&post=19203"}],"version-history":[{"count":1,"href":"http:\/\/info.sadowne.pl\/index.php?rest_route=\/wp\/v2\/posts\/19203\/revisions"}],"predecessor-version":[{"id":19205,"href":"http:\/\/info.sadowne.pl\/index.php?rest_route=\/wp\/v2\/posts\/19203\/revisions\/19205"}],"wp:attachment":[{"href":"http:\/\/info.sadowne.pl\/index.php?rest_route=%2Fwp%2Fv2%2Fmedia&parent=19203"}],"wp:term":[{"taxonomy":"category","embeddable":true,"href":"http:\/\/info.sadowne.pl\/index.php?rest_route=%2Fwp%2Fv2%2Fcategories&post=19203"},{"taxonomy":"post_tag","embeddable":true,"href":"http:\/\/info.sadowne.pl\/index.php?rest_route=%2Fwp%2Fv2%2Ftags&post=19203"}],"curies":[{"name":"wp","href":"https:\/\/api.w.org\/{rel}","templated":true}]}}