{"id":19258,"date":"2018-10-10T16:25:36","date_gmt":"2018-10-10T14:25:36","guid":{"rendered":"http:\/\/info.sadowne.pl\/?p=19258"},"modified":"2018-10-10T16:25:36","modified_gmt":"2018-10-10T14:25:36","slug":"zieleniec-zmodernizowal-swietlice","status":"publish","type":"post","link":"http:\/\/info.sadowne.pl\/?p=19258","title":{"rendered":"Zieleniec zmodernizowa\u0142 \u015bwietlic\u0119!"},"content":{"rendered":"<p><strong><a href=\"http:\/\/info.sadowne.pl\/wp-content\/uploads\/2018\/10\/2018.10.10.1.jpg\" target=\"_blank\" rel=\"noopener noreferrer\"><img loading=\"lazy\" decoding=\"async\" class=\"alignleft wp-image-19259 size-thumbnail\" src=\"http:\/\/info.sadowne.pl\/wp-content\/uploads\/2018\/10\/2018.10.10.1-180x130.jpg\" alt=\"\" width=\"180\" height=\"130\" \/><\/a>Modernizacja budynku \u015bwietlicy wiejskiej w Ziele\u0144cu dobieg\u0142a ko\u0144ca.<\/strong><!--more--><\/p>\n<p>Wreszcie mamy zaplecze, o kt\u00f3rym marzyli\u015bmy. Dzia\u0142anie 19.2 \u201eWsparcie na wdra\u017canie operacji w ramach strategii rozwoju lokalnego kierowanego przez spo\u0142eczno\u015b\u0107\u201d, na kt\u00f3re otrzymali\u015bmy dofinansowanie, obejmowa\u0142:<\/p>\n<p>&#8211; modernizacj\u0119 budynku \u015bwietlicy wiejskiej w Ziele\u0144cu,<\/p>\n<p>&#8211; zakup, dostawa i monta\u017c wyposa\u017cenia w \u015bwietlicy wiejskiej w Ziele\u0144cu,<\/p>\n<p>&#8211; wykonanie ogrodzenia przy \u015bwietlicy wiejskiej w Ziele\u0144cu.<\/p>\n<p>W ramach projektu wykonano kapitalny remont wewn\u0105trz cz\u0119\u015bci budynku \u015bwietlicy, w tym stworzono zaplecze kuchenne i sanitarne oraz elewacj\u0119 budynku.<\/p>\n<p><a href=\"http:\/\/info.sadowne.pl\/wp-content\/uploads\/2018\/10\/2018.10.10.2.jpg\" target=\"_blank\" rel=\"noopener noreferrer\"><img loading=\"lazy\" decoding=\"async\" class=\"alignright wp-image-19260 size-medium\" src=\"http:\/\/info.sadowne.pl\/wp-content\/uploads\/2018\/10\/2018.10.10.2-300x169.jpg\" alt=\"\" width=\"300\" height=\"169\" srcset=\"http:\/\/info.sadowne.pl\/wp-content\/uploads\/2018\/10\/2018.10.10.2-300x169.jpg 300w, http:\/\/info.sadowne.pl\/wp-content\/uploads\/2018\/10\/2018.10.10.2-768x432.jpg 768w, http:\/\/info.sadowne.pl\/wp-content\/uploads\/2018\/10\/2018.10.10.2.jpg 790w\" sizes=\"auto, (max-width: 300px) 100vw, 300px\" \/><\/a>Od z\u0142o\u017cenia wniosku do realizacji inwestycji min\u0119\u0142o p\u00f3\u0142tora roku. By\u0142 to bardzo intensywny czas nie tylko dla Zarz\u0105du Stowarzyszenia, ale r\u00f3wnie\u017c dla W\u00f3jta Gminy Sadowne p. Waldemara Cyrana, radnego wsi Zieleniec p. Stanis\u0142awa Rostka oraz pracownik\u00f3w Urz\u0119du Gminy Sadowne. Nasza wsp\u00f3lna praca i zaanga\u017cowanie zaowocowa\u0142o dope\u0142nieniem wszelkich formalno\u015bci i rozpocz\u0119ciem prac, kt\u00f3re zako\u0144czy\u0142y si\u0119 w sierpniu 2018 r.<\/p>\n<p>Wielu mieszka\u0144c\u00f3w dopytuje si\u0119, kiedy b\u0119dzie mo\u017cliwo\u015b\u0107 korzystania w pe\u0142ni z zaplecza. Wszystko uzale\u017cnione jest od terminu rozliczenia projektu, nad kt\u00f3rym ci\u0119\u017cko pracujemy.<\/p>\n<p>Mamy nadziej\u0119, \u017ce zd\u0105\u017cymy na planowan\u0105 w styczniu 2019 zabaw\u0119 choinkow\u0105. Nie ukrywamy, \u017ce mimo tak du\u017cej inwestycji nadal s\u0105 du\u017ce braki w wyposa\u017ceniu zaplecza \u015bwietlicy. Motywuje jednak to nas do dalszej pracy i mamy nadziej\u0119, \u017ce maj\u0105c takie wsparcie w w\u0142adzach samorz\u0105dowych b\u0119dziemy mogli wsp\u00f3lnie d\u0105\u017cy\u0107 do poprawy \u017cycia w naszej ma\u0142ej spo\u0142eczno\u015bci.<\/p>\n<p>Pok\u0142adamy wielk\u0105 nadziej\u0119, ze dzia\u0142ania przeprowadzone w ramach projektu wp\u0142yn\u0105 na dalszy rozw\u00f3j miejscowo\u015bci, nast\u0105pi dalsze o\u017cywienie kulturalne i aktywizacja lokalnej spo\u0142eczno\u015bci.<\/p>\n<p><strong>Zarz\u0105d Stowarzyszenia Rozwoju Wsi Zieleniec<\/strong><\/p>\n","protected":false},"excerpt":{"rendered":"<p>Modernizacja budynku \u015bwietlicy wiejskiej w Ziele\u0144cu dobieg\u0142a ko\u0144ca.<\/p>\n","protected":false},"author":1,"featured_media":0,"comment_status":"closed","ping_status":"closed","sticky":false,"template":"","format":"standard","meta":{"footnotes":""},"categories":[5,41],"tags":[2917,2313],"class_list":["post-19258","post","type-post","status-publish","format-standard","hentry","category-newsy","category-wiesci-gminne","tag-modernizacja-swietlicy-wiejskiej-w-zielencu","tag-stowarzyszenie-rozwoju-wsi-zieleniec"],"views":3719,"_links":{"self":[{"href":"http:\/\/info.sadowne.pl\/index.php?rest_route=\/wp\/v2\/posts\/19258","targetHints":{"allow":["GET"]}}],"collection":[{"href":"http:\/\/info.sadowne.pl\/index.php?rest_route=\/wp\/v2\/posts"}],"about":[{"href":"http:\/\/info.sadowne.pl\/index.php?rest_route=\/wp\/v2\/types\/post"}],"author":[{"embeddable":true,"href":"http:\/\/info.sadowne.pl\/index.php?rest_route=\/wp\/v2\/users\/1"}],"replies":[{"embeddable":true,"href":"http:\/\/info.sadowne.pl\/index.php?rest_route=%2Fwp%2Fv2%2Fcomments&post=19258"}],"version-history":[{"count":1,"href":"http:\/\/info.sadowne.pl\/index.php?rest_route=\/wp\/v2\/posts\/19258\/revisions"}],"predecessor-version":[{"id":19261,"href":"http:\/\/info.sadowne.pl\/index.php?rest_route=\/wp\/v2\/posts\/19258\/revisions\/19261"}],"wp:attachment":[{"href":"http:\/\/info.sadowne.pl\/index.php?rest_route=%2Fwp%2Fv2%2Fmedia&parent=19258"}],"wp:term":[{"taxonomy":"category","embeddable":true,"href":"http:\/\/info.sadowne.pl\/index.php?rest_route=%2Fwp%2Fv2%2Fcategories&post=19258"},{"taxonomy":"post_tag","embeddable":true,"href":"http:\/\/info.sadowne.pl\/index.php?rest_route=%2Fwp%2Fv2%2Ftags&post=19258"}],"curies":[{"name":"wp","href":"https:\/\/api.w.org\/{rel}","templated":true}]}}