{"id":19336,"date":"2018-10-19T09:23:47","date_gmt":"2018-10-19T07:23:47","guid":{"rendered":"http:\/\/info.sadowne.pl\/?p=19336"},"modified":"2018-10-19T09:23:47","modified_gmt":"2018-10-19T07:23:47","slug":"zgrupowania-starty-obozy","status":"publish","type":"post","link":"http:\/\/info.sadowne.pl\/?p=19336","title":{"rendered":"Zgrupowania, starty, obozy\u2026"},"content":{"rendered":"<p><strong><img loading=\"lazy\" decoding=\"async\" class=\"alignleft size-thumbnail wp-image-19340\" src=\"http:\/\/info.sadowne.pl\/wp-content\/uploads\/2018\/10\/2018.10.19-4-180x130.jpg\" alt=\"\" width=\"180\" height=\"130\" \/>Po powrocie z Serbii Pani Ania Szyszka wyjecha\u0142a do Szklarskiej Por\u0119by na cykl wojskowych zgrupowa\u0144 sportowych. Dlatego te\u017c w mniejszym stopniu ma mo\u017cliwo\u015b\u0107 startowania, co nie oznacza, \u017ce odpuszcza ca\u0142kowicie starty.<\/strong><!--more--><\/p>\n<p>W ostatni weekend sierpnia Pani Ania bra\u0142a udzia\u0142 w Biegu Jacka na 5 km, zajmuj\u0105c tam 6 miejsce z czasem 17:32. Prosto po powrocie z pierwszego sierpniowego obozu. Jak ocenia start:\u00a0<em>Ten start by\u0142 troch\u0119 dla mnie trudny, poniewa\u017c po 3 km czu\u0142am znaczne zm\u0119czenie obozem, ale uda\u0142o si\u0119 przyzwoicie pobiec i uzyska\u0107 miejsce w pierwszej sz\u00f3stce. A\u017c szkoda, \u00a0\u017ce nie w pierwszej tr\u00f3jce, ale troszk\u0119 zabrak\u0142o<\/em>.<\/p>\n<p>We wrze\u015bniu, dok\u0142adnie 15, Pani Ania by\u0142a ambasadork\u0105<em>\u00a0<\/em>Ultramaratonu w Mielniku, dlatego te\u017c postanowi\u0142a towarzysz\u0105co przebiec tam 15 km.\u00a0Otrzyma\u0142a pakiet startowy z numerkiem jeden, co sprawi\u0142o, \u017ce na mecie pojawi\u0142a si\u0119 jako pierwsza kobieta i 4 open, za trzema pierwszymi panami.\u00a0 \u00a0<em>By\u0142a to pierwsza edycja tego biegu i mam nadziej\u0119, \u017ce nie ostatnia. Organizatorzy bardzo si\u0119 postarali, by wszystko\u00a0wysz\u0142o jak najlepiej i w sumie wysz\u0142o im to \u2013 <\/em>podsumowuje Pani Ania<em>.\u00a0<\/em><\/p>\n<p>17 wrze\u015bnia rozegra\u0142y si\u0119 Mistrzostwa 1 Brygady Pancernej w Warszawie, w kt\u00f3rych Pani Ania biega\u0142a na do\u015b\u0107 nietypowym dla siebie dystansie 3 km, zajmuj\u0105c tam pierwsze miejsce, co da\u0142o awans na mistrzostwa 16 Pomorskiej Dywizji, kt\u00f3re rozgrywa\u0142y si\u0119 10 -11 pa\u017adziernika. Tam indywidualnie Pani Ania zaj\u0119\u0142a trzecie miejsce i w sztafecie 4&#215;1 km pierwsze miejsce. W klasyfikacji generalnej 1 Brygada Pancerna wygra\u0142a dru\u017cynowo.\u00a0 O biegu m\u00f3wi: <em>Prze\u0142aje to jeszcze nie moja bajka, ci\u0119\u017cko si\u0119 odnale\u017a\u0107 bo to taki kr\u00f3tki dystans, ale my\u015bl\u0119, \u017ce jeszcze wiele przede mn\u0105. Trzeba pr\u00f3bowa\u0107 nowych rzeczy i mam nadziej\u0119, \u017ce to co\u015b wniesie pozytywnego do mojego biegania. Po prze\u0142ajach do ko\u0144ca pa\u017adziernika wr\u00f3ci\u0142am do Szklarskiej Por\u0119by, by w pe\u0142ni wykorzysta\u0107 zgrupowania, kt\u00f3re mam nadziej\u0119, \u017ce zaowocuj\u0105. Na razie jestem na etapie przegryzienia wszystkiego, poniewa\u017c nigdy nie mia\u0142am okazji tak d\u0142ugo przebywa\u0107 na obozach, tak wi\u0119c zm\u0119czenie jest coraz wi\u0119ksze. Po obozie czekaj\u0105 mnie jeszcze jakie\u015b starty, p\u00f3\u017aniej roztrenowanie i przygotowania do nowego sezonu. Pozdrawiam<\/em> &#8211; <strong><em>Anna Szyszka.<\/em><\/strong><\/p>\n\n\t\t<style type=\"text\/css\">\n\t\t\t#gallery-1 {\n\t\t\t\tmargin: auto;\n\t\t\t}\n\t\t\t#gallery-1 .gallery-item {\n\t\t\t\tfloat: left;\n\t\t\t\tmargin-top: 10px;\n\t\t\t\ttext-align: center;\n\t\t\t\twidth: 33%;\n\t\t\t}\n\t\t\t#gallery-1 img {\n\t\t\t\tborder: 2px solid #cfcfcf;\n\t\t\t}\n\t\t\t#gallery-1 .gallery-caption {\n\t\t\t\tmargin-left: 0;\n\t\t\t}\n\t\t\t\/* see gallery_shortcode() in wp-includes\/media.php *\/\n\t\t<\/style>\n\t\t<div id='gallery-1' class='gallery galleryid-19336 gallery-columns-3 gallery-size-thumbnail'><dl class='gallery-item'>\n\t\t\t<dt class='gallery-icon landscape'>\n\t\t\t\t<a href='http:\/\/info.sadowne.pl\/wp-content\/uploads\/2018\/10\/2018.10.19-1.jpg'><img loading=\"lazy\" decoding=\"async\" width=\"180\" height=\"130\" src=\"http:\/\/info.sadowne.pl\/wp-content\/uploads\/2018\/10\/2018.10.19-1-180x130.jpg\" class=\"attachment-thumbnail size-thumbnail\" alt=\"\" \/><\/a>\n\t\t\t<\/dt><\/dl><dl class='gallery-item'>\n\t\t\t<dt class='gallery-icon landscape'>\n\t\t\t\t<a href='http:\/\/info.sadowne.pl\/wp-content\/uploads\/2018\/10\/2018.10.19-2.jpg'><img loading=\"lazy\" decoding=\"async\" width=\"180\" height=\"130\" src=\"http:\/\/info.sadowne.pl\/wp-content\/uploads\/2018\/10\/2018.10.19-2-180x130.jpg\" class=\"attachment-thumbnail size-thumbnail\" alt=\"\" \/><\/a>\n\t\t\t<\/dt><\/dl><dl class='gallery-item'>\n\t\t\t<dt class='gallery-icon landscape'>\n\t\t\t\t<a href='http:\/\/info.sadowne.pl\/wp-content\/uploads\/2018\/10\/2018.10.19-3.jpg'><img loading=\"lazy\" decoding=\"async\" width=\"180\" height=\"130\" src=\"http:\/\/info.sadowne.pl\/wp-content\/uploads\/2018\/10\/2018.10.19-3-180x130.jpg\" class=\"attachment-thumbnail size-thumbnail\" alt=\"\" \/><\/a>\n\t\t\t<\/dt><\/dl><br style=\"clear: both\" \/><dl class='gallery-item'>\n\t\t\t<dt class='gallery-icon landscape'>\n\t\t\t\t<a href='http:\/\/info.sadowne.pl\/wp-content\/uploads\/2018\/10\/2018.10.19-4.jpg'><img loading=\"lazy\" decoding=\"async\" width=\"180\" height=\"130\" src=\"http:\/\/info.sadowne.pl\/wp-content\/uploads\/2018\/10\/2018.10.19-4-180x130.jpg\" class=\"attachment-thumbnail size-thumbnail\" alt=\"\" \/><\/a>\n\t\t\t<\/dt><\/dl><dl class='gallery-item'>\n\t\t\t<dt class='gallery-icon landscape'>\n\t\t\t\t<a href='http:\/\/info.sadowne.pl\/wp-content\/uploads\/2018\/10\/2018.10.19-5.jpg'><img loading=\"lazy\" decoding=\"async\" width=\"180\" height=\"130\" src=\"http:\/\/info.sadowne.pl\/wp-content\/uploads\/2018\/10\/2018.10.19-5-180x130.jpg\" class=\"attachment-thumbnail size-thumbnail\" alt=\"\" \/><\/a>\n\t\t\t<\/dt><\/dl><dl class='gallery-item'>\n\t\t\t<dt class='gallery-icon landscape'>\n\t\t\t\t<a href='http:\/\/info.sadowne.pl\/wp-content\/uploads\/2018\/10\/2018.10.19-6.jpg'><img loading=\"lazy\" decoding=\"async\" width=\"180\" height=\"130\" src=\"http:\/\/info.sadowne.pl\/wp-content\/uploads\/2018\/10\/2018.10.19-6-180x130.jpg\" class=\"attachment-thumbnail size-thumbnail\" alt=\"\" \/><\/a>\n\t\t\t<\/dt><\/dl><br style=\"clear: both\" \/><dl class='gallery-item'>\n\t\t\t<dt class='gallery-icon landscape'>\n\t\t\t\t<a href='http:\/\/info.sadowne.pl\/wp-content\/uploads\/2018\/10\/2018.10.19-7.jpg'><img loading=\"lazy\" decoding=\"async\" width=\"180\" height=\"130\" src=\"http:\/\/info.sadowne.pl\/wp-content\/uploads\/2018\/10\/2018.10.19-7-180x130.jpg\" class=\"attachment-thumbnail size-thumbnail\" alt=\"\" \/><\/a>\n\t\t\t<\/dt><\/dl>\n\t\t\t<br style='clear: both' \/>\n\t\t<\/div>\n\n<p><strong>Tekst:<\/strong> Anna Szyszka\/S\u0142awek Chyli\u0144ski<\/p>\n<p><strong>Foto:<\/strong> Anna Szyszka<\/p>\n","protected":false},"excerpt":{"rendered":"<p>Po powrocie z Serbii Pani Ania Szyszka wyjecha\u0142a do Szklarskiej Por\u0119by na cykl wojskowych zgrupowa\u0144 sportowych. Dlatego te\u017c w mniejszym stopniu ma mo\u017cliwo\u015b\u0107 startowania, co nie oznacza, \u017ce odpuszcza ca\u0142kowicie starty.<\/p>\n","protected":false},"author":1,"featured_media":0,"comment_status":"closed","ping_status":"closed","sticky":false,"template":"","format":"standard","meta":{"footnotes":""},"categories":[5,2135,7],"tags":[734,1590],"class_list":["post-19336","post","type-post","status-publish","format-standard","hentry","category-newsy","category-bieganie","category-sport","tag-anna-szyszka","tag-bieganie"],"views":3144,"_links":{"self":[{"href":"http:\/\/info.sadowne.pl\/index.php?rest_route=\/wp\/v2\/posts\/19336","targetHints":{"allow":["GET"]}}],"collection":[{"href":"http:\/\/info.sadowne.pl\/index.php?rest_route=\/wp\/v2\/posts"}],"about":[{"href":"http:\/\/info.sadowne.pl\/index.php?rest_route=\/wp\/v2\/types\/post"}],"author":[{"embeddable":true,"href":"http:\/\/info.sadowne.pl\/index.php?rest_route=\/wp\/v2\/users\/1"}],"replies":[{"embeddable":true,"href":"http:\/\/info.sadowne.pl\/index.php?rest_route=%2Fwp%2Fv2%2Fcomments&post=19336"}],"version-history":[{"count":1,"href":"http:\/\/info.sadowne.pl\/index.php?rest_route=\/wp\/v2\/posts\/19336\/revisions"}],"predecessor-version":[{"id":19344,"href":"http:\/\/info.sadowne.pl\/index.php?rest_route=\/wp\/v2\/posts\/19336\/revisions\/19344"}],"wp:attachment":[{"href":"http:\/\/info.sadowne.pl\/index.php?rest_route=%2Fwp%2Fv2%2Fmedia&parent=19336"}],"wp:term":[{"taxonomy":"category","embeddable":true,"href":"http:\/\/info.sadowne.pl\/index.php?rest_route=%2Fwp%2Fv2%2Fcategories&post=19336"},{"taxonomy":"post_tag","embeddable":true,"href":"http:\/\/info.sadowne.pl\/index.php?rest_route=%2Fwp%2Fv2%2Ftags&post=19336"}],"curies":[{"name":"wp","href":"https:\/\/api.w.org\/{rel}","templated":true}]}}