{"id":19345,"date":"2018-10-19T19:54:09","date_gmt":"2018-10-19T17:54:09","guid":{"rendered":"http:\/\/info.sadowne.pl\/?p=19345"},"modified":"2018-10-20T15:13:52","modified_gmt":"2018-10-20T13:13:52","slug":"swieto-edukacji-narodowej-w-zsp","status":"publish","type":"post","link":"http:\/\/info.sadowne.pl\/?p=19345","title":{"rendered":"\u015awi\u0119to Edukacji Narodowej w ZSP"},"content":{"rendered":"<p><strong><img loading=\"lazy\" decoding=\"async\" class=\"alignleft size-thumbnail wp-image-19346\" src=\"http:\/\/info.sadowne.pl\/wp-content\/uploads\/2018\/10\/2018.10.19.5-180x130.jpg\" alt=\"\" width=\"180\" height=\"130\" \/>Jako jedni z ostatnich, swoje \u015bwi\u0119to obchodzili 19 pa\u017adziernika nauczyciele i pracownicy Zespo\u0142u Szk\u00f3\u0142 Ponadgimnazjalnych w Sadownem.<\/strong><!--more--><\/p>\n<p>Uroczysto\u015b\u0107 odby\u0142a si\u0119 w sali gimnastycznej ZSP, a rozpocz\u0119\u0142o j\u0105 wprowadzenie sztandaru i wsp\u00f3lnie od\u015bpiewany hymn pa\u0144stwowy. Wszystkich obecnych powita\u0142 Dyrektor p. S\u0142awomir Ryszawa, sk\u0142adaj\u0105c \u017cyczenia pedagogom, pracownikom, a tak\u017ce przyby\u0142ym emerytowanym nauczycielom tej Szko\u0142y.<\/p>\n<p>Jak \u015awi\u0119to, to i nagrody. Dyrektor ZSP w tym roku wyr\u00f3\u017cni\u0142 o\u015bmioro pedagog\u00f3w, pp.: Magdalen\u0119 Figo\u0144, El\u017cbiet\u0119 Derna\u0142owicz, Janusza Sternickiego, Mariusza W\u00f3jcika, Miros\u0142aw\u0119 Renik, Gra\u017cyn\u0119 G\u0105siorek, Kamila Kie\u0142ka i El\u017cbiet\u0119 Rukat. Warto te\u017c wspomnie\u0107, \u017ce w dniach poprzednich, podczas uroczystej Gali w Siedlcach wyr\u00f3\u017cnienia odebra\u0142o r\u00f3wnie\u017c kilkoro nauczycieli sadowie\u0144skiego ZSP. Odznaczeniem Prezydenta RP \u2013 srebrnym medalem za d\u0142ugoletni\u0105 s\u0142u\u017cb\u0119 uhonorowano p. Miros\u0142aw\u0119 Renik i p. Wojciecha \u0141opaci\u0144skiego. Nagrod\u0119 Ministra O\u015bwiaty otrzyma\u0142 p. Wojciech \u0141opaci\u0144ski, a nagrod\u0119 Mazowieckiego Kuratora O\u015bwiaty otrzyma\u0142a p. Hanna \u0141ojek. Szkoda tylko, \u017ce ju\u017c drugi rok z kolei nauczyciele ZSP Sadowne nie znajduj\u0105 miejsca w\u015br\u00f3d pedagog\u00f3w wyr\u00f3\u017cnionych przez Starost\u0119 Powiatowego, kt\u00f3ry jest organem prowadz\u0105cym wszystkich szk\u00f3\u0142 \u015brednich w powiecie w\u0119growskim.<\/p>\n<p>Po oficjalnej cz\u0119\u015bci uroczysto\u015bci przyszed\u0142 czas na symboliczny kwiatek i \u017cyczenia od uczni\u00f3w, a tak\u017ce rozrywk\u0119. Tu ciekawy i widowiskowy pomys\u0142: Turniej Lektur przygotowany pod okiem p. Miros\u0142awy Renik przez poszczeg\u00f3lne klasy Liceum i Technikum. Komisja, w sk\u0142ad kt\u00f3rej wesz\u0142a pomys\u0142odawczyni, p. S\u0142awomir Ryszawa, p. Alicja Zy\u015bk i p. Marta Osman, ocenia\u0142a zaprezentowan\u0105 gr\u0119 aktorsk\u0105 uczni\u00f3w w wybranych przez nich fragmentach znanych lektury szkolnych.<\/p>\n<p>Ostatecznie stwierdzono, \u017ce najlepiej swoje przedstawienie przygotowa\u0142a klasa III LO, kt\u00f3ra zaprezentowa\u0142a fragment \u201eProcesu\u201d Franza Kafki, a jednym z najlepszych aktor\u00f3w zosta\u0142 p. Mariusz W\u00f3jcik, kt\u00f3ry przygotowywa\u0142 t\u0119 sztuk\u0119 razem z uczniami i wyst\u0105pi\u0142 w niej w roli g\u0142\u00f3wnej. Na drugim miejscu uplasowa\u0142a si\u0119 klasa III Technikum z nowotestamentow\u0105 \u201ePrzypowie\u015bci\u0105 o synu marnotrawnym\u201d, a na trzecim \u2013 klasa IV Technikum, kt\u00f3ra zaprezentowa\u0142a si\u0119 w \u201eWeselu w Atomicach\u201d. Za najlepsz\u0105 aktork\u0119 uznano Alicj\u0119 Zy\u015bk i postanowiono r\u00f3wnie\u017c wyr\u00f3\u017cni\u0107 drobnymi upominkami autor\u00f3w \u017ce\u0144skich i m\u0119skich kostium\u00f3w scenicznych.<\/p>\n<p><span style=\"color: #0000ff;\"><a style=\"color: #0000ff;\" href=\"https:\/\/photos.google.com\/share\/AF1QipPTVu_rgr6QPjpxsr3U4v9hx_yCAl02nBiwd-l_Wn9ANv1z1Gbj724Wp8ugCse5cw?key=Z3p2ZnRpRnlkRjd3NjBzbTBrWGdUMGNGbk1RSmJ3\" target=\"_blank\" rel=\"noopener noreferrer\"><strong>Zdj\u0119cia w galerii Google&gt;&gt;&gt;<\/strong><\/a><\/span><\/p>\n<p><strong>Tekst\/foto:<\/strong> S\u0142awek Chyli\u0144ski<\/p>\n","protected":false},"excerpt":{"rendered":"<p>Jako jedni z ostatnich, swoje \u015bwi\u0119to obchodzili 19 pa\u017adziernika nauczyciele i pracownicy Zespo\u0142u Szk\u00f3\u0142 Ponadgimnazjalnych w Sadownem.<\/p>\n","protected":false},"author":1,"featured_media":0,"comment_status":"closed","ping_status":"closed","sticky":false,"template":"","format":"standard","meta":{"footnotes":""},"categories":[5,1752,85],"tags":[2928,182],"class_list":["post-19345","post","type-post","status-publish","format-standard","hentry","category-newsy","category-edukacja","category-zsp","tag-swieto-edukacji-narodowej-w-zsp-sadowne","tag-zespol-szkol-ponadgimnazjalnych-w-sadownem"],"views":3617,"_links":{"self":[{"href":"http:\/\/info.sadowne.pl\/index.php?rest_route=\/wp\/v2\/posts\/19345","targetHints":{"allow":["GET"]}}],"collection":[{"href":"http:\/\/info.sadowne.pl\/index.php?rest_route=\/wp\/v2\/posts"}],"about":[{"href":"http:\/\/info.sadowne.pl\/index.php?rest_route=\/wp\/v2\/types\/post"}],"author":[{"embeddable":true,"href":"http:\/\/info.sadowne.pl\/index.php?rest_route=\/wp\/v2\/users\/1"}],"replies":[{"embeddable":true,"href":"http:\/\/info.sadowne.pl\/index.php?rest_route=%2Fwp%2Fv2%2Fcomments&post=19345"}],"version-history":[{"count":2,"href":"http:\/\/info.sadowne.pl\/index.php?rest_route=\/wp\/v2\/posts\/19345\/revisions"}],"predecessor-version":[{"id":19351,"href":"http:\/\/info.sadowne.pl\/index.php?rest_route=\/wp\/v2\/posts\/19345\/revisions\/19351"}],"wp:attachment":[{"href":"http:\/\/info.sadowne.pl\/index.php?rest_route=%2Fwp%2Fv2%2Fmedia&parent=19345"}],"wp:term":[{"taxonomy":"category","embeddable":true,"href":"http:\/\/info.sadowne.pl\/index.php?rest_route=%2Fwp%2Fv2%2Fcategories&post=19345"},{"taxonomy":"post_tag","embeddable":true,"href":"http:\/\/info.sadowne.pl\/index.php?rest_route=%2Fwp%2Fv2%2Ftags&post=19345"}],"curies":[{"name":"wp","href":"https:\/\/api.w.org\/{rel}","templated":true}]}}