{"id":19453,"date":"2018-11-13T17:38:33","date_gmt":"2018-11-13T16:38:33","guid":{"rendered":"http:\/\/info.sadowne.pl\/?p=19453"},"modified":"2018-11-13T17:38:33","modified_gmt":"2018-11-13T16:38:33","slug":"w-sadownem-goscimy-belgow","status":"publish","type":"post","link":"http:\/\/info.sadowne.pl\/?p=19453","title":{"rendered":"W Sadownem go\u015bcimy Belg\u00f3w!"},"content":{"rendered":"<p><strong><img loading=\"lazy\" decoding=\"async\" class=\"alignleft size-thumbnail wp-image-19454\" src=\"http:\/\/info.sadowne.pl\/wp-content\/uploads\/2018\/11\/2018.11.13.1-180x130.jpg\" alt=\"\" width=\"180\" height=\"130\" \/>Przed po\u0142udniem 13 listopada w ZSP Sadowne oficjalnie powitano go\u015bci z Belgii.<\/strong><!--more--><\/p>\n<p>Do niecodziennej wizyty dosz\u0142o w ramach partnerstwa i wsp\u00f3\u0142pracy, jak\u0105 Zesp\u00f3\u0142 Szk\u00f3\u0142 Ponadgimnazjalnych w Sadownem nawi\u0105za\u0142 ze szko\u0142\u0105 \u2013 Instytutem im. Emile Gryzon w Brukseli. Szko\u0142a ta, podobnie jak sadowie\u0144skie Technikum, posiada profil gastronomiczny i jest zainteresowana wsp\u00f3\u0142prac\u0105 z nasz\u0105 szko\u0142\u0105, wymian\u0105 do\u015bwiadcze\u0144 oraz wymian\u0105 mi\u0119dzynarodow\u0105 m\u0142odzie\u017cy szkolnej.<\/p>\n<p>Wizyt\u0119 w belgijskiej szkole z\u0142o\u017cyli ju\u017c w okresie wcze\u015bniejszym pedagodzy sadowie\u0144skiego ZSP. Obecnie dosz\u0142o do rewizyty i w naszej szkole pojawili si\u0119 nauczyciele z Brukseli: pp. M. Forton, M. Marechal, S. Storelli oraz p. Sebastien Noel z Ministerstwa Wsp\u00f3lnoty Kraj\u00f3w Francuskoj\u0119zycznych oraz p. Sylwia Wandziuk \u2013 Ob\u0142uska z Ambasady Belgii w Warszawie.<\/p>\n<p>Podczas uroczysto\u015bci w sali gimnastycznej ZSP, go\u015bci powita\u0142 Dyrektor p. S\u0142awomir Ryszawa, a w imieniu Gminy Sadowne \u2013 Zast\u0119pca W\u00f3jta p. Marcin Gr\u0119da. Go\u015bcie mieli te\u017c okazj\u0119 obejrze\u0107 monta\u017c s\u0142owno \u2013 muzyczny w wykonaniu artyst\u00f3w ze szkolnego Zespo\u0142u Tanecznego \u201eSadowne\u201d, po czym przyst\u0105pili do\u2026 rozm\u00f3w na temat wsp\u00f3\u0142pracy szk\u00f3\u0142 i zwiedzania naszego kraju \u2013 na pocz\u0105tek zwiedzanie Sadownego, jutro Warszawy, a w mi\u0119dzyczasie spotkania, rozmowy, warsztaty kulinarne\u2026<\/p>\n<p><span style=\"color: #0000ff;\"><a style=\"color: #0000ff;\" href=\"https:\/\/photos.google.com\/share\/AF1QipP5QrPFAVuKBEUKHqE_NM84Lts389N4Qs5AgEiNS9HeOI27dKvxE6GPgOVz0kkrlA?key=ZmJEOW9CanBRZjdvSDVFRkhZdWtyUEtQeHRyUWhn\" target=\"_blank\" rel=\"noopener noreferrer\"><strong>Zdj\u0119cia w galerii Google&gt;&gt;&gt;<\/strong><\/a><\/span><\/p>\n<p><strong>Tekst\/foto: <\/strong>S\u0142awek Chyli\u0144ski<\/p>\n","protected":false},"excerpt":{"rendered":"<p>Przed po\u0142udniem 13 listopada w ZSP Sadowne oficjalnie powitano go\u015bci z Belgii.<\/p>\n","protected":false},"author":1,"featured_media":0,"comment_status":"closed","ping_status":"closed","sticky":false,"template":"","format":"standard","meta":{"footnotes":""},"categories":[5,1752,85],"tags":[2945,182],"class_list":["post-19453","post","type-post","status-publish","format-standard","hentry","category-newsy","category-edukacja","category-zsp","tag-goscie-z-belgii-w-sadownem","tag-zespol-szkol-ponadgimnazjalnych-w-sadownem"],"views":3351,"_links":{"self":[{"href":"http:\/\/info.sadowne.pl\/index.php?rest_route=\/wp\/v2\/posts\/19453","targetHints":{"allow":["GET"]}}],"collection":[{"href":"http:\/\/info.sadowne.pl\/index.php?rest_route=\/wp\/v2\/posts"}],"about":[{"href":"http:\/\/info.sadowne.pl\/index.php?rest_route=\/wp\/v2\/types\/post"}],"author":[{"embeddable":true,"href":"http:\/\/info.sadowne.pl\/index.php?rest_route=\/wp\/v2\/users\/1"}],"replies":[{"embeddable":true,"href":"http:\/\/info.sadowne.pl\/index.php?rest_route=%2Fwp%2Fv2%2Fcomments&post=19453"}],"version-history":[{"count":1,"href":"http:\/\/info.sadowne.pl\/index.php?rest_route=\/wp\/v2\/posts\/19453\/revisions"}],"predecessor-version":[{"id":19455,"href":"http:\/\/info.sadowne.pl\/index.php?rest_route=\/wp\/v2\/posts\/19453\/revisions\/19455"}],"wp:attachment":[{"href":"http:\/\/info.sadowne.pl\/index.php?rest_route=%2Fwp%2Fv2%2Fmedia&parent=19453"}],"wp:term":[{"taxonomy":"category","embeddable":true,"href":"http:\/\/info.sadowne.pl\/index.php?rest_route=%2Fwp%2Fv2%2Fcategories&post=19453"},{"taxonomy":"post_tag","embeddable":true,"href":"http:\/\/info.sadowne.pl\/index.php?rest_route=%2Fwp%2Fv2%2Ftags&post=19453"}],"curies":[{"name":"wp","href":"https:\/\/api.w.org\/{rel}","templated":true}]}}