{"id":19508,"date":"2018-11-19T13:07:20","date_gmt":"2018-11-19T12:07:20","guid":{"rendered":"http:\/\/info.sadowne.pl\/?p=19508"},"modified":"2018-11-19T13:07:20","modified_gmt":"2018-11-19T12:07:20","slug":"przypadek-czy-przeznaczenie","status":"publish","type":"post","link":"http:\/\/info.sadowne.pl\/?p=19508","title":{"rendered":"Przypadek czy przeznaczenie?"},"content":{"rendered":"<p><strong><a href=\"http:\/\/info.sadowne.pl\/wp-content\/uploads\/2018\/11\/2018.11.19.1.jpg\" target=\"_blank\" rel=\"noopener noreferrer\"><img loading=\"lazy\" decoding=\"async\" class=\"alignleft wp-image-19509 size-thumbnail\" src=\"http:\/\/info.sadowne.pl\/wp-content\/uploads\/2018\/11\/2018.11.19.1-180x130.jpg\" alt=\"\" width=\"180\" height=\"130\" \/><\/a>100. rocznic\u0119 odzyskania przez Polsk\u0119 niepodleg\u0142o\u015bci mo\u017cna uczci\u0107 na r\u00f3\u017cne sposoby. Niekt\u00f3rzy wybrali bieganie\u2026<\/strong><!--more--><\/p>\n<p>11 listopada o godz. 11.11 wystartowa\u0142 ju\u017c trzydziesty warszawski Bieg Niepodleg\u0142o\u015bci, kt\u00f3rym tym razem biegacze uczcili setn\u0105 rocznic\u0119 odzyskania przez Polsk\u0119 niepodleg\u0142o\u015bci. Dziesi\u0119ciokilometrowy bieg uliczny pokona\u0142o oko\u0142o 20 tys. zawodnik\u00f3w, a w\u015br\u00f3d nich \u2013 kilku biegaczy, mieszka\u0144c\u00f3w naszej gminy.<\/p>\n<p><strong>Najlepiej w\u015br\u00f3d nich zaprezentowa\u0142a si\u0119 oczywi\u015bcie Pani Ania Szyszka z czasem 00:35:28.<\/strong> Zaj\u0119\u0142a 6. miejsce w\u015br\u00f3d startuj\u0105cych kobiet i wynik ten umo\u017cliwi\u0142 jej wej\u015bcie na najni\u017cszy stopie\u0144 podium w kategorii K20. Gratulujemy!<\/p>\n<p>Sama jest zaskoczona wynikiem, co podkre\u015bla w wypowiedzi: <em>Zaj\u0119\u0142am tam 6. miejsce z czasem 35:28, co jest jednym z czas\u00f3w bliskich mojej \u017cyci\u00f3wce na 10 km. Dawno tak dobrze nie pobieg\u0142am.<\/em><\/p>\n<p><strong><img loading=\"lazy\" decoding=\"async\" class=\"alignright size-medium wp-image-19512\" src=\"http:\/\/info.sadowne.pl\/wp-content\/uploads\/2018\/11\/2018.11.19.3-300x213.jpg\" alt=\"\" width=\"300\" height=\"213\" srcset=\"http:\/\/info.sadowne.pl\/wp-content\/uploads\/2018\/11\/2018.11.19.3-300x213.jpg 300w, http:\/\/info.sadowne.pl\/wp-content\/uploads\/2018\/11\/2018.11.19.3.jpg 318w\" sizes=\"auto, (max-width: 300px) 100vw, 300px\" \/>By\u0142o zaskoczenie, ale jego poziom wzr\u00f3s\u0142 dopiero wtedy, gdy okaza\u0142o si\u0119, \u017ce Pani Ania jako \u201esetny\u201d zawodnik przekroczy\u0142a lini\u0119 mety Biegu Niepodleg\u0142o\u015bci.<\/strong> Wi\u0105za\u0142o si\u0119 to ze specjaln\u0105 nagrod\u0105 przygotowan\u0105 przez organizator\u00f3w dla zwyci\u0119zc\u00f3w Biegu oraz biegaczy, kt\u00f3rzy dotr\u0105 na met\u0119 na miejscu 100. i 1918.<\/p>\n<p>Nagroda ta to okoliczno\u015bciowy sygnet patriotyczny z god\u0142em Polski, kt\u00f3ry wykonano z okazji 100. rocznicy odzyskania przez Polsk\u0119 niepodleg\u0142o\u015bci. Pani Ania mo\u017ce pochwali\u0107 si\u0119 wieloma medalami i pucharami z zawod\u00f3w biegowych o r\u00f3\u017cnej randze, ale\u2026 sygnet z or\u0142em zajmie zapewne szczeg\u00f3lne miejsce w jej kolekcji trofe\u00f3w sportowych.<\/p>\n<p><strong>A tak przy okazji, 100 miejsce na 100-lecie niepodleg\u0142o\u015bci to przypadek czy przeznaczenie? Mo\u017ce wynik ten co\u015b oznacza?<\/strong> Oczywi\u015bcie w pozytywnym tego s\u0142owa znaczeniu\u2026<\/p>\n<p><strong>Tekst:<\/strong> S\u0142awek Chyli\u0144ski<\/p>\n<p><strong>\u0179r\u00f3d\u0142o\/foto<\/strong>: <a href=\"http:\/\/www.przegladsportowy.pl\">www.przegladsportowy.pl<\/a><\/p>\n<p>&nbsp;<\/p>\n","protected":false},"excerpt":{"rendered":"<p>100. rocznic\u0119 odzyskania przez Polsk\u0119 niepodleg\u0142o\u015bci mo\u017cna uczci\u0107 na r\u00f3\u017cne sposoby. Niekt\u00f3rzy wybrali bieganie\u2026<\/p>\n","protected":false},"author":1,"featured_media":0,"comment_status":"closed","ping_status":"closed","sticky":false,"template":"","format":"standard","meta":{"footnotes":""},"categories":[5,2135,7],"tags":[2954,734],"class_list":["post-19508","post","type-post","status-publish","format-standard","hentry","category-newsy","category-bieganie","category-sport","tag-30-bieg-niepodleglosci-w-warszawie","tag-anna-szyszka"],"views":3716,"_links":{"self":[{"href":"http:\/\/info.sadowne.pl\/index.php?rest_route=\/wp\/v2\/posts\/19508","targetHints":{"allow":["GET"]}}],"collection":[{"href":"http:\/\/info.sadowne.pl\/index.php?rest_route=\/wp\/v2\/posts"}],"about":[{"href":"http:\/\/info.sadowne.pl\/index.php?rest_route=\/wp\/v2\/types\/post"}],"author":[{"embeddable":true,"href":"http:\/\/info.sadowne.pl\/index.php?rest_route=\/wp\/v2\/users\/1"}],"replies":[{"embeddable":true,"href":"http:\/\/info.sadowne.pl\/index.php?rest_route=%2Fwp%2Fv2%2Fcomments&post=19508"}],"version-history":[{"count":2,"href":"http:\/\/info.sadowne.pl\/index.php?rest_route=\/wp\/v2\/posts\/19508\/revisions"}],"predecessor-version":[{"id":19513,"href":"http:\/\/info.sadowne.pl\/index.php?rest_route=\/wp\/v2\/posts\/19508\/revisions\/19513"}],"wp:attachment":[{"href":"http:\/\/info.sadowne.pl\/index.php?rest_route=%2Fwp%2Fv2%2Fmedia&parent=19508"}],"wp:term":[{"taxonomy":"category","embeddable":true,"href":"http:\/\/info.sadowne.pl\/index.php?rest_route=%2Fwp%2Fv2%2Fcategories&post=19508"},{"taxonomy":"post_tag","embeddable":true,"href":"http:\/\/info.sadowne.pl\/index.php?rest_route=%2Fwp%2Fv2%2Ftags&post=19508"}],"curies":[{"name":"wp","href":"https:\/\/api.w.org\/{rel}","templated":true}]}}