{"id":19544,"date":"2018-11-22T17:03:18","date_gmt":"2018-11-22T16:03:18","guid":{"rendered":"http:\/\/info.sadowne.pl\/?p=19544"},"modified":"2018-11-22T17:03:18","modified_gmt":"2018-11-22T16:03:18","slug":"kiermasz-swiateczny","status":"publish","type":"post","link":"http:\/\/info.sadowne.pl\/?p=19544","title":{"rendered":"KIERMASZ \u015aWI\u0104TECZNY!"},"content":{"rendered":"<p><strong><img loading=\"lazy\" decoding=\"async\" class=\"alignleft size-thumbnail wp-image-19545\" src=\"http:\/\/info.sadowne.pl\/wp-content\/uploads\/2018\/11\/2018.11.22.32-180x130.jpg\" alt=\"\" width=\"180\" height=\"130\" \/>W dniach 10 \u2013 21 grudnia br. w Gminnym O\u015brodku Kultury w Sadownem odb\u0119dzie si\u0119 Kiermasz \u015awi\u0105teczny. Zapraszamy!<\/strong><!--more--><\/p>\n<p><img loading=\"lazy\" decoding=\"async\" class=\"aligncenter size-full wp-image-19545\" src=\"http:\/\/info.sadowne.pl\/wp-content\/uploads\/2018\/11\/2018.11.22.32.jpg\" alt=\"\" width=\"606\" height=\"429\" srcset=\"http:\/\/info.sadowne.pl\/wp-content\/uploads\/2018\/11\/2018.11.22.32.jpg 606w, http:\/\/info.sadowne.pl\/wp-content\/uploads\/2018\/11\/2018.11.22.32-300x212.jpg 300w\" sizes=\"auto, (max-width: 606px) 100vw, 606px\" \/><\/p>\n","protected":false},"excerpt":{"rendered":"<p>W dniach 10 \u2013 21 grudnia br. w Gminnym O\u015brodku Kultury w Sadownem odb\u0119dzie si\u0119 Kiermasz \u015awi\u0105teczny. Zapraszamy!<\/p>\n","protected":false},"author":1,"featured_media":0,"comment_status":"closed","ping_status":"closed","sticky":false,"template":"","format":"standard","meta":{"footnotes":""},"categories":[5,91,6],"tags":[169,1702],"class_list":["post-19544","post","type-post","status-publish","format-standard","hentry","category-newsy","category-gminny-osrodek-kultury","category-kultura-rozrywka-edukacja","tag-gminny-osrodek-kultury-w-sadownem","tag-kiermasz-swiateczny-w-sadownem"],"views":2500,"_links":{"self":[{"href":"http:\/\/info.sadowne.pl\/index.php?rest_route=\/wp\/v2\/posts\/19544","targetHints":{"allow":["GET"]}}],"collection":[{"href":"http:\/\/info.sadowne.pl\/index.php?rest_route=\/wp\/v2\/posts"}],"about":[{"href":"http:\/\/info.sadowne.pl\/index.php?rest_route=\/wp\/v2\/types\/post"}],"author":[{"embeddable":true,"href":"http:\/\/info.sadowne.pl\/index.php?rest_route=\/wp\/v2\/users\/1"}],"replies":[{"embeddable":true,"href":"http:\/\/info.sadowne.pl\/index.php?rest_route=%2Fwp%2Fv2%2Fcomments&post=19544"}],"version-history":[{"count":1,"href":"http:\/\/info.sadowne.pl\/index.php?rest_route=\/wp\/v2\/posts\/19544\/revisions"}],"predecessor-version":[{"id":19546,"href":"http:\/\/info.sadowne.pl\/index.php?rest_route=\/wp\/v2\/posts\/19544\/revisions\/19546"}],"wp:attachment":[{"href":"http:\/\/info.sadowne.pl\/index.php?rest_route=%2Fwp%2Fv2%2Fmedia&parent=19544"}],"wp:term":[{"taxonomy":"category","embeddable":true,"href":"http:\/\/info.sadowne.pl\/index.php?rest_route=%2Fwp%2Fv2%2Fcategories&post=19544"},{"taxonomy":"post_tag","embeddable":true,"href":"http:\/\/info.sadowne.pl\/index.php?rest_route=%2Fwp%2Fv2%2Ftags&post=19544"}],"curies":[{"name":"wp","href":"https:\/\/api.w.org\/{rel}","templated":true}]}}