{"id":19547,"date":"2018-11-23T09:50:37","date_gmt":"2018-11-23T08:50:37","guid":{"rendered":"http:\/\/info.sadowne.pl\/?p=19547"},"modified":"2018-11-23T09:50:37","modified_gmt":"2018-11-23T08:50:37","slug":"marek-renik-wicestarosta-powiatu-wegrowskiego","status":"publish","type":"post","link":"http:\/\/info.sadowne.pl\/?p=19547","title":{"rendered":"Marek Renik Wicestarost\u0105 Powiatu W\u0119growskiego!"},"content":{"rendered":"<p><strong><img loading=\"lazy\" decoding=\"async\" class=\"alignleft size-thumbnail wp-image-19548\" src=\"http:\/\/info.sadowne.pl\/wp-content\/uploads\/2018\/11\/2018.11.23.1-180x130.jpg\" alt=\"\" width=\"180\" height=\"130\" \/>W \u015brod\u0119, 21 listopada 2018r. odby\u0142a si\u0119 pierwsza sesja Rady Powiatu W\u0119growskiego w kadencji 2018-2023, poprzedzona Msz\u0105 \u015bw., koncelebrowan\u0105 przez ks. dziekana Leszka Gardzi\u0144skiego.<\/strong><!--more--><\/p>\n<p>Radni odebrali za\u015bwiadczenia o wyborze na Radnego Powiatu oraz z\u0142o\u017cyli \u015blubowanie. W g\u0142osowaniach tajnych Rada Powiatu wy\u0142oni\u0142a Prezydium Rady, na czele kt\u00f3rej stan\u0105\u0142 Leszek Redosz &#8211; Przewodnicz\u0105cy Rady Powiatu wraz z zast\u0119pcami: Brygid\u0105 G\u00f3rniaczyk i Krzysztofem Onaszkiewiczem.<\/p>\n<p>Radni w g\u0142osowaniach tajnych podj\u0119li r\u00f3wnie\u017c decyzj\u0119 o sk\u0142adzie Zarz\u0105du Powiatu. Starost\u0105 W\u0119growskim zosta\u0142a Ewa Besztak, Wicestarost\u0105 Marek Renik, pozosta\u0142ymi cz\u0142onkami Zarz\u0105du: Artur Lis, Tadeusz Kot i W\u0142odzimierz Miszczak.<\/p>\n\n\t\t<style type=\"text\/css\">\n\t\t\t#gallery-1 {\n\t\t\t\tmargin: auto;\n\t\t\t}\n\t\t\t#gallery-1 .gallery-item {\n\t\t\t\tfloat: left;\n\t\t\t\tmargin-top: 10px;\n\t\t\t\ttext-align: center;\n\t\t\t\twidth: 33%;\n\t\t\t}\n\t\t\t#gallery-1 img {\n\t\t\t\tborder: 2px solid #cfcfcf;\n\t\t\t}\n\t\t\t#gallery-1 .gallery-caption {\n\t\t\t\tmargin-left: 0;\n\t\t\t}\n\t\t\t\/* see gallery_shortcode() in wp-includes\/media.php *\/\n\t\t<\/style>\n\t\t<div id='gallery-1' class='gallery galleryid-19547 gallery-columns-3 gallery-size-thumbnail'><dl class='gallery-item'>\n\t\t\t<dt class='gallery-icon landscape'>\n\t\t\t\t<a href='http:\/\/info.sadowne.pl\/?attachment_id=19548'><img loading=\"lazy\" decoding=\"async\" width=\"180\" height=\"130\" src=\"http:\/\/info.sadowne.pl\/wp-content\/uploads\/2018\/11\/2018.11.23.1-180x130.jpg\" class=\"attachment-thumbnail size-thumbnail\" alt=\"\" \/><\/a>\n\t\t\t<\/dt><\/dl><dl class='gallery-item'>\n\t\t\t<dt class='gallery-icon landscape'>\n\t\t\t\t<a href='http:\/\/info.sadowne.pl\/?attachment_id=19549'><img loading=\"lazy\" decoding=\"async\" width=\"180\" height=\"130\" src=\"http:\/\/info.sadowne.pl\/wp-content\/uploads\/2018\/11\/2018.11.23.2-180x130.jpg\" class=\"attachment-thumbnail size-thumbnail\" alt=\"\" \/><\/a>\n\t\t\t<\/dt><\/dl><dl class='gallery-item'>\n\t\t\t<dt class='gallery-icon landscape'>\n\t\t\t\t<a href='http:\/\/info.sadowne.pl\/?attachment_id=19550'><img loading=\"lazy\" decoding=\"async\" width=\"180\" height=\"130\" src=\"http:\/\/info.sadowne.pl\/wp-content\/uploads\/2018\/11\/2018.11.23.3-180x130.jpg\" class=\"attachment-thumbnail size-thumbnail\" alt=\"\" \/><\/a>\n\t\t\t<\/dt><\/dl><br style=\"clear: both\" \/><dl class='gallery-item'>\n\t\t\t<dt class='gallery-icon landscape'>\n\t\t\t\t<a href='http:\/\/info.sadowne.pl\/?attachment_id=19551'><img loading=\"lazy\" decoding=\"async\" width=\"180\" height=\"130\" src=\"http:\/\/info.sadowne.pl\/wp-content\/uploads\/2018\/11\/2018.11.23.4-180x130.jpg\" class=\"attachment-thumbnail size-thumbnail\" alt=\"\" \/><\/a>\n\t\t\t<\/dt><\/dl><dl class='gallery-item'>\n\t\t\t<dt class='gallery-icon portrait'>\n\t\t\t\t<a href='http:\/\/info.sadowne.pl\/?attachment_id=19552'><img loading=\"lazy\" decoding=\"async\" width=\"180\" height=\"130\" src=\"http:\/\/info.sadowne.pl\/wp-content\/uploads\/2018\/11\/2018.11.23.5-180x130.jpg\" class=\"attachment-thumbnail size-thumbnail\" alt=\"\" \/><\/a>\n\t\t\t<\/dt><\/dl>\n\t\t\t<br style='clear: both' \/>\n\t\t<\/div>\n\n<p><strong>Wi\u0119cej na stronie <span style=\"color: #0000ff;\"><a style=\"color: #0000ff;\" href=\"https:\/\/powiatwegrowski.pl\/aktualnosci\/wiadomosci-dnia\/i-sesja-vi-kadencji-rady-powiatu-wegrowskiego.6161\/\" target=\"_blank\" rel=\"noopener noreferrer\">https:\/\/powiatwegrowski.pl\/aktualnosci\/wiadomosci-dnia\/i-sesja-vi-kadencji-rady-powiatu-wegrowskiego.6161\/<\/a><\/span><\/strong><\/p>\n<p><strong>\u0179r\u00f3d\u0142o\/foto:<\/strong> <a href=\"http:\/\/www.powiatwegrowski.pl\/Marek\" target=\"_blank\" rel=\"noopener noreferrer\">www.powiatwegrowski.pl<\/a>\/Marek Renik<\/p>\n","protected":false},"excerpt":{"rendered":"<p>W \u015brod\u0119, 21 listopada 2018r. odby\u0142a si\u0119 pierwsza sesja Rady Powiatu W\u0119growskiego w kadencji 2018-2023, poprzedzona Msz\u0105 \u015bw., koncelebrowan\u0105 przez ks. dziekana Leszka Gardzi\u0144skiego.<\/p>\n","protected":false},"author":1,"featured_media":0,"comment_status":"closed","ping_status":"closed","sticky":false,"template":"","format":"standard","meta":{"footnotes":""},"categories":[5,41],"tags":[395,198,2961],"class_list":["post-19547","post","type-post","status-publish","format-standard","hentry","category-newsy","category-wiesci-gminne","tag-marek-renik","tag-starostwo-powiatowe-w-wegrowie","tag-wicestarosta-powiatu-wegrowskiego"],"views":3482,"_links":{"self":[{"href":"http:\/\/info.sadowne.pl\/index.php?rest_route=\/wp\/v2\/posts\/19547","targetHints":{"allow":["GET"]}}],"collection":[{"href":"http:\/\/info.sadowne.pl\/index.php?rest_route=\/wp\/v2\/posts"}],"about":[{"href":"http:\/\/info.sadowne.pl\/index.php?rest_route=\/wp\/v2\/types\/post"}],"author":[{"embeddable":true,"href":"http:\/\/info.sadowne.pl\/index.php?rest_route=\/wp\/v2\/users\/1"}],"replies":[{"embeddable":true,"href":"http:\/\/info.sadowne.pl\/index.php?rest_route=%2Fwp%2Fv2%2Fcomments&post=19547"}],"version-history":[{"count":1,"href":"http:\/\/info.sadowne.pl\/index.php?rest_route=\/wp\/v2\/posts\/19547\/revisions"}],"predecessor-version":[{"id":19553,"href":"http:\/\/info.sadowne.pl\/index.php?rest_route=\/wp\/v2\/posts\/19547\/revisions\/19553"}],"wp:attachment":[{"href":"http:\/\/info.sadowne.pl\/index.php?rest_route=%2Fwp%2Fv2%2Fmedia&parent=19547"}],"wp:term":[{"taxonomy":"category","embeddable":true,"href":"http:\/\/info.sadowne.pl\/index.php?rest_route=%2Fwp%2Fv2%2Fcategories&post=19547"},{"taxonomy":"post_tag","embeddable":true,"href":"http:\/\/info.sadowne.pl\/index.php?rest_route=%2Fwp%2Fv2%2Ftags&post=19547"}],"curies":[{"name":"wp","href":"https:\/\/api.w.org\/{rel}","templated":true}]}}