{"id":19602,"date":"2018-11-29T20:03:51","date_gmt":"2018-11-29T19:03:51","guid":{"rendered":"http:\/\/info.sadowne.pl\/?p=19602"},"modified":"2018-11-29T20:13:29","modified_gmt":"2018-11-29T19:13:29","slug":"koncert-patriotyczny-w-gok","status":"publish","type":"post","link":"http:\/\/info.sadowne.pl\/?p=19602","title":{"rendered":"Koncert patriotyczny w GOK"},"content":{"rendered":"<p><strong><img loading=\"lazy\" decoding=\"async\" class=\"alignleft size-thumbnail wp-image-19603\" src=\"http:\/\/info.sadowne.pl\/wp-content\/uploads\/2018\/11\/2018.11.29.1-180x130.jpg\" alt=\"\" width=\"180\" height=\"130\" \/>W czwartek 29 listopada w Gminnym O\u015brodku Kultury w Sadownem odby\u0142 si\u0119 Koncert patriotyczny.<\/strong><!--more--><\/p>\n<p>W Gminnym O\u015brodku Kultury w Sadownem, z okazji 100. rocznicy odzyskania przez Polsk\u0119 niepodleg\u0142o\u015bci, swoje umiej\u0119tno\u015bci zaprezentowali cz\u0142onkowie Ko\u0142a Muzycznego, kt\u00f3re funkcjonuje w tej plac\u00f3wce. Gitarowe, keyboardowe, ale te\u017c wokalne wersje najpopularniejszych pie\u015bni patriotycznych bardzo podoba\u0142y si\u0119 przyby\u0142ej publiczno\u015bci, kt\u00f3ra oklaskami nagradza\u0142a artyst\u00f3w, a tak\u017ce p. Ew\u0119 Jakubik, kt\u00f3ra przygotowa\u0142a wykonawc\u00f3w i program koncertu.<\/p>\n<p>W Koncercie patriotycznym interpretacj\u0119 znanych pie\u015bni patriotycznych mogli\u015bmy us\u0142ysze\u0107, do zbiorowego akompaniamentu, w wykonaniu:<\/p>\n<p>&#8211; <em>Wojenko, wojenko<\/em> \u2013 na klawiszach grali: Amelia Pu\u015bcion, Wiktoria Decyk, Izabela Ilczuk<\/p>\n<p>&#8211; <em>Rozkwita\u0142y p\u0105ki bia\u0142ych r\u00f3\u017c<\/em> \u2013 gitarzy\u015bci i klawiszowcy, \u015bpiewa\u0142y: Maja Sobczyk, Magdalena Sawicka<\/p>\n<p>&#8211; <em>M\u00f3wi\u0119 o Tobie dobrze<\/em> \u2013 \u015bpiewa\u0142y: Oliwia Feli\u0144ska, Magda Sawicka<\/p>\n<p>&#8211; <em>Rok 966<\/em> \u2013 \u015bpiewa\u0142y: Izabela Ilczuk, Amelia Pu\u015bcion<\/p>\n<p>&#8211; <em>Bia\u0142y krzy\u017c<\/em> \u2013 \u015bpiewa\u0142a Zuzanna Gierej<\/p>\n<p>&#8211; <em>Przytulmy Polsk\u0119 do serca<\/em> \u2013 \u015bpiewa\u0142y: Izabela Ilczuk, Zuzanna Gierej<\/p>\n<p>&#8211; <em>Przybyli u\u0142ani<\/em> \u2013 \u015bpiewa\u0142y: Oliwia Feli\u0144ska, Kinga Borowa<\/p>\n<p>&#8211; <em>O m\u00f3j rozmarynie<\/em> \u2013 \u015bpiewa\u0142y: Wiktoria Decyk, Izabela Ilczuk, Zuzanna Gierej<\/p>\n<p>&#8211; <em>Nie nosz\u0105 lampas\u00f3w<\/em> \u2013 \u015bpiewa\u0142y: Natalia Rostek, Oliwia Feli\u0144ska, Wiktoria Ga\u0142\u0105zka<\/p>\n<p>&#8211; <em>Miejcie nadziej\u0119<\/em> \u2013 \u015bpiewa\u0142y: Zuzanna Gierej, Wiktoria Decyk<\/p>\n<p>&#8211; <em>Warcz\u0105 karabiny<\/em> \u2013 na keyboardzie gra\u0142 Krzysztof Kalbarczyk<\/p>\n<p>&#8211; <em>Taki kraj<\/em> \u2013 gitarzy\u015bci i klawiszowcy, \u015bpiewa\u0142a Izabela Ilczuk<\/p>\n<p>Wspania\u0142y koncert Ko\u0142a Muzycznego w tak donios\u0142\u0105 rocznic\u0119 odzyskania niepodleg\u0142o\u015bci i \u015bwietna okazja do jej wsp\u00f3lnego uczczenia \u2013 oczywi\u015bcie poprzez wsp\u00f3lne \u015bpiewanie pie\u015bni patriotycznych.<\/p>\n<p><span style=\"color: #0000ff;\"><a style=\"color: #0000ff;\" href=\"https:\/\/photos.app.goo.gl\/YR1iW3iu3UCR533z6\" target=\"_blank\" rel=\"noopener noreferrer\"><strong>Zdj\u0119cia w galerii Google&gt;&gt;&gt;<\/strong><\/a><\/span><\/p>\n<p><strong>Tekst\/foto:<\/strong> S\u0142awek Chyli\u0144ski<\/p>\n","protected":false},"excerpt":{"rendered":"<p>W czwartek 29 listopada w Gminnym O\u015brodku Kultury w Sadownem odby\u0142 si\u0119 Koncert patriotyczny.<\/p>\n","protected":false},"author":1,"featured_media":0,"comment_status":"closed","ping_status":"closed","sticky":false,"template":"","format":"standard","meta":{"footnotes":""},"categories":[5,91,6],"tags":[212,169,2321,213],"class_list":["post-19602","post","type-post","status-publish","format-standard","hentry","category-newsy","category-gminny-osrodek-kultury","category-kultura-rozrywka-edukacja","tag-ewa-jakubik","tag-gminny-osrodek-kultury-w-sadownem","tag-kolo-muzyczne-gok-sadowne","tag-koncert-kola-muzycznego-w-sadownem"],"views":2807,"_links":{"self":[{"href":"http:\/\/info.sadowne.pl\/index.php?rest_route=\/wp\/v2\/posts\/19602","targetHints":{"allow":["GET"]}}],"collection":[{"href":"http:\/\/info.sadowne.pl\/index.php?rest_route=\/wp\/v2\/posts"}],"about":[{"href":"http:\/\/info.sadowne.pl\/index.php?rest_route=\/wp\/v2\/types\/post"}],"author":[{"embeddable":true,"href":"http:\/\/info.sadowne.pl\/index.php?rest_route=\/wp\/v2\/users\/1"}],"replies":[{"embeddable":true,"href":"http:\/\/info.sadowne.pl\/index.php?rest_route=%2Fwp%2Fv2%2Fcomments&post=19602"}],"version-history":[{"count":2,"href":"http:\/\/info.sadowne.pl\/index.php?rest_route=\/wp\/v2\/posts\/19602\/revisions"}],"predecessor-version":[{"id":19605,"href":"http:\/\/info.sadowne.pl\/index.php?rest_route=\/wp\/v2\/posts\/19602\/revisions\/19605"}],"wp:attachment":[{"href":"http:\/\/info.sadowne.pl\/index.php?rest_route=%2Fwp%2Fv2%2Fmedia&parent=19602"}],"wp:term":[{"taxonomy":"category","embeddable":true,"href":"http:\/\/info.sadowne.pl\/index.php?rest_route=%2Fwp%2Fv2%2Fcategories&post=19602"},{"taxonomy":"post_tag","embeddable":true,"href":"http:\/\/info.sadowne.pl\/index.php?rest_route=%2Fwp%2Fv2%2Ftags&post=19602"}],"curies":[{"name":"wp","href":"https:\/\/api.w.org\/{rel}","templated":true}]}}