{"id":19622,"date":"2018-12-02T20:07:39","date_gmt":"2018-12-02T19:07:39","guid":{"rendered":"http:\/\/info.sadowne.pl\/?p=19622"},"modified":"2021-09-01T21:12:51","modified_gmt":"2021-09-01T19:12:51","slug":"mikolajkowy-marsz","status":"publish","type":"post","link":"http:\/\/info.sadowne.pl\/?p=19622","title":{"rendered":"Miko\u0142ajkowy Marsz!"},"content":{"rendered":"<p><strong><img loading=\"lazy\" decoding=\"async\" class=\"alignleft size-thumbnail wp-image-19623\" src=\"http:\/\/info.sadowne.pl\/wp-content\/uploads\/2018\/12\/2018.12.02.1-180x130.jpg\" alt=\"\" width=\"180\" height=\"130\" \/>2 grudnia w Sadownem odby\u0142 si\u0119 Miko\u0142ajkowy Marsz Nordic Waking.<\/strong><!--more--><\/p>\n<p>Po mro\u017anych i wietrznych ostatnio dzionkach przysz\u0142a znacznie \u0142agodniejsza aura w niedziel\u0119 2 grudnia i ci, co ruszyli na w\u0119dr\u00f3wk\u0119 z kijkami, \u015bmia\u0142o mogli wzmocni\u0107 odporno\u015b\u0107, zwi\u0119kszy\u0107 dotlenienie organizmu, aktywnie spali\u0107 kalorie, odwiedzaj\u0105c ciekawe miejsca w pobli\u017cu Sadownego. Sami sobie sprawili tym miko\u0142ajkowe prezenty, a mo\u017ce spe\u0142nia\u0142y im si\u0119 jakie\u015b \u015bwie\u017cutkie andrzejkowe wr\u00f3\u017cby.<\/p>\n<p><img loading=\"lazy\" decoding=\"async\" class=\"aligncenter size-full wp-image-19624\" src=\"http:\/\/info.sadowne.pl\/wp-content\/uploads\/2018\/12\/2018.12.02.2.png\" alt=\"\" width=\"362\" height=\"299\" srcset=\"http:\/\/info.sadowne.pl\/wp-content\/uploads\/2018\/12\/2018.12.02.2.png 362w, http:\/\/info.sadowne.pl\/wp-content\/uploads\/2018\/12\/2018.12.02.2-300x248.png 300w\" sizes=\"auto, (max-width: 362px) 100vw, 362px\" \/><\/p>\n<p>Tym razem spod GOK-u tu\u017c po godz. 12.30 ruszyli\u015bmy ulicami: Ko\u015bciuszki, S\u0142oneczn\u0105 i, gdy ju\u017c zamierzali\u015bmy dalej prosto przemierza\u0107 Drak i Cich\u0105, odezwa\u0142y si\u0119 g\u0142osy, \u017ce za prosto, za du\u017cy ruch pojazd\u00f3w, po asfalcie i lekko pod wiaterek. Szybko zmienili\u015bmy wi\u0119c plany i &#8211; po odwiedzeniu pomnika pomordowanych w czasie II wojny \u015bwiatowej &#8211; przeszli\u015bmy \u201eza g\u00f3rk\u0119\u201d, by d\u0142ug\u0105 na kilometr parabol\u0105 i\u015b\u0107 twardym, le\u015bnym traktem, mijaj\u0105c le\u015bnicz\u00f3wk\u0119, prze\u015bwituj\u0105ce za drzewami zabudowania Draku i w ko\u0144cu zapomnian\u0105 dr\u00f3\u017ck\u0105 doj\u015b\u0107 do jego ostatnich zabudowa\u0144 ju\u017c przy ul. Cichej.<\/p>\n<p>Jegiel, jak zwykle, zachwyca\u0142 r\u00f3\u017cnorodno\u015bci\u0105 ro\u015blinno\u015bci i ukszta\u0142towania terenu. Dorodne sosny na pag\u00f3rkach ust\u0119powa\u0142y miejsca m\u0142odnikom, olsom w nizinkach, bieli brz\u00f3zek wzd\u0142u\u017c le\u015bnych dukt\u00f3w, a pod stopami czuli\u015bmy najpierw \u017cwir\u00f3wk\u0119, potem mi\u0119kk\u0105 \u015bcie\u017ck\u0119 z kolkami czy mchem, wreszcie piach na le\u015bnym trakcie, co z ko\u0142\u0105dzi\u0105\u017cskiego maj\u0105tku ku Kantorowi w Sadownem prosto bieg\u0142.<\/p>\n<p>Tu\u017c przed torami gwar rozm\u00f3w nagle przerwa\u0142 niespokojny krzyk wyp\u0142oszonego ba\u017canta. Tak doszli\u015bmy do przejazdu kolejowego \u201erybiowskiego\u201d. Tu chwila na grupowe zdj\u0119cia w miejscu, gdzie jeszcze rok temu sta\u0142y pomnikowe sosny i podziwiali\u015bmy remont linii kolejowej Warszawa \u2013 Bia\u0142ystok. Widok szerokiej drogi, jaka wzd\u0142u\u017c tor\u00f3w jest w\u0142a\u015bnie budowana od przejazdu sok\u00f3\u0142kowskiego do orze\u0142kowskiego, zainicjowa\u0142 kolejn\u0105 zmian\u0119 zaplanowanej wcze\u015bniej trasy. Bo czemu\u017c \u015bwie\u017c\u0105, szerok\u0105, cho\u0107 jeszcze piaszczyst\u0105 tras\u0105 nie \u201ezdoby\u0107\u201d g\u00f3rki przy torach zw\u0142aszcza, \u017ce s\u0142onko ku temu zach\u0119ca. I tak ruszyli\u015bmy jeszcze kilkaset metr\u00f3w wzd\u0142u\u017c tor\u00f3w w kierunku Prostyni, by z wierzcho\u0142ka pag\u00f3rka podziwia\u0107 panoram\u0119 las\u00f3w i trawiastej niecki po drugiej stronie tor\u00f3w.<\/p>\n<p>Pokr\u00f3tce wr\u00f3cili\u015bmy do przejazdu kolejowego, kt\u00f3ry ma by\u0107 wkr\u00f3tce likwidowany i przekroczywszy lini\u0119 kolejow\u0105 doszli\u015bmy do krzy\u017c\u00f3wki le\u015bnych dukt\u00f3w z Ukaz\u00f3w, Ko\u0142odzi\u0105\u017ca i Rybia do Sadownego i z Orze\u0142ka do Sok\u00f3\u0142ki. Tam zn\u00f3w chwila na fotki przy malutkiej, le\u015bnej kapliczce. Dalej spacerek asfaltow\u0105, prost\u0105 i spokojn\u0105 drog\u0105, w\u015br\u00f3d podmok\u0142ych \u0142\u0105k, plantacji aronii, bor\u00f3wki ameryka\u0144skiej i choinek, przez mostek na Bojewce do Sok\u00f3\u0142ki.<\/p>\n<p>Tu skr\u0119cili\u015bmy w prawo ku torom, a za nimi zn\u00f3w w las. Prosta droga asfaltem, przy kt\u00f3rym ostatnio wyci\u0119to przed \u201eObrazikiem\u201d hektary lasu, wyda\u0142a si\u0119 nam nieciekawa. St\u0105d za torami weszli\u015bmy w lewo w\u0105sk\u0105 dr\u00f3\u017ck\u0105 mi\u0119dzy drzewa. Po kilkuset metrach skr\u0119cili\u015bmy w pierwsz\u0105 odchodz\u0105c\u0105 w prawo lini\u0119. Tu czeka\u0142o nas pokonanie kilku pag\u00f3rk\u00f3w. Za to sosnowy b\u00f3r je poros\u0142y zn\u00f3w zachwyca\u0142 spokojem, wynios\u0142o\u015bci\u0105 pni, nieckami w\u015br\u00f3d pag\u00f3rk\u00f3w, takim le\u015bnym porz\u0105dkiem. Za ostatnim wzniesieniem skr\u0119cili\u015bmy w lewo, min\u0119li\u015bmy z lewej \u201eStrom\u0105\u201d, dalej \u201eStrzelnic\u0119\u201d, a z prawej ponad m\u0142odnikami mogli\u015bmy dostrzec rzadkie zabudowania Draku, Sadownego i wie\u017ce ko\u015bcio\u0142a. Tak doszli\u015bmy do ul. Ku\u017anica, ni\u0105 w prawo i przy O\u015brodku Zdrowia w lewo na Ko\u015bciuszki, i ponownie do GOK-u.<\/p>\n<p>Tam po 11 km i 2,5 h spokojnego marszu czeka\u0142 na 17. utrudzonych nieco uczestnik\u00f3w smaczny posi\u0142ek, kawa, herbata, ciasta, ciep\u0142a temperatura i atmosfera, co pozwoli\u0142y na mi\u0142y odpoczynek. Szkoda tylko, \u017ce cz\u0119\u015b\u0107 z nas musia\u0142a szybko wraca\u0107 do dom\u00f3w.<\/p>\n<p><span style=\"color: #0000ff;\"><a style=\"color: #0000ff;\" href=\"https:\/\/photos.app.goo.gl\/tjzNNJEo5nf5kSsv7\" target=\"_blank\" rel=\"noopener noreferrer\"><strong>Zdj\u0119cia w galerii Google&gt;&gt;&gt;<\/strong><\/a><\/span><\/p>\n<p><strong>Tekst\/foto:<\/strong> RW<\/p>\n","protected":false},"excerpt":{"rendered":"<p>2 grudnia w Sadownem odby\u0142 si\u0119 Miko\u0142ajkowy Marsz Nordic Waking.<\/p>\n","protected":false},"author":1,"featured_media":0,"comment_status":"closed","ping_status":"closed","sticky":false,"template":"","format":"standard","meta":{"footnotes":""},"categories":[5,91,6,3627],"tags":[169,2673],"class_list":["post-19622","post","type-post","status-publish","format-standard","hentry","category-newsy","category-gminny-osrodek-kultury","category-kultura-rozrywka-edukacja","category-nordic-walking","tag-gminny-osrodek-kultury-w-sadownem","tag-mikolajkowy-marsz-nordic-walking-w-sadownem"],"views":2568,"_links":{"self":[{"href":"http:\/\/info.sadowne.pl\/index.php?rest_route=\/wp\/v2\/posts\/19622","targetHints":{"allow":["GET"]}}],"collection":[{"href":"http:\/\/info.sadowne.pl\/index.php?rest_route=\/wp\/v2\/posts"}],"about":[{"href":"http:\/\/info.sadowne.pl\/index.php?rest_route=\/wp\/v2\/types\/post"}],"author":[{"embeddable":true,"href":"http:\/\/info.sadowne.pl\/index.php?rest_route=\/wp\/v2\/users\/1"}],"replies":[{"embeddable":true,"href":"http:\/\/info.sadowne.pl\/index.php?rest_route=%2Fwp%2Fv2%2Fcomments&post=19622"}],"version-history":[{"count":1,"href":"http:\/\/info.sadowne.pl\/index.php?rest_route=\/wp\/v2\/posts\/19622\/revisions"}],"predecessor-version":[{"id":19625,"href":"http:\/\/info.sadowne.pl\/index.php?rest_route=\/wp\/v2\/posts\/19622\/revisions\/19625"}],"wp:attachment":[{"href":"http:\/\/info.sadowne.pl\/index.php?rest_route=%2Fwp%2Fv2%2Fmedia&parent=19622"}],"wp:term":[{"taxonomy":"category","embeddable":true,"href":"http:\/\/info.sadowne.pl\/index.php?rest_route=%2Fwp%2Fv2%2Fcategories&post=19622"},{"taxonomy":"post_tag","embeddable":true,"href":"http:\/\/info.sadowne.pl\/index.php?rest_route=%2Fwp%2Fv2%2Ftags&post=19622"}],"curies":[{"name":"wp","href":"https:\/\/api.w.org\/{rel}","templated":true}]}}