{"id":19680,"date":"2018-12-12T13:50:39","date_gmt":"2018-12-12T12:50:39","guid":{"rendered":"http:\/\/info.sadowne.pl\/?p=19680"},"modified":"2018-12-12T13:50:39","modified_gmt":"2018-12-12T12:50:39","slug":"szkoly-na-sportowo","status":"publish","type":"post","link":"http:\/\/info.sadowne.pl\/?p=19680","title":{"rendered":"Szko\u0142y na sportowo\u2026"},"content":{"rendered":"<p><strong><a href=\"http:\/\/info.sadowne.pl\/wp-content\/uploads\/2018\/12\/2018.12.12.2.jpg\" target=\"_blank\" rel=\"noopener noreferrer\"><img loading=\"lazy\" decoding=\"async\" class=\"alignleft wp-image-19681 size-thumbnail\" src=\"http:\/\/info.sadowne.pl\/wp-content\/uploads\/2018\/12\/2018.12.12.2-180x130.jpg\" alt=\"\" width=\"180\" height=\"130\" \/><\/a>7 grudnia 2018 r. w Zaje\u017adzie w Miedznie odby\u0142o si\u0119 podsumowanie wsp\u00f3\u0142zawodnictwa sportowego szk\u00f3\u0142 Powiatu W\u0119growskiego za rok szkolny 2017\/2018. <\/strong><!--more--><\/p>\n<p>W spotkaniu uczestniczyli dyrektorzy i nauczyciele wychowania fizycznego wyr\u00f3\u017cnionych, nagrodzonych szk\u00f3\u0142, w\u0142adze powiatowe Szkolnego Zwi\u0105zku Sportowego w W\u0119growie i samorz\u0105dowcy.<\/p>\n<p>Struktury Szkolnego Zwi\u0105zku Sportowego przeprowadzi\u0142y w minionym roku szkolnym \u0142\u0105cznie ok. 80 zawod\u00f3w, organizowanych w czterech kategoriach: dwie dotycz\u0105 szk\u00f3\u0142 podstawowych (do 100 uczni\u00f3w i powy\u017cej 100 uczni\u00f3w), gimnazj\u00f3w i szk\u00f3\u0142 ponadgimnazjalnych. Zaj\u0119te przez szko\u0142y lokaty w zawodach sportowych (od szczebla gminnego po krajowy) s\u0105 odpowiednio punktowane, co w efekcie daje ranking sportowy szk\u00f3\u0142. W poszczeg\u00f3lnych kategoriach na czo\u0142owych miejscach znalaz\u0142y si\u0119 r\u00f3wnie\u017c szko\u0142y Gminy Sadowne &#8211; szczeg\u00f3\u0142y na stronie <span style=\"color: #0000ff;\"><strong><a style=\"color: #0000ff;\" href=\"https:\/\/powiatwegrowski.pl\/aktualnosci\/wiadomosci-dnia\/podsumowanie-wspolzawodnictwa-sportowego-szkol-w-2018r.6177\/\" target=\"_blank\" rel=\"noopener noreferrer\">https:\/\/powiatwegrowski.pl\/aktualnosci\/wiadomosci-dnia\/podsumowanie-wspolzawodnictwa-sportowego-szkol-w-2018r.6177\/<\/a><\/strong><\/span><\/p>\n<p><strong>\u0179r\u00f3d\u0142o\/foto: <\/strong><a href=\"http:\/\/www.powiatwegrowski.pl\/\" target=\"_blank\" rel=\"noopener noreferrer\">www.powiatwegrowski.pl\/<\/a><\/p>\n","protected":false},"excerpt":{"rendered":"<p>7 grudnia 2018 r. w Zaje\u017adzie w Miedznie odby\u0142o si\u0119 podsumowanie wsp\u00f3\u0142zawodnictwa sportowego szk\u00f3\u0142 Powiatu W\u0119growskiego za rok szkolny 2017\/2018.<\/p>\n","protected":false},"author":1,"featured_media":0,"comment_status":"closed","ping_status":"closed","sticky":false,"template":"","format":"standard","meta":{"footnotes":""},"categories":[5,83,1752,43,84,1120,85],"tags":[198,2976,2977],"class_list":["post-19680","post","type-post","status-publish","format-standard","hentry","category-newsy","category-gimnazjum","category-edukacja","category-szkola-podstawowa-w-orzelku","category-szkola-podstawowa-im-cz-wycecha","category-zespol-szkolno-przedszkolny-w-grabinach","category-zsp","tag-starostwo-powiatowe-w-wegrowie","tag-szkolny-zwiazek-sportowy","tag-wspolzawodnictwo-sportowe-szkol-powiatu-wegrowskiego"],"views":2540,"_links":{"self":[{"href":"http:\/\/info.sadowne.pl\/index.php?rest_route=\/wp\/v2\/posts\/19680","targetHints":{"allow":["GET"]}}],"collection":[{"href":"http:\/\/info.sadowne.pl\/index.php?rest_route=\/wp\/v2\/posts"}],"about":[{"href":"http:\/\/info.sadowne.pl\/index.php?rest_route=\/wp\/v2\/types\/post"}],"author":[{"embeddable":true,"href":"http:\/\/info.sadowne.pl\/index.php?rest_route=\/wp\/v2\/users\/1"}],"replies":[{"embeddable":true,"href":"http:\/\/info.sadowne.pl\/index.php?rest_route=%2Fwp%2Fv2%2Fcomments&post=19680"}],"version-history":[{"count":1,"href":"http:\/\/info.sadowne.pl\/index.php?rest_route=\/wp\/v2\/posts\/19680\/revisions"}],"predecessor-version":[{"id":19682,"href":"http:\/\/info.sadowne.pl\/index.php?rest_route=\/wp\/v2\/posts\/19680\/revisions\/19682"}],"wp:attachment":[{"href":"http:\/\/info.sadowne.pl\/index.php?rest_route=%2Fwp%2Fv2%2Fmedia&parent=19680"}],"wp:term":[{"taxonomy":"category","embeddable":true,"href":"http:\/\/info.sadowne.pl\/index.php?rest_route=%2Fwp%2Fv2%2Fcategories&post=19680"},{"taxonomy":"post_tag","embeddable":true,"href":"http:\/\/info.sadowne.pl\/index.php?rest_route=%2Fwp%2Fv2%2Ftags&post=19680"}],"curies":[{"name":"wp","href":"https:\/\/api.w.org\/{rel}","templated":true}]}}