{"id":19704,"date":"2018-12-19T14:35:33","date_gmt":"2018-12-19T13:35:33","guid":{"rendered":"http:\/\/info.sadowne.pl\/?p=19704"},"modified":"2018-12-19T14:35:33","modified_gmt":"2018-12-19T13:35:33","slug":"wigilia-senioralna","status":"publish","type":"post","link":"http:\/\/info.sadowne.pl\/?p=19704","title":{"rendered":"\u201eWigilia Senioralna\u201d"},"content":{"rendered":"<p><strong><img loading=\"lazy\" decoding=\"async\" class=\"alignleft size-thumbnail wp-image-19705\" src=\"http:\/\/info.sadowne.pl\/wp-content\/uploads\/2018\/12\/2018.12.19-13-180x130.jpg\" alt=\"\" width=\"180\" height=\"130\" \/>18 grudnia w Sali OSP Sadowne odby\u0142a si\u0119 \u201eWigilia Senioralna\u201d, kt\u00f3r\u0105 zorganizowa\u0142a dla senior\u00f3w gminy Sadowne nieformalna grupa senioralna \u201eAktywna Pi\u0105tka\u201d.<\/strong><!--more--><\/p>\n<p><img loading=\"lazy\" decoding=\"async\" class=\"alignright size-medium wp-image-11862\" src=\"http:\/\/info.sadowne.pl\/wp-content\/uploads\/2016\/04\/logosks-300x205.jpg\" alt=\"\" width=\"300\" height=\"205\" srcset=\"http:\/\/info.sadowne.pl\/wp-content\/uploads\/2016\/04\/logosks-300x205.jpg 300w, http:\/\/info.sadowne.pl\/wp-content\/uploads\/2016\/04\/logosks.jpg 799w\" sizes=\"auto, (max-width: 300px) 100vw, 300px\" \/>W Wigilii wzi\u0119li udzia\u0142 cz\u0142onkowie Stowarzyszenia Sadowie\u0144ski Klub Seniora, seniorzy spoza Stowarzyszenia, Zesp\u00f3\u0142 \u015apiewaczy \u201eSadowianki\u201d, a tak\u017ce W\u00f3jt Gminy Sadowne p. Waldemar Cyran i Dyrektor Gminnego O\u015brodka Kultury w Sadownem p. Ewa Pi\u00f3rkowska. Przyby\u0142ych powita\u0142a p. Gra\u017cyna K\u0105dziela \u2013 Przewodnicz\u0105ca Stowarzyszenia, a cz\u0142onkowie nieformalnej grupy zaprezentowali inscenizacj\u0119 tradycyjnej \u201eWieczerzy Wigilijnej\u201d.<\/p>\n<p><img loading=\"lazy\" decoding=\"async\" class=\"alignleft size-full wp-image-9211\" src=\"http:\/\/info.sadowne.pl\/wp-content\/uploads\/2015\/07\/Sadowne-herb.jpg\" alt=\"\" width=\"100\" height=\"143\" \/>\u201eWigili\u0119 Senioraln\u0105\u201d zwie\u0144czy\u0142o wsp\u00f3lne \u0142amanie si\u0119 op\u0142atkiem, \u017cyczenia i wsp\u00f3lna wieczerza przy tradycyjnym stole wigilijnym, na kt\u00f3rym kr\u00f3lowa\u0142a zupa grzybowa z makaronem, kapusta z grzybami, pierogi z kapust\u0105 i grzybami, sma\u017cona ryba, \u015bledzie w kilku postaciach i oczywi\u015bcie \u2013 pyszny kompot z suszu owocowego. Spotkanie by\u0142o te\u017c okazj\u0105 do z\u0142o\u017cenia \u017cycze\u0144 szacownemu Jubilatowi \u2013 90. urodziny obchodzi\u0142 w\u0142a\u015bnie jeden z obecnych senior\u00f3w, p. T. Krokowski.<\/p>\n<p>Przypomnimy tylko, \u017ce \u201eWigili\u0119 Senioraln\u0105\u201d przygotowa\u0142a nieformalna grupa senioralna \u201eAktywna Pi\u0105tka\u201d, a przedsi\u0119wzi\u0119cie to zosta\u0142o dofinansowane ze \u015brodk\u00f3w bud\u017cetu Wojew\u00f3dztwa Mazowieckiego w ramach projektu \u201eBONY DLA SENIOR\u00d3W\u201d, realizowanego przez \u201eStowarzyszenie Radomskie Centrum Przedsi\u0119biorczo\u015bci\u201d.<\/p>\n<p><img loading=\"lazy\" decoding=\"async\" class=\"aligncenter size-full wp-image-18556\" src=\"http:\/\/info.sadowne.pl\/wp-content\/uploads\/2018\/05\/2018.05.24.2.jpg\" alt=\"\" width=\"250\" height=\"67\" \/><\/p>\n<p><strong><span style=\"color: #0000ff;\"><a style=\"color: #0000ff;\" href=\"https:\/\/photos.app.goo.gl\/4wf6tsnNMcbtkMHN8\" target=\"_blank\" rel=\"noopener noreferrer\">Zdj\u0119cia w galerii Google&gt;&gt;&gt;\u00a0\u00a0<\/a>\u00a0<\/span>\u00a0\u00a0\u00a0\u00a0\u00a0\u00a0 <\/strong><\/p>\n<p><strong>Tekst:<\/strong> El\u017cbieta Kowalczyk\/S\u0142awek Chyli\u0144ski<\/p>\n<p><strong>Foto:<\/strong> El\u017cbieta Kowalczyk<\/p>\n","protected":false},"excerpt":{"rendered":"<p>18 grudnia w Sali OSP Sadowne odby\u0142a si\u0119 \u201eWigilia Senioralna\u201d, kt\u00f3r\u0105 zorganizowa\u0142a dla senior\u00f3w gminy Sadowne nieformalna grupa senioralna \u201eAktywna Pi\u0105tka\u201d.<\/p>\n","protected":false},"author":1,"featured_media":0,"comment_status":"closed","ping_status":"closed","sticky":false,"template":"","format":"standard","meta":{"footnotes":""},"categories":[5,91,6],"tags":[169,2494,2969],"class_list":["post-19704","post","type-post","status-publish","format-standard","hentry","category-newsy","category-gminny-osrodek-kultury","category-kultura-rozrywka-edukacja","tag-gminny-osrodek-kultury-w-sadownem","tag-stowarzyszenie-sadowienski-klub-seniora","tag-wigilia-senioralna-w-sadownem"],"views":3042,"_links":{"self":[{"href":"http:\/\/info.sadowne.pl\/index.php?rest_route=\/wp\/v2\/posts\/19704","targetHints":{"allow":["GET"]}}],"collection":[{"href":"http:\/\/info.sadowne.pl\/index.php?rest_route=\/wp\/v2\/posts"}],"about":[{"href":"http:\/\/info.sadowne.pl\/index.php?rest_route=\/wp\/v2\/types\/post"}],"author":[{"embeddable":true,"href":"http:\/\/info.sadowne.pl\/index.php?rest_route=\/wp\/v2\/users\/1"}],"replies":[{"embeddable":true,"href":"http:\/\/info.sadowne.pl\/index.php?rest_route=%2Fwp%2Fv2%2Fcomments&post=19704"}],"version-history":[{"count":2,"href":"http:\/\/info.sadowne.pl\/index.php?rest_route=\/wp\/v2\/posts\/19704\/revisions"}],"predecessor-version":[{"id":19707,"href":"http:\/\/info.sadowne.pl\/index.php?rest_route=\/wp\/v2\/posts\/19704\/revisions\/19707"}],"wp:attachment":[{"href":"http:\/\/info.sadowne.pl\/index.php?rest_route=%2Fwp%2Fv2%2Fmedia&parent=19704"}],"wp:term":[{"taxonomy":"category","embeddable":true,"href":"http:\/\/info.sadowne.pl\/index.php?rest_route=%2Fwp%2Fv2%2Fcategories&post=19704"},{"taxonomy":"post_tag","embeddable":true,"href":"http:\/\/info.sadowne.pl\/index.php?rest_route=%2Fwp%2Fv2%2Ftags&post=19704"}],"curies":[{"name":"wp","href":"https:\/\/api.w.org\/{rel}","templated":true}]}}