{"id":19757,"date":"2019-01-04T19:53:17","date_gmt":"2019-01-04T18:53:17","guid":{"rendered":"http:\/\/info.sadowne.pl\/?p=19757"},"modified":"2019-01-04T19:53:17","modified_gmt":"2019-01-04T18:53:17","slug":"wyniki-konkursu-na-najladniejsza-kartke-swiateczna","status":"publish","type":"post","link":"http:\/\/info.sadowne.pl\/?p=19757","title":{"rendered":"WYNIKI KONKURSU NA \u201eNAJ\u0141ADNIEJSZ\u0104 KARTK\u0118 \u015aWI\u0104TECZN\u0104\u201d"},"content":{"rendered":"<p><strong><a href=\"http:\/\/info.sadowne.pl\/wp-content\/uploads\/2019\/01\/2019.01.04.41.jpg\" target=\"_blank\" rel=\"noopener noreferrer\"><img loading=\"lazy\" decoding=\"async\" class=\"alignleft wp-image-19758 size-thumbnail\" src=\"http:\/\/info.sadowne.pl\/wp-content\/uploads\/2019\/01\/2019.01.04.41-180x130.jpg\" alt=\"\" width=\"180\" height=\"130\" \/><\/a>Organizatorem Konkursu \u201eNaj\u0142adniejsza kartka \u015bwi\u0105teczna\u201d by\u0142 Gminny O\u015brodek Kultury w Sadownem. <\/strong><!--more--><\/p>\n<p>Konkurs adresowany by\u0142 do mieszka\u0144c\u00f3w Gminy Sadowne, przeprowadzony zosta\u0142 w trzech kategoriach wiekowych:<\/p>\n<ul>\n<li>3-9 lat<\/li>\n<li>10-15 lat<\/li>\n<li>15+<\/li>\n<\/ul>\n<p>Na konkurs wp\u0142yn\u0119\u0142o 60 prac. G\u0142\u00f3wnym celem konkursu by\u0142o rozwijanie wyobra\u017ani plastycznej. Dokonano przegl\u0105du i oceny zg\u0142oszonych prac.<br \/>\nW ocenie zwracano uwag\u0119 na tematyk\u0119 nawi\u0105zuj\u0105c\u0105 do tradycji \u015bwi\u0105tecznej, pomys\u0142owo\u015b\u0107, walory artystyczne i estetyczne oraz samodzielno\u015b\u0107 wykonania. We wszystkich kategoriach nagrodzono 9 os\u00f3b.<br \/>\nW poszczeg\u00f3lnych grupach wiekowych laureatami zostali:<br \/>\n<strong>Kategoria 3-9 lat<\/strong><\/p>\n<ol>\n<li>Emilia Kania &#8211; Szko\u0142a Podstawowa w Orze\u0142ku<\/li>\n<li>Justyna Zawistowska &#8211; Szko\u0142a Podstawowa w Sadownem<\/li>\n<li>Julia K\u0119dzierska &#8211; Szko\u0142a Podstawowa w Ko\u0142odzi\u0105\u017cu<\/li>\n<\/ol>\n<p><strong>Kategoria 10-15 lat<\/strong><\/p>\n<ol>\n<li>Izabela Ilczuk &#8211; Szko\u0142a Podstawowa w Sadownem<\/li>\n<li>Julia Zawadzka &#8211; Szko\u0142a Podstawowa w Sadownem<\/li>\n<li>Katarzyna Bujalska &#8211; Szko\u0142a Podstawowa w Sadownem<\/li>\n<\/ol>\n<p><strong>Kategoria 15+<\/strong><\/p>\n<ol>\n<li>Beata Kalbarczyk &#8211; Gimnazjum w Sadownem<\/li>\n<li>Anna Ga\u0142\u0105zka &#8211; Gimnazjum w Sadownem<\/li>\n<li>Piotr Olton &#8211; Gimnazjum w Sadownem<\/li>\n<\/ol>\n<p>Uroczyste wr\u0119czenie nagr\u00f3d zwyci\u0119zcom odb\u0119dzie si\u0119 24 stycznia o godz.17.00 w Sali GOK podczas koncertu kol\u0119d.<\/p>\n\n\t\t<style type=\"text\/css\">\n\t\t\t#gallery-1 {\n\t\t\t\tmargin: auto;\n\t\t\t}\n\t\t\t#gallery-1 .gallery-item {\n\t\t\t\tfloat: left;\n\t\t\t\tmargin-top: 10px;\n\t\t\t\ttext-align: center;\n\t\t\t\twidth: 33%;\n\t\t\t}\n\t\t\t#gallery-1 img {\n\t\t\t\tborder: 2px solid #cfcfcf;\n\t\t\t}\n\t\t\t#gallery-1 .gallery-caption {\n\t\t\t\tmargin-left: 0;\n\t\t\t}\n\t\t\t\/* see gallery_shortcode() in wp-includes\/media.php *\/\n\t\t<\/style>\n\t\t<div id='gallery-1' class='gallery galleryid-19757 gallery-columns-3 gallery-size-thumbnail'><dl class='gallery-item'>\n\t\t\t<dt class='gallery-icon landscape'>\n\t\t\t\t<a href='http:\/\/info.sadowne.pl\/?attachment_id=19761'><img loading=\"lazy\" decoding=\"async\" width=\"180\" height=\"130\" src=\"http:\/\/info.sadowne.pl\/wp-content\/uploads\/2019\/01\/2019.01.04.41-1-180x130.jpg\" class=\"attachment-thumbnail size-thumbnail\" alt=\"\" \/><\/a>\n\t\t\t<\/dt><\/dl><dl class='gallery-item'>\n\t\t\t<dt class='gallery-icon landscape'>\n\t\t\t\t<a href='http:\/\/info.sadowne.pl\/?attachment_id=19762'><img loading=\"lazy\" decoding=\"async\" width=\"180\" height=\"130\" src=\"http:\/\/info.sadowne.pl\/wp-content\/uploads\/2019\/01\/2019.01.04.42-1-180x130.jpg\" class=\"attachment-thumbnail size-thumbnail\" alt=\"\" \/><\/a>\n\t\t\t<\/dt><\/dl><dl class='gallery-item'>\n\t\t\t<dt class='gallery-icon landscape'>\n\t\t\t\t<a href='http:\/\/info.sadowne.pl\/?attachment_id=19763'><img loading=\"lazy\" decoding=\"async\" width=\"180\" height=\"130\" src=\"http:\/\/info.sadowne.pl\/wp-content\/uploads\/2019\/01\/2019.01.04.43-1-180x130.jpg\" class=\"attachment-thumbnail size-thumbnail\" alt=\"\" \/><\/a>\n\t\t\t<\/dt><\/dl><br style=\"clear: both\" \/><dl class='gallery-item'>\n\t\t\t<dt class='gallery-icon landscape'>\n\t\t\t\t<a href='http:\/\/info.sadowne.pl\/?attachment_id=19764'><img loading=\"lazy\" decoding=\"async\" width=\"180\" height=\"130\" src=\"http:\/\/info.sadowne.pl\/wp-content\/uploads\/2019\/01\/2019.01.04.44-180x130.jpg\" class=\"attachment-thumbnail size-thumbnail\" alt=\"\" \/><\/a>\n\t\t\t<\/dt><\/dl><dl class='gallery-item'>\n\t\t\t<dt class='gallery-icon landscape'>\n\t\t\t\t<a href='http:\/\/info.sadowne.pl\/?attachment_id=19765'><img loading=\"lazy\" decoding=\"async\" width=\"180\" height=\"130\" src=\"http:\/\/info.sadowne.pl\/wp-content\/uploads\/2019\/01\/2019.01.04.45-180x130.jpg\" class=\"attachment-thumbnail size-thumbnail\" alt=\"\" \/><\/a>\n\t\t\t<\/dt><\/dl><dl class='gallery-item'>\n\t\t\t<dt class='gallery-icon landscape'>\n\t\t\t\t<a href='http:\/\/info.sadowne.pl\/?attachment_id=19766'><img loading=\"lazy\" decoding=\"async\" width=\"180\" height=\"130\" src=\"http:\/\/info.sadowne.pl\/wp-content\/uploads\/2019\/01\/2019.01.04.46-180x130.jpg\" class=\"attachment-thumbnail size-thumbnail\" alt=\"\" \/><\/a>\n\t\t\t<\/dt><\/dl><br style=\"clear: both\" \/><dl class='gallery-item'>\n\t\t\t<dt class='gallery-icon landscape'>\n\t\t\t\t<a href='http:\/\/info.sadowne.pl\/?attachment_id=19767'><img loading=\"lazy\" decoding=\"async\" width=\"180\" height=\"130\" src=\"http:\/\/info.sadowne.pl\/wp-content\/uploads\/2019\/01\/2019.01.04.47-180x130.jpg\" class=\"attachment-thumbnail size-thumbnail\" alt=\"\" \/><\/a>\n\t\t\t<\/dt><\/dl>\n\t\t\t<br style='clear: both' \/>\n\t\t<\/div>\n\n","protected":false},"excerpt":{"rendered":"<p>Organizatorem Konkursu \u201eNaj\u0142adniejsza kartka \u015bwi\u0105teczna\u201d by\u0142 Gminny O\u015brodek Kultury w Sadownem.<\/p>\n","protected":false},"author":1,"featured_media":0,"comment_status":"closed","ping_status":"closed","sticky":false,"template":"","format":"standard","meta":{"footnotes":""},"categories":[5,91,6],"tags":[169,2989],"class_list":["post-19757","post","type-post","status-publish","format-standard","hentry","category-newsy","category-gminny-osrodek-kultury","category-kultura-rozrywka-edukacja","tag-gminny-osrodek-kultury-w-sadownem","tag-konkurs-na-najladniejsza-karte-swiateczna"],"views":2454,"_links":{"self":[{"href":"http:\/\/info.sadowne.pl\/index.php?rest_route=\/wp\/v2\/posts\/19757","targetHints":{"allow":["GET"]}}],"collection":[{"href":"http:\/\/info.sadowne.pl\/index.php?rest_route=\/wp\/v2\/posts"}],"about":[{"href":"http:\/\/info.sadowne.pl\/index.php?rest_route=\/wp\/v2\/types\/post"}],"author":[{"embeddable":true,"href":"http:\/\/info.sadowne.pl\/index.php?rest_route=\/wp\/v2\/users\/1"}],"replies":[{"embeddable":true,"href":"http:\/\/info.sadowne.pl\/index.php?rest_route=%2Fwp%2Fv2%2Fcomments&post=19757"}],"version-history":[{"count":1,"href":"http:\/\/info.sadowne.pl\/index.php?rest_route=\/wp\/v2\/posts\/19757\/revisions"}],"predecessor-version":[{"id":19768,"href":"http:\/\/info.sadowne.pl\/index.php?rest_route=\/wp\/v2\/posts\/19757\/revisions\/19768"}],"wp:attachment":[{"href":"http:\/\/info.sadowne.pl\/index.php?rest_route=%2Fwp%2Fv2%2Fmedia&parent=19757"}],"wp:term":[{"taxonomy":"category","embeddable":true,"href":"http:\/\/info.sadowne.pl\/index.php?rest_route=%2Fwp%2Fv2%2Fcategories&post=19757"},{"taxonomy":"post_tag","embeddable":true,"href":"http:\/\/info.sadowne.pl\/index.php?rest_route=%2Fwp%2Fv2%2Ftags&post=19757"}],"curies":[{"name":"wp","href":"https:\/\/api.w.org\/{rel}","templated":true}]}}