{"id":19852,"date":"2019-01-14T16:03:17","date_gmt":"2019-01-14T15:03:17","guid":{"rendered":"http:\/\/info.sadowne.pl\/?p=19852"},"modified":"2019-01-14T16:55:15","modified_gmt":"2019-01-14T15:55:15","slug":"a-po-drugie-tez-biblioteka","status":"publish","type":"post","link":"http:\/\/info.sadowne.pl\/?p=19852","title":{"rendered":"A po drugie? Te\u017c Biblioteka!"},"content":{"rendered":"<p><strong><img loading=\"lazy\" decoding=\"async\" class=\"alignleft size-thumbnail wp-image-19853\" src=\"http:\/\/info.sadowne.pl\/wp-content\/uploads\/2019\/01\/2012.010.16-180x130.jpg\" alt=\"\" width=\"180\" height=\"130\" \/>16 stycznia 2019 roku obchodzimy 70. rocznic\u0119 utworzenia Gminnej Biblioteki Publicznej w Sadownem. Z tej okazji przesy\u0142amy pracownikom Biblioteki najserdeczniejsze \u017cyczenia!<\/strong><!--more--><\/p>\n<p><strong>Z oficjalnych \u017ar\u00f3de\u0142 wiemy, \u017ce w \u015brod\u0119 16 stycznia w Gminnej Bibliotece Publicznej w Sadownem, z uwagi na tak donios\u0142\u0105 rocznic\u0119, na wszystkich czytelnik\u00f3w, kt\u00f3rzy wypo\u017cycz\u0105!!! tego dnia cho\u0107 jedn\u0105 ksi\u0105\u017ck\u0119, b\u0119d\u0105 czeka\u0142y niespodzianki<\/strong> \u2013 pewna jest porcja urodzinowego tortu, a tak\u017ce udzia\u0142 w losowaniu jednego z dziesi\u0119ciu okoliczno\u015bciowych kalendarzy (losowanie odb\u0119dzie si\u0119 podczas spotkania autorskiego organizowanego przez Bibliotek\u0119 w dniu 18 stycznia br.).<\/p>\n<p><strong>To tyle wst\u0119pu do dalszej cz\u0119\u015bci historii Gminnej Biblioteki Publicznej w Sadownem.<\/strong>\u00a0<strong>Przypomnijmy\u2026<\/strong><\/p>\n<p><strong><a href=\"http:\/\/info.sadowne.pl\/wp-content\/uploads\/2019\/01\/2011.02.01.jpg\" target=\"_blank\" rel=\"noopener noreferrer\"><img loading=\"lazy\" decoding=\"async\" class=\"alignright wp-image-19854 size-medium\" src=\"http:\/\/info.sadowne.pl\/wp-content\/uploads\/2019\/01\/2011.02.01-300x225.jpg\" alt=\"\" width=\"300\" height=\"225\" srcset=\"http:\/\/info.sadowne.pl\/wp-content\/uploads\/2019\/01\/2011.02.01-300x225.jpg 300w, http:\/\/info.sadowne.pl\/wp-content\/uploads\/2019\/01\/2011.02.01-768x576.jpg 768w, http:\/\/info.sadowne.pl\/wp-content\/uploads\/2019\/01\/2011.02.01.jpg 799w\" sizes=\"auto, (max-width: 300px) 100vw, 300px\" \/><\/a>Gminna Biblioteka Publiczna w Sadownem\u00a0 rozpocz\u0119\u0142a swoj\u0105 dzia\u0142alno\u015b\u0107\u00a0 16\u00a0 stycznia\u00a0 1949\u00a0 r. <\/strong><\/p>\n<p>Podstawowe cele i zadania jednostki zosta\u0142y okre\u015blone w Statucie Biblioteki Publicznej Gminy Sadowne nadanym przez Rad\u0119 Gminy Uchwa\u0142\u0105 z 14 wrze\u015bnia 2007 r. W 2008 roku Uchwa\u0142\u0105 Nr XVIII\/93\/08 zmieniono nazw\u0119 biblioteki na: Gminna Biblioteka Publiczna w Sadownem.<\/p>\n<p>W pierwszej cz\u0119\u015bci biografii naszej Biblioteki uj\u0119ty zosta\u0142 okres Jej \u201etu\u0142aczki\u201d i rozwoju do czasu\u2026 \u201eprzeprowadzki\u201d w 2011 roku do nowej i ju\u017c sta\u0142ej siedziby przy ul. Ko\u015bciuszki 35 w Sadownem. Gdzie to jest? Wiedz\u0105 zapewne wszyscy i jeszcze pami\u0119taj\u0105 popularny sklep miejscowego GS-u, zwany \u201eJedynk\u0105\u201d. Obecnie drog\u0119 do budynku Biblioteki \u201ewydeptuj\u0105\u201d przewa\u017cnie gorliwi czytelnicy oraz uczestnicy zaj\u0119\u0107 czy imprez organizowanych zar\u00f3wno przez Bibliotek\u0119, Gminny O\u015brodek Kultury, jak i Muzeum Ziemi Sadowie\u0144skiej. Wszystkie te instytucje, kt\u00f3rymi zarz\u0105dza ten sam Dyrektor, maj\u0105 swoj\u0105 siedzib\u0119 w tym budynku.<\/p>\n<p><strong>Ale wr\u00f3\u0107my do Biblioteki i jej obecnego funkcjonowania!<\/strong><\/p>\n<p><a href=\"http:\/\/info.sadowne.pl\/wp-content\/uploads\/2019\/01\/2014.09.11.5.jpg\" target=\"_blank\" rel=\"noopener noreferrer\"><img loading=\"lazy\" decoding=\"async\" class=\"alignleft wp-image-19855 size-medium\" src=\"http:\/\/info.sadowne.pl\/wp-content\/uploads\/2019\/01\/2014.09.11.5-300x200.jpg\" alt=\"\" width=\"300\" height=\"200\" srcset=\"http:\/\/info.sadowne.pl\/wp-content\/uploads\/2019\/01\/2014.09.11.5-300x200.jpg 300w, http:\/\/info.sadowne.pl\/wp-content\/uploads\/2019\/01\/2014.09.11.5.jpg 640w\" sizes=\"auto, (max-width: 300px) 100vw, 300px\" \/><\/a>Jednym z ustawowych zada\u0144 biblioteki jest prowadzenie dzia\u0142alno\u015bci informacyjnej, zw\u0142aszcza informowanie o zbiorach w\u0142asnych, innych bibliotek, muze\u00f3w i o\u015brodk\u00f3w informacji naukowej, a tak\u017ce wsp\u00f3\u0142dzia\u0142anie z archiwami w tym zakresie. Biblioteka udziela informacji na wiele r\u00f3\u017cnych temat\u00f3w. Czytelnicy w wielu przypadkach dostaj\u0105 od razu odpowied\u017a na zapytanie, czasami zdarzaj\u0105 si\u0119 trudniejsze pytania, na kt\u00f3re nie mo\u017cna udzieli\u0107 tak szybko odpowiedzi.<\/p>\n<p>Stopniowo rozszerza si\u0119 zakres tematyczny udzielanych informacji, a maj\u0105 na to wp\u0142yw w najwi\u0119kszym stopniu u\u017cytkownicy biblioteki.\u00a0 Niekiedy pytania czytelnik\u00f3w s\u0105 zaskakuj\u0105ce, zw\u0142aszcza tych, kt\u00f3rzy w bibliotece widz\u0105 nieprzebrane \u017ar\u00f3d\u0142o wiedzy. \u00a0Na przestrzeni kilku ostatnich lat obserwowany jest wzrost liczby student\u00f3w w\u015br\u00f3d czytelnik\u00f3w. W zwi\u0105zku z tym Biblioteka musi by\u0107 przygotowana na pytania z bardzo r\u00f3\u017cnych dziedzin. Najwi\u0119cej zapyta\u0144 dotyczy historii, regionu, nauk spo\u0142eczno-politycznych, pedagogiki, psychologii, filozofii, nauk przyrodniczych. St\u0105d te\u017c, r\u00f3wnie\u017c dla uzupe\u0142nienia materia\u0142\u00f3w pomocniczych, rozszerzenie dzia\u0142alno\u015bci Biblioteki i nowa oferta \u2013 Wypo\u017cyczalnia ACADEMICA, najwi\u0119ksza w Polsce Cyfrowa Wypo\u017cyczalnia Publikacji Naukowych. Do korzystania z niej i informacji internetowych zach\u0119camy wszystkich czytelnik\u00f3w \u2013 w czytelni sadowie\u0144skiej Biblioteki czeka na nich 7 komputer\u00f3w z dost\u0119pem do Internetu.<\/p>\n<p><a href=\"http:\/\/info.sadowne.pl\/wp-content\/uploads\/2019\/01\/2018.03.15.3.jpg\" target=\"_blank\" rel=\"noopener noreferrer\"><img loading=\"lazy\" decoding=\"async\" class=\"alignright wp-image-19856 size-medium\" src=\"http:\/\/info.sadowne.pl\/wp-content\/uploads\/2019\/01\/2018.03.15.3-300x225.jpg\" alt=\"\" width=\"300\" height=\"225\" srcset=\"http:\/\/info.sadowne.pl\/wp-content\/uploads\/2019\/01\/2018.03.15.3-300x225.jpg 300w, http:\/\/info.sadowne.pl\/wp-content\/uploads\/2019\/01\/2018.03.15.3-768x576.jpg 768w, http:\/\/info.sadowne.pl\/wp-content\/uploads\/2019\/01\/2018.03.15.3.jpg 799w\" sizes=\"auto, (max-width: 300px) 100vw, 300px\" \/><\/a>Podstawowym warsztatem pracy, jaki maj\u0105 do dyspozycji bibliotekarze, jest ksi\u0119gozbi\u00f3r podr\u0119czny, fachowa prasa (\u201ePoradnik Bibliotekarza\u201d i \u201eBibliotekarz\u201d). Obecnie bardzo cennym \u017ar\u00f3d\u0142em informacji jest te\u017c Internet, kt\u00f3ry w dzia\u0142alno\u015bci informacyjno-bibliograficznej w bibliotece pe\u0142ni bardzo wa\u017cn\u0105 rol\u0119. To dzi\u0119ki niemu kopiowane s\u0105 gotowe rekordy do bazy internetowego programu bibliotecznego. Poprzez powszechny dost\u0119p do Internetu pozyskano te\u017c dodatkow\u0105 grup\u0119 u\u017cytkownik\u00f3w Biblioteki.<\/p>\n<p>Bibliotekarze pomagaj\u0105 swoim czytelnikom w krytyczny spos\u00f3b spojrze\u0107 na informacje z wirtualnego \u015bwiata, por\u00f3wnuj\u0105c je z innymi klasycznymi \u017ar\u00f3d\u0142ami, jakimi s\u0105 s\u0142owniki, encyklopedie i leksykony. Biblioteka umo\u017cliwia tak\u017ce poprzez Internet wyszukiwanie ksi\u0105\u017cek w zbiorach innych odleg\u0142ych bibliotek posiadaj\u0105cych katalogi internetowe.<\/p>\n<p><a href=\"http:\/\/info.sadowne.pl\/wp-content\/uploads\/2019\/01\/2015.05.20.1.jpg\" target=\"_blank\" rel=\"noopener noreferrer\"><img loading=\"lazy\" decoding=\"async\" class=\"alignleft wp-image-19857 size-medium\" src=\"http:\/\/info.sadowne.pl\/wp-content\/uploads\/2019\/01\/2015.05.20.1-300x200.jpg\" alt=\"\" width=\"300\" height=\"200\" srcset=\"http:\/\/info.sadowne.pl\/wp-content\/uploads\/2019\/01\/2015.05.20.1-300x200.jpg 300w, http:\/\/info.sadowne.pl\/wp-content\/uploads\/2019\/01\/2015.05.20.1-768x512.jpg 768w, http:\/\/info.sadowne.pl\/wp-content\/uploads\/2019\/01\/2015.05.20.1.jpg 783w\" sizes=\"auto, (max-width: 300px) 100vw, 300px\" \/><\/a>Do szczeg\u00f3\u0142owych zada\u0144 Biblioteki Gminnej w Sadownem poza gromadzeniem, udost\u0119pnianiem i opracowaniem zbior\u00f3w nale\u017cy tak\u017ce:<\/p>\n<p>&#8211; popularyzacja ksi\u0105\u017cki i czytelnictwa,<\/p>\n<p>&#8211; wsp\u00f3\u0142praca z bibliotekami innych sieci, instytucjami upowszechniania kultury, organizacjami i towarzystwami w rozwijaniu oraz zaspokajaniu potrzeb o\u015bwiatowych, a tak\u017ce kulturalnych mieszka\u0144c\u00f3w gminy.<\/p>\n<p>W spo\u0142ecze\u0144stwie istnieje przekonanie, \u017ce biblioteka to instytucja, kt\u00f3ra wy\u0142\u0105cznie gromadzi zbiory i udost\u0119pnia je. Nic bardziej mylnego. W wielu bibliotekach publicznych, szczeg\u00f3lnie w gminach wiejskich, prowadzona jest szeroka dzia\u0142alno\u015b\u0107 edukacyjna i kulturalno-o\u015bwiatowa. Dzia\u0142alno\u015b\u0107 ta jest \u015bci\u015ble zwi\u0105zana z warunkami lokalowymi i mo\u017cliwo\u015bciami finansowymi plac\u00f3wki.<\/p>\n<p>Biblioteka jest niekwestionowanym zapleczem rozwoju kultury, podnosz\u0105cym poziom intelektualny spo\u0142eczno\u015bci. W \u015brodowisku Gminy Sadowne by\u0142a do niedawna jedyn\u0105 plac\u00f3wk\u0105 kulturaln\u0105 &#8211; od roku 2007 wsparciem dla niej jest Muzeum Ziemi Sadowie\u0144skiej, kt\u00f3re wysz\u0142o ze swoj\u0105 dzia\u0142alno\u015bci\u0105 na zewn\u0105trz, a od roku 2011 Gminny O\u015brodek Kultury w Sadownem.<\/p>\n<p><a href=\"http:\/\/info.sadowne.pl\/wp-content\/uploads\/2019\/01\/2016.03.15.jpg\" target=\"_blank\" rel=\"noopener noreferrer\"><img loading=\"lazy\" decoding=\"async\" class=\"alignright wp-image-19858 size-medium\" src=\"http:\/\/info.sadowne.pl\/wp-content\/uploads\/2019\/01\/2016.03.15-300x200.jpg\" alt=\"\" width=\"300\" height=\"200\" srcset=\"http:\/\/info.sadowne.pl\/wp-content\/uploads\/2019\/01\/2016.03.15-300x200.jpg 300w, http:\/\/info.sadowne.pl\/wp-content\/uploads\/2019\/01\/2016.03.15-768x512.jpg 768w, http:\/\/info.sadowne.pl\/wp-content\/uploads\/2019\/01\/2016.03.15.jpg 783w\" sizes=\"auto, (max-width: 300px) 100vw, 300px\" \/><\/a>Gmina Sadowne ma charakter typowo rolniczy, dlatego jej potrzeby kulturalne do niedawna nie by\u0142y wyg\u00f3rowane, za\u015b czas mieszka\u0144c\u00f3w na rozrywk\u0119 ograniczony. Od kilku lat gmina zmienia charakter. \u015amia\u0142o mo\u017cna powiedzie\u0107, \u017ce staje si\u0119 terenem rekreacyjno -wypoczynkowym. W miesi\u0105cach letnich przebywa tu wielu go\u015bci, kt\u00f3rzy przyje\u017cd\u017caj\u0105 na urlopy, d\u0142ugie weekendy. Mieszka tu tak\u017ce wielu emeryt\u00f3w m.in. tych, kt\u00f3rzy zamienili na sta\u0142e miasto na wie\u015b. Ludzie ci dysponuj\u0105 du\u017c\u0105 ilo\u015bci\u0105 wolnego czasu i szukaj\u0105 r\u00f3\u017cnych form sp\u0119dzania go. St\u0105d pomys\u0142 na Klub Seniora i bie\u017c\u0105ca wsp\u00f3\u0142praca z nim.<\/p>\n<p>Organizowane przez bibliotek\u0119 imprezy nie tylko zwi\u0119kszaj\u0105 liczb\u0119 czytelnik\u00f3w, ale te\u017c wp\u0142ywaj\u0105 na ich aktywno\u015b\u0107, rozwijaj\u0105 zainteresowanie ksi\u0105\u017ck\u0105 oraz pobudzaj\u0105 aktywno\u015b\u0107 kulturaln\u0105.<\/p>\n<p><strong>Wspomnijmy tylko niekt\u00f3re z form dzia\u0142alno\u015bci:<\/strong><\/p>\n<p><a href=\"http:\/\/info.sadowne.pl\/wp-content\/uploads\/2019\/01\/2015.01.14.3.jpg\" target=\"_blank\" rel=\"noopener noreferrer\"><img loading=\"lazy\" decoding=\"async\" class=\"alignright wp-image-19859 size-medium\" src=\"http:\/\/info.sadowne.pl\/wp-content\/uploads\/2019\/01\/2015.01.14.3-300x200.jpg\" alt=\"\" width=\"300\" height=\"200\" srcset=\"http:\/\/info.sadowne.pl\/wp-content\/uploads\/2019\/01\/2015.01.14.3-300x200.jpg 300w, http:\/\/info.sadowne.pl\/wp-content\/uploads\/2019\/01\/2015.01.14.3-768x513.jpg 768w, http:\/\/info.sadowne.pl\/wp-content\/uploads\/2019\/01\/2015.01.14.3.jpg 798w\" sizes=\"auto, (max-width: 300px) 100vw, 300px\" \/><\/a>&#8211; spotkania autorskie<\/p>\n<p>&#8211; koncerty<\/p>\n<p>&#8211; bezp\u0142atne multimedialne kursy j\u0119zyk\u00f3w obcych<\/p>\n<p>&#8211; rekreacja, marsze nordic walking, rajdy rowerowe np. \u201eOdjazdowy Bibliotekarz\u201d<\/p>\n<p>&#8211; konkursy czytelnicze i konkursy \u015bwi\u0105teczne<\/p>\n<p>&#8211; noc bibliotek<\/p>\n<p>&#8211; narodowe czytanie<\/p>\n<p>&#8211; lekcje biblioteczne<\/p>\n<p><a href=\"http:\/\/info.sadowne.pl\/wp-content\/uploads\/2019\/01\/2018.08.28.2.jpg\" target=\"_blank\" rel=\"noopener noreferrer\"><img loading=\"lazy\" decoding=\"async\" class=\"alignright wp-image-19860 size-medium\" src=\"http:\/\/info.sadowne.pl\/wp-content\/uploads\/2019\/01\/2018.08.28.2-300x200.jpg\" alt=\"\" width=\"300\" height=\"200\" srcset=\"http:\/\/info.sadowne.pl\/wp-content\/uploads\/2019\/01\/2018.08.28.2-300x200.jpg 300w, http:\/\/info.sadowne.pl\/wp-content\/uploads\/2019\/01\/2018.08.28.2-768x512.jpg 768w, http:\/\/info.sadowne.pl\/wp-content\/uploads\/2019\/01\/2018.08.28.2.jpg 795w\" sizes=\"auto, (max-width: 300px) 100vw, 300px\" \/><\/a>&#8211; eliminacje do konkurs\u00f3w recytatorskich dla dzieci \u2013 m.in. im. Kornela Makuszy\u0144skiego i Warszawska Syrenka<\/p>\n<p>&#8211; zaj\u0119cia podczas ferii i wakacji, festyny, pikniki, bale i wsp\u00f3\u0142praca z instytucjami dzia\u0142aj\u0105cymi na rzecz dzieci<\/p>\n<p>&#8211; wydawanie ciekawych pozycji ksi\u0105\u017ckowych<\/p>\n<p>&#8211; wystawy, wernisa\u017ce, plenery malarskie, warsztaty np. decoupage, kiermasze \u015bwi\u0105teczne<\/p>\n<p>Dzia\u0142alno\u015b\u0107 taka przyczynia si\u0119 do wzrostu presti\u017cu plac\u00f3wki w \u015brodowisku, a warto te\u017c wspomnie\u0107, \u017ce Biblioteka pe\u0142ni r\u00f3wnie\u017c funkcj\u0119 centrum informacji lokalnej i regionalnej.<\/p>\n<p><strong>Podsumujmy!!!<\/strong><\/p>\n<p>Gminna Biblioteka w Sadownem jest bibliotek\u0105 z 70-letnim sta\u017cem i jest instytucj\u0105 o charakterze tradycyjnym &#8211; najwa\u017cniejszy jest tu kontakt z drugim cz\u0142owiekiem. Jest nie tylko miejscem gdzie mo\u017cna wypo\u017cyczy\u0107 ksi\u0105\u017ck\u0119 czy skorzysta\u0107 z Internetu, ale tak\u017ce porozmawia\u0107 &#8211; Bibliotekarz jest osob\u0105, z kt\u00f3r\u0105 mo\u017cna podzieli\u0107 si\u0119 swoimi smutkami i rado\u015bciami.<\/p>\n<p><a href=\"http:\/\/info.sadowne.pl\/wp-content\/uploads\/2019\/01\/2018.05.29.5.jpg\" target=\"_blank\" rel=\"noopener noreferrer\"><img loading=\"lazy\" decoding=\"async\" class=\"alignleft wp-image-19861 size-medium\" src=\"http:\/\/info.sadowne.pl\/wp-content\/uploads\/2019\/01\/2018.05.29.5-300x200.jpg\" alt=\"\" width=\"300\" height=\"200\" srcset=\"http:\/\/info.sadowne.pl\/wp-content\/uploads\/2019\/01\/2018.05.29.5-300x200.jpg 300w, http:\/\/info.sadowne.pl\/wp-content\/uploads\/2019\/01\/2018.05.29.5-768x512.jpg 768w, http:\/\/info.sadowne.pl\/wp-content\/uploads\/2019\/01\/2018.05.29.5.jpg 795w\" sizes=\"auto, (max-width: 300px) 100vw, 300px\" \/><\/a>Biblioteka jest tak\u017ce \u015bwietlic\u0105 dla dzieci i m\u0142odzie\u017cy czekaj\u0105cych na autobus do domu lub na pracuj\u0105cych rodzic\u00f3w. Ten czas wykorzystuj\u0105 w r\u00f3\u017cny spos\u00f3b: czytaj\u0105 ksi\u0105\u017cki, czasopisma, korzystaj\u0105 z Internetu b\u0105d\u017a odrabiaj\u0105 lekcje. B\u0105d\u017amy pewni, \u017ce odpowiedzialnie zajm\u0105 si\u0119 nimi pracuj\u0105cy tam bibliotekarze: p. Ewa Pi\u00f3rkowska, p. Barbara Klimek, p. Monika K\u0105dziela i p. Anna Jakubik-Laska.<\/p>\n<p>Biblioteka sta\u0142a si\u0119 plac\u00f3wk\u0105 nowoczesn\u0105, posiada komputery i katalogowany ksi\u0119gozbi\u00f3r, co u\u0142atwia szczeg\u00f3lnie prac\u0119 bibliotekarzom.<\/p>\n<p>Biblioteka w Sadownem cieszy si\u0119 du\u017cym zainteresowaniem, ale te\u017c i uznaniem. \u015awiadcz\u0105 o tym czo\u0142owe miejsca pod wzgl\u0119dem wypo\u017cycze\u0144 i czytelnik\u00f3w w powiecie, a tak\u017ce w rankingach krajowych.<\/p>\n<p><strong>Ciekawostk\u0105 niech b\u0119dzie informacja o bardzo dobrej pozycji sadowie\u0144skiej Biblioteki w og\u00f3lnopolskim Rankingu Bibliotek Rzeczpospolitej.<\/strong> W 2017 roku Gminna Biblioteka Publiczna w Sadownem uplasowa\u0142a si\u0119 w nim na 145. miejscu, ale, co najwa\u017cniejsze &#8211; opr\u00f3cz 145. miejsca na prawie 650 plac\u00f3wek w kraju, zaj\u0119\u0142a 13. miejsce w tak pot\u0119\u017cnym wojew\u00f3dztwie mazowieckim.<\/p>\n<p><strong>Rok 2018 okaza\u0142 si\u0119 jeszcze lepszy:<\/strong><\/p>\n<p><strong>&#8211; 121. miejsce w kraju po\u015br\u00f3d prawie 750 sklasyfikowanych w Rankingu bibliotek<\/strong> (W\u00a0tegorocznej, \u00f3smej ju\u017c edycji og\u00f3lnopolskiego Rankingu, organizatorzy wys\u0142ali ponad 2300 ankiet do wszystkich gmin wiejskich i miejsko-wiejskich oraz miast &#8211; z wykluczeniem miast na prawach powiatu. Odpowiedzi udzieli\u0142y 733 plac\u00f3wki, kt\u00f3re tym samym wzi\u0119\u0142y udzia\u0142 w Rankingu).<\/p>\n<p><strong>&#8211; 11. miejsce w wojew\u00f3dztwie mazowieckim<\/strong> (Sie\u0107 biblioteczna na Mazowszu wg stanu na dzie\u0144 01.07.2018 r. liczy og\u00f3\u0142em 958 plac\u00f3wek:\u00a0 342 biblioteki i 616 filii &#8211; w Warszawie: Biblioteka Wojew\u00f3dzka, 18 Bibliotek Dzielnicowych i 184 filie. W Rankingu oceniano m.in. powierzchni\u0119 biblioteki i filii w przeliczeniu na 1 tys. mieszka\u0144c\u00f3w oraz \u015brednie zatrudnienie w plac\u00f3wce. W rankingu liczy si\u0119 tak\u017ce czas pracy biblioteki, wielko\u015b\u0107 ksi\u0119gozbioru w przeliczeniu na 1 tys. mieszka\u0144c\u00f3w, wielko\u015b\u0107 ksi\u0119gozbioru nabytego w ci\u0105gu dziesi\u0119ciu lat, jako procent ca\u0142ego zbioru oraz zakupione nowe ksi\u0105\u017cki. Dodatkowe punkty mo\u017cna by\u0142o uzyska\u0107 w Rankingu m.in. za dost\u0119pno\u015b\u0107 dla czytelnik\u00f3w prasy, dost\u0119p do nowych medi\u00f3w, udogodnienia dla os\u00f3b\u00a0niepe\u0142nosprawnych, dzia\u0142aj\u0105ce przy bibliotece k\u00f3\u0142ka czytelnicze, artystyczne, literackie).<\/p>\n<p><strong>&#8211; 1. miejsce w powiecie w\u0119growskim<\/strong> (w naszym powiecie funkcjonuje og\u00f3\u0142em 23 plac\u00f3wki, w tym: 9 bibliotek i 14 filii. W Rankingu wzi\u0119\u0142y udzia\u0142 4 biblioteki).<\/p>\n<p><img loading=\"lazy\" decoding=\"async\" class=\"aligncenter size-full wp-image-19862\" src=\"http:\/\/info.sadowne.pl\/wp-content\/uploads\/2019\/01\/2018.12.05.3.jpg\" alt=\"\" width=\"605\" height=\"169\" srcset=\"http:\/\/info.sadowne.pl\/wp-content\/uploads\/2019\/01\/2018.12.05.3.jpg 605w, http:\/\/info.sadowne.pl\/wp-content\/uploads\/2019\/01\/2018.12.05.3-300x84.jpg 300w\" sizes=\"auto, (max-width: 605px) 100vw, 605px\" \/><\/p>\n<p>Ta obiektywnie wysoka pozycja sadowie\u0144skiej Biblioteki w Rankingu Bibliotek Rzeczpospolitej 2018 jest efektem wyt\u0119\u017conej pracy zatrudnionych tu bibliotekarzy oraz wprowadzanych zmian, kt\u00f3rych celem jest dostosowanie si\u0119 do oczekiwa\u0144 czytelnik\u00f3w.<\/p>\n<p>Poszerzanie oferty, otwarcie si\u0119 na nowe grupy u\u017cytkownik\u00f3w, unowocze\u015bnianie biblioteki, sprawi\u0142y, \u017ce Gminna Biblioteka Publiczna w Sadownem staje si\u0119 nowoczesn\u0105 bibliotek\u0105 na miar\u0119 XXI wieku, st\u0105d te\u017c prawdopodobnie ci\u0105g\u0142y wzrost liczby jej u\u017cytkownik\u00f3w.<\/p>\n<p><strong>A tak przy okazji, w Rankingu uwzgl\u0119dniana jest tak\u017ce liczba czytelnik\u00f3w na 1000 mieszka\u0144c\u00f3w, dlatego ju\u017c teraz, z my\u015bl\u0105 o udziale i pozycji w kolejnym Rankingu, zapraszamy do Biblioteki nowych czytelnik\u00f3w. <\/strong><\/p>\n<p><span style=\"color: #ff0000;\"><strong>Prosz\u0119 nie zapomnie\u0107 te\u017c o \u015brodzie 16 stycznia \u2013 70. urodziny GBP w Sadownem!!!<\/strong><\/span><\/p>\n<p><strong>Jeszcze raz przekazujemy Jej pracownikom najserdeczniejsze \u017cyczenia!!!<\/strong><\/p>\n<p><img loading=\"lazy\" decoding=\"async\" class=\"aligncenter size-medium wp-image-19863\" src=\"http:\/\/info.sadowne.pl\/wp-content\/uploads\/2019\/01\/2017.03.08.1-300x203.jpg\" alt=\"\" width=\"300\" height=\"203\" srcset=\"http:\/\/info.sadowne.pl\/wp-content\/uploads\/2019\/01\/2017.03.08.1-300x203.jpg 300w, http:\/\/info.sadowne.pl\/wp-content\/uploads\/2019\/01\/2017.03.08.1-768x520.jpg 768w, http:\/\/info.sadowne.pl\/wp-content\/uploads\/2019\/01\/2017.03.08.1.jpg 789w\" sizes=\"auto, (max-width: 300px) 100vw, 300px\" \/><\/p>\n<p><span style=\"color: #0000ff;\"><a style=\"color: #0000ff;\" href=\"https:\/\/photos.app.goo.gl\/WMNvWrfF5bPGEeJbA\" target=\"_blank\" rel=\"noopener noreferrer\"><strong>Zdj\u0119cia w galerii Google&gt;&gt;&gt;<\/strong><\/a><\/span><\/p>\n<p><strong>Tekst\/foto:<\/strong> Barbara Klimek\/S\u0142awek Chyli\u0144ski<\/p>\n<p><strong>\u0179r\u00f3d\u0142o:<\/strong> <em>Historia i dzia\u0142alno\u015b\u0107 Gminnej Biblioteki Publicznej w Sadownem<\/em>, Barbara Klimek, 2009<\/p>\n","protected":false},"excerpt":{"rendered":"<p>16 stycznia 2019 roku obchodzimy 70. rocznic\u0119 utworzenia Gminnej Biblioteki Publicznej w Sadownem. Z tej okazji przesy\u0142amy pracownikom Biblioteki najserdeczniejsze \u017cyczenia!<\/p>\n","protected":false},"author":1,"featured_media":0,"comment_status":"closed","ping_status":"closed","sticky":false,"template":"","format":"standard","meta":{"footnotes":""},"categories":[5,2149,91,6],"tags":[2991,113],"class_list":["post-19852","post","type-post","status-publish","format-standard","hentry","category-newsy","category-gminna-biblioteka-publiczna","category-gminny-osrodek-kultury","category-kultura-rozrywka-edukacja","tag-70-lat-gbp-w-sadownem","tag-gminna-biblioteka-publiczna-w-sadownem"],"views":2502,"_links":{"self":[{"href":"http:\/\/info.sadowne.pl\/index.php?rest_route=\/wp\/v2\/posts\/19852","targetHints":{"allow":["GET"]}}],"collection":[{"href":"http:\/\/info.sadowne.pl\/index.php?rest_route=\/wp\/v2\/posts"}],"about":[{"href":"http:\/\/info.sadowne.pl\/index.php?rest_route=\/wp\/v2\/types\/post"}],"author":[{"embeddable":true,"href":"http:\/\/info.sadowne.pl\/index.php?rest_route=\/wp\/v2\/users\/1"}],"replies":[{"embeddable":true,"href":"http:\/\/info.sadowne.pl\/index.php?rest_route=%2Fwp%2Fv2%2Fcomments&post=19852"}],"version-history":[{"count":2,"href":"http:\/\/info.sadowne.pl\/index.php?rest_route=\/wp\/v2\/posts\/19852\/revisions"}],"predecessor-version":[{"id":19865,"href":"http:\/\/info.sadowne.pl\/index.php?rest_route=\/wp\/v2\/posts\/19852\/revisions\/19865"}],"wp:attachment":[{"href":"http:\/\/info.sadowne.pl\/index.php?rest_route=%2Fwp%2Fv2%2Fmedia&parent=19852"}],"wp:term":[{"taxonomy":"category","embeddable":true,"href":"http:\/\/info.sadowne.pl\/index.php?rest_route=%2Fwp%2Fv2%2Fcategories&post=19852"},{"taxonomy":"post_tag","embeddable":true,"href":"http:\/\/info.sadowne.pl\/index.php?rest_route=%2Fwp%2Fv2%2Ftags&post=19852"}],"curies":[{"name":"wp","href":"https:\/\/api.w.org\/{rel}","templated":true}]}}