{"id":19892,"date":"2019-01-22T12:12:28","date_gmt":"2019-01-22T11:12:28","guid":{"rendered":"http:\/\/info.sadowne.pl\/?p=19892"},"modified":"2019-01-22T12:12:28","modified_gmt":"2019-01-22T11:12:28","slug":"kolodziaz-dla-babc-i-dziadkow","status":"publish","type":"post","link":"http:\/\/info.sadowne.pl\/?p=19892","title":{"rendered":"Ko\u0142odzi\u0105\u017c dla Bab\u0107 i Dziadk\u00f3w\u2026"},"content":{"rendered":"<p><strong><a href=\"http:\/\/info.sadowne.pl\/wp-content\/uploads\/2019\/01\/2019.01.22.11.jpg\" target=\"_blank\" rel=\"noopener noreferrer\"><img loading=\"lazy\" decoding=\"async\" class=\"alignleft wp-image-19893 size-thumbnail\" src=\"http:\/\/info.sadowne.pl\/wp-content\/uploads\/2019\/01\/2019.01.22.11-180x130.jpg\" alt=\"\" width=\"180\" height=\"130\" \/><\/a>21 stycznia w Niepublicznej Szkole Podstawowej w Ko\u0142odzi\u0105\u017cu obchodzono Dzie\u0144 Babci i Dzie\u0144 Dziadka.<\/strong><!--more--><\/p>\n<p><em>Chc\u0105c uczci\u0107 to \u015bwi\u0119to, jak co roku zaprosili\u015bmy swoich dziadk\u00f3w do szko\u0142y na wyst\u0119py artystyczne po\u0142\u0105czone z &#8222;wieczorem kol\u0119d&#8221;. Przedszkolaki oraz dzieci z klasy I i III pi\u0119knie opowiada\u0142y i \u015bpiewa\u0142y za co kochaj\u0105 swoich dziadk\u00f3w, jak wiele im zawdzi\u0119czaj\u0105, wr\u0119czy\u0142y te\u017c w\u0142asnor\u0119cznie wykonane prezenty. <\/em><\/p>\n<p><em><a href=\"http:\/\/info.sadowne.pl\/wp-content\/uploads\/2019\/01\/2019.01.22.12.jpg\" target=\"_blank\" rel=\"noopener noreferrer\"><img loading=\"lazy\" decoding=\"async\" class=\"alignright wp-image-19894 size-medium\" src=\"http:\/\/info.sadowne.pl\/wp-content\/uploads\/2019\/01\/2019.01.22.12-300x225.jpg\" alt=\"\" width=\"300\" height=\"225\" srcset=\"http:\/\/info.sadowne.pl\/wp-content\/uploads\/2019\/01\/2019.01.22.12-300x225.jpg 300w, http:\/\/info.sadowne.pl\/wp-content\/uploads\/2019\/01\/2019.01.22.12-768x576.jpg 768w, http:\/\/info.sadowne.pl\/wp-content\/uploads\/2019\/01\/2019.01.22.12.jpg 792w\" sizes=\"auto, (max-width: 300px) 100vw, 300px\" \/><\/a>Wszyscy od\u015bpiewali\u015bmy sto lat, a p\u00f3\u017aniej zrobi\u0142o si\u0119 ciszej i zacz\u0119li\u015bmy &#8222;wiecz\u00f3r kol\u0119d&#8221;. Przy herbatce i ciasteczkach, przy \u015bwiecach i akompaniamencie p. Wojtka Jakubika mi\u0142o nam by\u0142o po\u015bpiewa\u0107 znane kol\u0119dy razem z naszymi dziadkami.<\/em><\/p>\n<p><strong>Wi\u0119cej na stronie <span style=\"color: #0000ff;\"><a style=\"color: #0000ff;\" href=\"http:\/\/www.spkolodziaz.szkolnastrona.pl\/art,216,dzien-babci-i-dziadka-2019\" target=\"_blank\" rel=\"noopener noreferrer\">http:\/\/www.spkolodziaz.szkolnastrona.pl\/art,216,dzien-babci-i-dziadka-2019<\/a><\/span><\/strong><\/p>\n<p><strong>\u0179r\u00f3d\u0142o:<\/strong> <a href=\"http:\/\/www.spkolodziaz.szkolnastrona.pl\" target=\"_blank\" rel=\"noopener noreferrer\">www.spkolodziaz.szkolnastrona.pl<\/a><\/p>\n","protected":false},"excerpt":{"rendered":"<p>21 stycznia w Niepublicznej Szkole Podstawowej w Ko\u0142odzi\u0105\u017cu obchodzono Dzie\u0144 Babci i Dzie\u0144 Dziadka.<\/p>\n","protected":false},"author":1,"featured_media":0,"comment_status":"closed","ping_status":"closed","sticky":false,"template":"","format":"standard","meta":{"footnotes":""},"categories":[5,1752,42],"tags":[3009,1151],"class_list":["post-19892","post","type-post","status-publish","format-standard","hentry","category-newsy","category-edukacja","category-szkola-podstawowa-w-kolodziazu","tag-dzien-babci-i-dzien-dziadka-w-kolodziazu","tag-niepubliczna-szkola-podstawowa-w-kolodziazu"],"views":2997,"_links":{"self":[{"href":"http:\/\/info.sadowne.pl\/index.php?rest_route=\/wp\/v2\/posts\/19892","targetHints":{"allow":["GET"]}}],"collection":[{"href":"http:\/\/info.sadowne.pl\/index.php?rest_route=\/wp\/v2\/posts"}],"about":[{"href":"http:\/\/info.sadowne.pl\/index.php?rest_route=\/wp\/v2\/types\/post"}],"author":[{"embeddable":true,"href":"http:\/\/info.sadowne.pl\/index.php?rest_route=\/wp\/v2\/users\/1"}],"replies":[{"embeddable":true,"href":"http:\/\/info.sadowne.pl\/index.php?rest_route=%2Fwp%2Fv2%2Fcomments&post=19892"}],"version-history":[{"count":1,"href":"http:\/\/info.sadowne.pl\/index.php?rest_route=\/wp\/v2\/posts\/19892\/revisions"}],"predecessor-version":[{"id":19895,"href":"http:\/\/info.sadowne.pl\/index.php?rest_route=\/wp\/v2\/posts\/19892\/revisions\/19895"}],"wp:attachment":[{"href":"http:\/\/info.sadowne.pl\/index.php?rest_route=%2Fwp%2Fv2%2Fmedia&parent=19892"}],"wp:term":[{"taxonomy":"category","embeddable":true,"href":"http:\/\/info.sadowne.pl\/index.php?rest_route=%2Fwp%2Fv2%2Fcategories&post=19892"},{"taxonomy":"post_tag","embeddable":true,"href":"http:\/\/info.sadowne.pl\/index.php?rest_route=%2Fwp%2Fv2%2Ftags&post=19892"}],"curies":[{"name":"wp","href":"https:\/\/api.w.org\/{rel}","templated":true}]}}