{"id":19907,"date":"2019-01-24T20:22:18","date_gmt":"2019-01-24T19:22:18","guid":{"rendered":"http:\/\/info.sadowne.pl\/?p=19907"},"modified":"2019-01-24T20:22:18","modified_gmt":"2019-01-24T19:22:18","slug":"koncert-koled","status":"publish","type":"post","link":"http:\/\/info.sadowne.pl\/?p=19907","title":{"rendered":"Koncert kol\u0119d"},"content":{"rendered":"<p><strong><img loading=\"lazy\" decoding=\"async\" class=\"alignleft size-thumbnail wp-image-19908\" src=\"http:\/\/info.sadowne.pl\/wp-content\/uploads\/2019\/01\/2019.01.24.5-180x130.jpg\" alt=\"\" width=\"180\" height=\"130\" \/>24 stycznia w Gminnym O\u015brodku Kultury w Sadownem odby\u0142 si\u0119 zaplanowany wcze\u015bniej Koncert Kol\u0119d <\/strong><!--more--><\/p>\n<p><strong>&#8211; znane utwory wykonali cz\u0142onkowie Ko\u0142a Muzycznego GOK prowadzonego przez p. Ew\u0119 Jakubik.<\/strong><\/p>\n<p>W pierwszej cz\u0119\u015bci spotkania Dyrektor GOK p. Ewa Pi\u00f3rkowska og\u0142osi\u0142a oficjalne wyniki konkursu pn. \u201eNaj\u0142adniejsza kartka \u015bwi\u0105teczna\u201d i wr\u0119czy\u0142a dyplomy oraz nagrody jego laureatom.<\/p>\n<p>W poszczeg\u00f3lnych grupach wiekowych laureatami zostali:<br \/>\n<strong>Kategoria 3-9 lat<\/strong><\/p>\n<ol>\n<li>Emilia Kania \u2013 Szko\u0142a Podstawowa w Orze\u0142ku<\/li>\n<li>Justyna Zawistowska \u2013 Szko\u0142a Podstawowa w Sadownem<\/li>\n<li>Julia K\u0119dzierska \u2013 Szko\u0142a Podstawowa w Ko\u0142odzi\u0105\u017cu<\/li>\n<\/ol>\n<p><strong>Kategoria 10-15 lat<\/strong><\/p>\n<ol>\n<li>Izabela Ilczuk \u2013 Szko\u0142a Podstawowa w Sadownem<\/li>\n<li>Julia Zawadzka \u2013 Szko\u0142a Podstawowa w Sadownem<\/li>\n<li>Katarzyna Bujalska \u2013 Szko\u0142a Podstawowa w Sadownem<\/li>\n<\/ol>\n<p><strong>Kategoria 15+<\/strong><\/p>\n<ol>\n<li>Beata Kalbarczyk \u2013 Gimnazjum w Sadownem<\/li>\n<li>Anna Ga\u0142\u0105zka \u2013 Gimnazjum w Sadownem<\/li>\n<li>Piotr Olton \u2013 Gimnazjum w Sadownem<\/li>\n<\/ol>\n<p><strong>Zaraz po wr\u0119czeniu nagr\u00f3d rozpocz\u0105\u0142 si\u0119 Koncert Kol\u0119d, w kt\u00f3rym wyst\u0105pili:<\/strong><\/p>\n<p><strong>&#8211; gitarzy\u015bci:<\/strong> Beata Kalbarczyk, Weronika Akonom, Maja Sobczyk, Zuzia Gierej, Oliwia Feli\u0144ska, Magda Sawicka, Natalia Rostek, Wiktoria Ga\u0142\u0105zka, Julia Grzyma\u0142a, Kinga Borowa.<\/p>\n<p><strong>&#8211; na keyboardzie zagrali:<\/strong> Wiktoria Decyk, Iza Ilczuk, Amelia Pu\u015bcion, Ewelina Olton, Krzy\u015b Kalbarczyk, Marcin Rusiniak<\/p>\n<p>Wykonali oni kol\u0119dy w nast\u0119puj\u0105cej kolejno\u015bci:<\/p>\n<ol>\n<li>W\u015br\u00f3d nocnej ciszy: solo na gitarze Bartek Urbankowski, wsp\u00f3lny akompaniament gitarowy, melodie na keyboardzie grali: Krzysztof Kalbarczyk i Marcin Rusiniak, a \u015bpiewa\u0142y: Wiktoria Ga\u0142\u0105zka i Natalia Rostek<\/li>\n<li>Skrzypi w\u00f3z \u2013 gra\u0142y na keyboardach: Wiktoria Decyk, Iza Ilczuk, Amelia Pu\u015bcion i Ewelina Olton, a \u015bpiewa\u0142a Maja Sobczyk<\/li>\n<li>Gloria \u2013 wsp\u00f3lny akompaniament gitarowy, \u015bpiewa\u0142y: Wiktoria Decyk i Iza Ilczuk<\/li>\n<li>Do szopy \u2013 akompaniament gitarowy, \u015bpiewa\u0142y: Amelia Pu\u015bcion i Ewelina Olton<\/li>\n<li>Jezusa narodzonego \u2013 akompaniament gitarowy, \u015bpiewa\u0142y: Magda Sawicka i Oliwia Feli\u0144ska<\/li>\n<li>Z narodzenia Pana \u2013 solo na gitarze gra\u0142a Oliwia Wieliczko<\/li>\n<li>Pastora\u0142ka od serca do ucha \u2013 akompaniament gitarowy, \u015bpiewa\u0142y: Oliwia Feli\u0144ska i Kinga Borowa<\/li>\n<li>Lulaj\u017ce Jezuniu \u2013 solo na gitarze gra\u0142a Weronika Wiechowska; akompaniament na keyboardzie, \u015bpiewa\u0142a: Zuzanna Gierej<\/li>\n<li>Bosy pastuszek \u2013 akompaniament gitarowy, \u015bpiewa\u0142y: Magda Narowska i Weronika W\u00f3jcik<\/li>\n<li>Gdy si\u0119 Chrystus rodzi \u2013 akompaniament na keyboardzie, \u015bpiewa\u0142a Maja Sobczyk<\/li>\n<li>Dzisiaj w Betlejem \u2013 solo na gitarze gra\u0142a Weronika W\u00f3jcik<\/li>\n<li>Za\u015bpiewajmy kol\u0119d\u0119 \u2013 akompaniament gitarowy, \u015bpiewa\u0142a Iza Ilczuk<\/li>\n<li>\u015awi\u0119ta w nas \u2013 akompaniament gitarowy, \u015bpiewa\u0142a Zuzia Gierej<\/li>\n<li>P\u00f3jd\u017amy wszyscy do stajenki \u2013 solo na gitarze gra\u0142y: Julia Koci\u0119cka, Amelia Grzyma\u0142a. Akompaniament gitarowy, melodia na keyboardzie, \u015bpiewa\u0142y: Oliwia Wieliczko i Weronika Wiechowska<\/li>\n<li>Przychodzimy do stajenki \u2013 akompaniament gitarowy, \u015bpiewa\u0142y: Kinga Borowa i Magda Sawicka<\/li>\n<li>Gore gwiazda \u2013 solo na gitarze grali: Magda Narowska i Tadeusz Terciak. Akompaniament gitarowy, melodia na keyboardzie, \u015bpiewa\u0142y: Natalia Rostek, Wiktoria Ga\u0142\u0105zka, Magda Narowska, Weronika Wiechowska, Amelia Grzyma\u0142a i Julia Koci\u0119cka<\/li>\n<li>Przybie\u017celi do Betlejem \u2013 melodia na keyboardzie, akompaniament gitarowy, \u015bpiewa\u0142y: Oliwia Wieliczko, Bartek Urbankowski, Amelia Grzyma\u0142a, Julia Koci\u0119cka i Weronika W\u00f3jcik<\/li>\n<\/ol>\n<p>\u015awietny koncert Ko\u0142a Muzycznego, kt\u00f3rym kieruje p. Ewa Jakubik. Liczna publiczno\u015b\u0107 doceni\u0142a starania i umiej\u0119tno\u015bci cz\u0142onk\u00f3w Ko\u0142a, nagradzaj\u0105c ka\u017cdy wyst\u0119p burzliwymi oklaskami.<\/p>\n<p><span style=\"color: #0000ff;\"><a style=\"color: #0000ff;\" href=\"https:\/\/photos.app.goo.gl\/kQ4uRGsAfqbFheCh8\" target=\"_blank\" rel=\"noopener noreferrer\"><strong>Zdj\u0119cia w galerii Google&gt;&gt;&gt;<\/strong><\/a><\/span><\/p>\n<p><strong>Tekst\/foto:<\/strong> S\u0142awek Chyli\u0144ski<\/p>\n","protected":false},"excerpt":{"rendered":"<p>24 stycznia w Gminnym O\u015brodku Kultury w Sadownem odby\u0142 si\u0119 zaplanowany wcze\u015bniej Koncert Kol\u0119d<\/p>\n","protected":false},"author":1,"featured_media":0,"comment_status":"closed","ping_status":"closed","sticky":false,"template":"","format":"standard","meta":{"footnotes":""},"categories":[5,91,6],"tags":[212,169,2321,2706],"class_list":["post-19907","post","type-post","status-publish","format-standard","hentry","category-newsy","category-gminny-osrodek-kultury","category-kultura-rozrywka-edukacja","tag-ewa-jakubik","tag-gminny-osrodek-kultury-w-sadownem","tag-kolo-muzyczne-gok-sadowne","tag-koncert-koled"],"views":3297,"_links":{"self":[{"href":"http:\/\/info.sadowne.pl\/index.php?rest_route=\/wp\/v2\/posts\/19907","targetHints":{"allow":["GET"]}}],"collection":[{"href":"http:\/\/info.sadowne.pl\/index.php?rest_route=\/wp\/v2\/posts"}],"about":[{"href":"http:\/\/info.sadowne.pl\/index.php?rest_route=\/wp\/v2\/types\/post"}],"author":[{"embeddable":true,"href":"http:\/\/info.sadowne.pl\/index.php?rest_route=\/wp\/v2\/users\/1"}],"replies":[{"embeddable":true,"href":"http:\/\/info.sadowne.pl\/index.php?rest_route=%2Fwp%2Fv2%2Fcomments&post=19907"}],"version-history":[{"count":1,"href":"http:\/\/info.sadowne.pl\/index.php?rest_route=\/wp\/v2\/posts\/19907\/revisions"}],"predecessor-version":[{"id":19909,"href":"http:\/\/info.sadowne.pl\/index.php?rest_route=\/wp\/v2\/posts\/19907\/revisions\/19909"}],"wp:attachment":[{"href":"http:\/\/info.sadowne.pl\/index.php?rest_route=%2Fwp%2Fv2%2Fmedia&parent=19907"}],"wp:term":[{"taxonomy":"category","embeddable":true,"href":"http:\/\/info.sadowne.pl\/index.php?rest_route=%2Fwp%2Fv2%2Fcategories&post=19907"},{"taxonomy":"post_tag","embeddable":true,"href":"http:\/\/info.sadowne.pl\/index.php?rest_route=%2Fwp%2Fv2%2Ftags&post=19907"}],"curies":[{"name":"wp","href":"https:\/\/api.w.org\/{rel}","templated":true}]}}