{"id":19923,"date":"2019-01-28T13:50:52","date_gmt":"2019-01-28T12:50:52","guid":{"rendered":"http:\/\/info.sadowne.pl\/?p=19923"},"modified":"2019-01-28T17:09:26","modified_gmt":"2019-01-28T16:09:26","slug":"v-bal-mistrzow-sportu-w-sadownem","status":"publish","type":"post","link":"http:\/\/info.sadowne.pl\/?p=19923","title":{"rendered":"V Bal Mistrz\u00f3w Sportu w Sadownem"},"content":{"rendered":"<p><strong><img loading=\"lazy\" decoding=\"async\" class=\"alignleft size-thumbnail wp-image-19924\" src=\"http:\/\/info.sadowne.pl\/wp-content\/uploads\/2019\/01\/2019.01.28.1-180x130.jpg\" alt=\"\" width=\"180\" height=\"130\" \/>26 stycznia w Sadownem odby\u0142 si\u0119 ju\u017c pi\u0105ty Bal Mistrz\u00f3w Sportu Klubu Sportowego WICHER Sadowne. <\/strong><!--more--><\/p>\n<p>W\u015br\u00f3d licznych wsp\u00f3\u0142pracownik\u00f3w Klubu i go\u015bci na tegoroczny Bal przybyli m.in. pp.: El\u017cbieta Lanc &#8211; cz\u0142onek Zarz\u0105du Wojew\u00f3dztwa Mazowieckiego, Waldemar Cyran \u2013 W\u00f3jt Gminy Sadowne, Marcin Gr\u0119da \u2013 Zast\u0119pca W\u00f3jta Gminy Sadowne, Tomasz Szymanik &#8211; Przewodnicz\u0105cy Rady Gminy Sadowne, Anna Rukat \u2013 Skarbnik Gminy Sadowne, Ma\u0142gorzata Zy\u015bk \u2013 Dyrektor Gimnazjum w Sadownem, Ma\u0142gorzata Koro\u015b \u2013 Dyrektor Szko\u0142y Podstawowej w Sadownem i Ewa Pi\u00f3rkowska \u2013 Dyrektor Gminnego O\u015brodka Kultury w Sadownem.<\/p>\n<p><strong>Przyby\u0142ych go\u015bci w imieniu Organizator\u00f3w powitali panowie:<\/strong> Emil Filipiak \u2013 Prezes KS \u201eWicher\u201d i Sebastian Kowalczyk \u2013 Wiceprezes Klubu, po czym g\u0142os zabrali: p. Waldemar Cyran i p. El\u017cbieta Lanc.<\/p>\n<p>Cz\u0119\u015b\u0107 oficjalna tak uroczystego spotkania to te\u017c okazja na podsumowanie dzia\u0142alno\u015bci Klubu w minionym roku i rozstrzygni\u0119cie og\u0142oszonych wcze\u015bniej konkurs\u00f3w na: Najlepszego Pi\u0142karza i Najlepszego Siatkarza 2018 roku Klubu Sportowego Wicher Sadowne. W\u015br\u00f3d nominowanych znale\u017ali si\u0119:<\/p>\n<p>&#8211; Najlepszy pi\u0142karz 2018 roku: Jakub Zy\u015bk, Pawe\u0142 Wycech, Piotr Sadowski, Przemys\u0142aw Dzieci\u0105tko, Szymon Wycech, Tomasz Kowalczyk,<\/p>\n<p>&#8211; Najlepszy siatkarz 2018 roku: Tomasz Jaworski, Wojciech K\u0105dziela, Tomasz Ma\u0142etka, Adam Samsel.<\/p>\n<p><strong>Tytu\u0142 Najlepszego Pi\u0142karza 2018 roku Klubu Sportowego Wicher Sadowne zdobywa Jakub Zy\u015bk, natomiast Tytu\u0142 Najlepszego Siatkarza 2018 roku Klubu Sportowego Wicher Sadowne &#8211; <\/strong><strong>Tomasz Jaworski. Gratulujemy! <\/strong>Zwyci\u0119zcy Plebiscytu otrzymali puchary, kt\u00f3re ufundowa\u0142a p. El\u017cbieta Lanc.<\/p>\n<p><strong>Klub Sportowy \u201eWicher\u201d Sadowne zosta\u0142 utworzony w 1956 roku, ale w tym roku obchodzi ma\u0142y jubileusz, tzn. dekad\u0119, 10 lat od reaktywacji Klubu po wieloletniej przerwie.<\/strong> Z tego\u017c to powodu postanowiono wyr\u00f3\u017cni\u0107 osoby, kt\u00f3re od 2009 roku do obecnej chwili uczestnicz\u0105 w rozwoju Klubu poprzez czynn\u0105 gr\u0119 w poszczeg\u00f3lnych sekcjach czy te\u017c prac\u0119 spo\u0142eczn\u0105. W\u015br\u00f3d nich znale\u017ali si\u0119 pi\u0142karze, siatkarze i dzia\u0142acze: Micha\u0142 Jaszczy\u0144ski, Kamil Koro\u015b, Maciej Ojdana, Tadeusz Kobus, Przemys\u0142aw Kopania, Kamil Kandulski, Konrad Kandulski, Tomasz Ma\u0142etka, Mariusz Uzi\u0119b\u0142o, \u0141ukasz Mianowicz, Tomasz Kowalczyk, Tomasza D\u0119bkowski, Wojciech K\u0105dziela, Tomasz Jaworski.<\/p>\n<p><strong>Zarz\u0105d Klubu Sportowego Wicher Sadowne oraz W\u00f3jt Gminy Sadowne p. Waldemar Cyran postanowili te\u017c w imieniu ca\u0142ej spo\u0142eczno\u015bci sportowej serdecznie podzi\u0119kowa\u0107 kilku osobom<\/strong> za wk\u0142ad w dzia\u0142alno\u015b\u0107 Klubu oraz rozw\u00f3j kultury fizycznej i sportu na terenie Gminy Sadowne. Statuetki z podzi\u0119kowaniem otrzymali pp.: El\u017cbieta Lanc, Ewa Pi\u00f3rkowska, Katarzyna Wiechowska, Waldemar Cyran, Ryszard Warda, S\u0142awomir Chyli\u0144ski i Emil Filipiak.<\/p>\n<p><strong>I to tyle oficjalnych informacji.<\/strong><\/p>\n<p><strong>Jak bal, to g\u0142\u00f3wnie ta\u0144ce i dobra zabawa<\/strong> przy muzyce Grupy Muzycznej SEPTYMA. Gwiazd\u0105 wieczoru by\u0142 Zesp\u00f3\u0142 \u201eTop Girls\u201d, kt\u00f3ry powsta\u0142 w 2016 roku i w swojej dyskografii posiada ju\u017c 4 albumy i liczne przeboje disco polo.<\/p>\n<p><strong>W\u015br\u00f3d atrakcji znalaz\u0142 si\u0119 te\u017c pokaz Krzysztofa Golonki<\/strong> &#8211; finalisty Programu Mam Talent, Mistrza \u015awiata Trik\u00f3w Pi\u0142karskich i najpopularniejszego sportowego Youtubera w Polsce, kt\u00f3ry od ponad 10 lat wyst\u0119puje ze swoimi autorskimi pokazami oraz warsztatami na ca\u0142ym \u015bwiecie. Podczas Balu odby\u0142 si\u0119 konkurs trik\u00f3w pi\u0142karskich, a jego zwyci\u0119zca otrzyma\u0142 w nagrod\u0119 pi\u0142k\u0119.<\/p>\n<p><strong>Ale atrakcj\u0105 by\u0142y te\u017c\u2026 licytacje ciekawych przedmiot\u00f3w.<\/strong> Tak uzyskane fundusze przeznaczone s\u0105 ka\u017cdego roku na bie\u017c\u0105c\u0105 dzia\u0142alno\u015b\u0107 i rozw\u00f3j Klubu.<\/p>\n<p><strong>Zabawa na pewno nie by\u0142aby tak rozkoszna bez wsparcia gastronomicznego.<\/strong> I tu sprawdzona ju\u017c obs\u0142uga kelnerska i przystawki w wykonaniu Technikum \u017bywienia i Us\u0142ug Gastronomicznych w Sadownem. Dania g\u0142\u00f3wne natomiast to efekt wyt\u0119\u017conej pracy kuchni internatu przy ZSP w Sadownem.<\/p>\n<p><strong>Obs\u0142ug\u0119 techniczn\u0105 imprezy zapewni\u0142a firma SOUNDSTREAM Pawe\u0142 Zy\u015bk.<\/strong><\/p>\n<p>I to chyba og\u00f3lnie wszystko o Balu. C\u00f3\u017c wi\u0119cej pisa\u0107, zobaczmy jak si\u0119 tam bawiono.<\/p>\n<p><span style=\"color: #0000ff;\"><a style=\"color: #0000ff;\" href=\"https:\/\/photos.app.goo.gl\/7CRmT9zcaWsyQ4vk7\" target=\"_blank\" rel=\"noopener noreferrer\"><strong>Zdj\u0119cia w galerii Google&gt;&gt;&gt;<\/strong><\/a><\/span><\/p>\n<p><strong>Tekst:<\/strong> S\u0142awek Chyli\u0144ski\/Sebastian Kowalczyk<\/p>\n<p><strong>Foto:<\/strong> KS WICHER<\/p>\n","protected":false},"excerpt":{"rendered":"<p>26 stycznia w Sadownem odby\u0142 si\u0119 ju\u017c pi\u0105ty Bal Mistrz\u00f3w Sportu Klubu Sportowego WICHER Sadowne.<\/p>\n","protected":false},"author":1,"featured_media":0,"comment_status":"closed","ping_status":"closed","sticky":false,"template":"","format":"standard","meta":{"footnotes":""},"categories":[5,7],"tags":[2297,1161],"class_list":["post-19923","post","type-post","status-publish","format-standard","hentry","category-newsy","category-sport","tag-bal-mistrzow-sportu-w-sadownem","tag-klub-sportowy-wicher-sadowne"],"views":3538,"_links":{"self":[{"href":"http:\/\/info.sadowne.pl\/index.php?rest_route=\/wp\/v2\/posts\/19923","targetHints":{"allow":["GET"]}}],"collection":[{"href":"http:\/\/info.sadowne.pl\/index.php?rest_route=\/wp\/v2\/posts"}],"about":[{"href":"http:\/\/info.sadowne.pl\/index.php?rest_route=\/wp\/v2\/types\/post"}],"author":[{"embeddable":true,"href":"http:\/\/info.sadowne.pl\/index.php?rest_route=\/wp\/v2\/users\/1"}],"replies":[{"embeddable":true,"href":"http:\/\/info.sadowne.pl\/index.php?rest_route=%2Fwp%2Fv2%2Fcomments&post=19923"}],"version-history":[{"count":5,"href":"http:\/\/info.sadowne.pl\/index.php?rest_route=\/wp\/v2\/posts\/19923\/revisions"}],"predecessor-version":[{"id":19929,"href":"http:\/\/info.sadowne.pl\/index.php?rest_route=\/wp\/v2\/posts\/19923\/revisions\/19929"}],"wp:attachment":[{"href":"http:\/\/info.sadowne.pl\/index.php?rest_route=%2Fwp%2Fv2%2Fmedia&parent=19923"}],"wp:term":[{"taxonomy":"category","embeddable":true,"href":"http:\/\/info.sadowne.pl\/index.php?rest_route=%2Fwp%2Fv2%2Fcategories&post=19923"},{"taxonomy":"post_tag","embeddable":true,"href":"http:\/\/info.sadowne.pl\/index.php?rest_route=%2Fwp%2Fv2%2Ftags&post=19923"}],"curies":[{"name":"wp","href":"https:\/\/api.w.org\/{rel}","templated":true}]}}