{"id":19952,"date":"2019-01-31T10:58:16","date_gmt":"2019-01-31T09:58:16","guid":{"rendered":"http:\/\/info.sadowne.pl\/?p=19952"},"modified":"2019-01-31T10:58:16","modified_gmt":"2019-01-31T09:58:16","slug":"co-z-ta-odra-co-ze-szczepieniami","status":"publish","type":"post","link":"http:\/\/info.sadowne.pl\/?p=19952","title":{"rendered":"Co z t\u0105 odr\u0105? Co ze szczepieniami?"},"content":{"rendered":"<p><strong><img loading=\"lazy\" decoding=\"async\" class=\"alignleft size-thumbnail wp-image-18101\" src=\"http:\/\/info.sadowne.pl\/wp-content\/uploads\/2018\/03\/2018.03.16.3-180x130.jpg\" alt=\"\" width=\"180\" height=\"130\" srcset=\"http:\/\/info.sadowne.pl\/wp-content\/uploads\/2018\/03\/2018.03.16.3-180x130.jpg 180w, http:\/\/info.sadowne.pl\/wp-content\/uploads\/2018\/03\/2018.03.16.3-300x216.jpg 300w, http:\/\/info.sadowne.pl\/wp-content\/uploads\/2018\/03\/2018.03.16.3.jpg 546w\" sizes=\"auto, (max-width: 180px) 100vw, 180px\" \/>Coraz cz\u0119\u015bciej i g\u0142o\u015bniej m\u00f3wi si\u0119 o chyba zapomnianej u nas chorobie zaka\u017anej jak\u0105 jest odra.<\/strong><!--more--><\/p>\n<p><strong>Odra jest wysoce zaka\u017an\u0105 chorob\u0105 wirusow\u0105 szerz\u0105c\u0105 si\u0119 drog\u0105 powietrzno-kropelkow\u0105.<\/strong> Osoba, kt\u00f3ra wcze\u015bniej nie chorowa\u0142a na odr\u0119 i nie by\u0142a szczepiona przeciw odrze, jest podatna na zaka\u017cenie i w przypadku styczno\u015bci z osob\u0105 chor\u0105 ulegnie zaka\u017ceniu z prawdopodobie\u0144stwem wynosz\u0105cym 98%.<\/p>\n<p><em><strong><img loading=\"lazy\" decoding=\"async\" class=\"alignright size-full wp-image-9793\" src=\"http:\/\/info.sadowne.pl\/wp-content\/uploads\/2015\/09\/AT1.jpg\" alt=\"\" width=\"115\" height=\"161\" \/>Osoba zaka\u017cona wirusem odry jest zaka\u017ana<\/strong> dla otoczenia jeszcze przed wyst\u0105pieniem jakichkolwiek klinicznych objaw\u00f3w choroby (nawet na 5 dni przed wyst\u0105pieniem wysypki), z najwi\u0119kszym nasileniem zaka\u017ano\u015bci w okresie 2-3 dni przed wyst\u0105pieniem wysypki odrowej, tj. w okresie wyst\u0119powania wst\u0119pnych niecharakterystycznych objaw\u00f3w: gor\u0105czki, nie\u017cytu dr\u00f3g oddechowych (nie\u017cyt nosa i suchy kaszel) i zapalenia spoj\u00f3wek. Po tym czasie zaka\u017ano\u015b\u0107 odry zmniejsza si\u0119, lecz utrzymuje si\u0119 do 3 dni od pojawienia si\u0119 wysypki odrowej. Rozpoznanie odry w okresie wyst\u0119powania wst\u0119pnych objaw\u00f3w jest trudne.\u00a0<\/em><\/p>\n<p><strong>Fakt zaka\u017cenia wirusem odry jest bardziej prawdopodobny, gdy<\/strong> osoba chora posiada wysok\u0105 gor\u0105czk\u0119, nie\u017cyt g\u00f3rnych dr\u00f3g oddechowych, zapalenie spoj\u00f3wek, \u015bwiat\u0142owstr\u0119t, suchy kaszel, a nast\u0119pnie: wysypk\u0119 zaczynaj\u0105c\u0105 si\u0119 za uszami kolejno na twarzy, w dniach zajmuj\u0105c\u0105 tu\u0142\u00f3w i ko\u0144czyny (o zst\u0119puj\u0105cym charakterze) grubo plamistej i ze sk\u0142onno\u015bci\u0105 do zlewania si\u0119.<\/p>\n<p><strong>W tym przypadku, po potwierdzeniu zaka\u017cenia, konieczne jest wdro\u017cenie skutecznych procedur zapobiegaj\u0105cych szerzeniu si\u0119 tej choroby zaka\u017anej w\u015br\u00f3d ludzi i odizolowanie chorego na czas leczenia.<\/strong> Jednocze\u015bnie osoby, kt\u00f3re mia\u0142y lub mog\u0142y mie\u0107 styczno\u015b\u0107 z chorym na odr\u0119, a nie chorowa\u0142y wcze\u015bniej na odr\u0119 i nie by\u0142y przeciw odrze szczepione (lub nie pami\u0119taj\u0105 czy by\u0142y szczepione lub czy chorowa\u0142y) powinny zosta\u0107 poinformowane o mo\u017cliwo\u015bci wyst\u0105pienia u nich zachorowania na odr\u0119 w terminie 9-14 dni, liczonym od chwili styczno\u015bci z osob\u0105 chor\u0105 oraz o konieczno\u015bci skontaktowania si\u0119 z lekarzem sprawuj\u0105cym nad nimi opiek\u0119 w celu rozwa\u017cenia zastosowania wobec nich dzia\u0142a\u0144 zapobiegawczych (np. do zakwalifikowania do szczepienia przeciw odrze).<\/p>\n<p><strong>A co ze szczepieniem przeciwko odrze?<\/strong><\/p>\n<p>W wielu krajach Europy, np. za nasz\u0105 wschodni\u0105 granic\u0105 wyst\u0119puje zwi\u0119kszona liczba zachorowa\u0107 na odr\u0119. W zwi\u0105zku z tym, \u017ce ok. 40% zachorowa\u0144 na odr\u0119 dotyczy os\u00f3b doros\u0142ych, powstaje pytanie o potrzebie szczepie\u0144 przeciw odrze tych os\u00f3b. Przemawia za tym ci\u0119\u017cszy ni\u017c zazwyczaj przebieg choroby u os\u00f3b doros\u0142ych oraz ryzyko przeniesienia zaka\u017cenia na dzieci, kt\u00f3re nie zosta\u0142y zaszczepione ze wzgl\u0119du na zbyt m\u0142ody wiek lub przeciwwskazania.<\/p>\n<p><strong>W Programie Szczepie\u0144 Ochronnych szczepienia przeciw odrze os\u00f3b doros\u0142ych s\u0105 wymieniane w grupie szczepie\u0144 zalecanych, za kt\u00f3re p\u0142aci osoba zainteresowana. <\/strong><\/p>\n<p>Osoba doros\u0142a powinna ustali\u0107 sw\u00f3j potencjalny status odporno\u015bci przeciw odrze na podstawie dokumentacji medycznej na temat przebytych chor\u00f3b zaka\u017anych lub historii szczepie\u0144 zapisanej w ksi\u0105\u017ceczce zdrowia. Przechorowanie odry w dzieci\u0144stwie zapewnia odporno\u015b\u0107 na ca\u0142e \u017cycie.<\/p>\n<p>Je\u017celi natomiast osoba doros\u0142a nie wie czy w przesz\u0142o\u015bci chorowa\u0142a na odr\u0119 lub nie ma dokumentacji dotycz\u0105cej szczepie\u0144 przeciw odrze powinna si\u0119 zaszczepi\u0107 (szczepienie przeciw odrze obejmuje podanie dw\u00f3ch dawek skojarzonej szczepionki MMR \u2013 przeciw odrze, \u015bwince i r\u00f3\u017cyczce &#8211; w odst\u0119pie 4 tygodni lub d\u0142u\u017cszym).<\/p>\n<p><strong>Obowi\u0105zkowe szczepienia przeciw odrze<\/strong>!!! wprowadzono w Polsce w 1975 roku, przy u\u017cyciu pojedynczej dawki szczepionki przeciw odrze. W 1991 roku wprowadzono drug\u0105 dawk\u0119 szczepionki, pocz\u0105tkowo podawan\u0105 w 8 roku \u017cycia. W 2004 roku wprowadzono szczepionk\u0119 przeciw odrze, \u015bwince i r\u00f3\u017cyczce (MMR) podawan\u0105 w dw\u00f3ch dawkach (w 13-15 m.\u017c. i 10 r.\u017c., a od stycznia 2019 w 13-15 m.\u017c. i 6 r.\u017c.).<\/p>\n<p>W przypadku os\u00f3b po 50-tym roku \u017cycia warto pami\u0119ta\u0107, \u017ce wychowywali si\u0119 i \u017cyli w czasach kiedy ka\u017cdego roku na odr\u0119 rejestrowano od 70\u00a0000 do 200\u00a0000 zachorowa\u0144. St\u0105d te\u017c wi\u0119kszo\u015b\u0107 os\u00f3b przechorowa\u0142a odr\u0119 oraz kontaktowa\u0142a si\u0119 z wirusem odry w spos\u00f3b naturalny, co znalaz\u0142o swoje odbicie w wytworzeniu i przetrwaniu odporno\u015bci przeciw odrze, a tak\u017ce uzyskaniu trwa\u0142ej odporno\u015bci na zaka\u017cenie si\u0119 jej wirusem. Ale nie zaszkodzi zapyta\u0107 swojego lekarza o zasadno\u015b\u0107 zbadania przeciwcia\u0142 (badanie poziomu przeciwcia\u0142 mo\u017cna traktowa\u0107 jedynie jako badanie pomocnicze, pami\u0119taj\u0105c o tym, \u017ce wynik ujemny nie musi \u015bwiadczy\u0107 o tym, \u017ce nie mamy odporno\u015bci przeciw odrze) lub wykonania na sw\u00f3j koszt szczepienia przeciwko odrze.<\/p>\n<p><strong>Uzupe\u0142nienie szczepie\u0144 przeciw odrze zaleca si\u0119 <\/strong>przede wszystkim osobom, kt\u00f3re maj\u0105 na co dzie\u0144 kontakt z dzie\u0107mi np. w przedszkolu, szkole, pracownikom s\u0142u\u017cby zdrowia oraz osobom podr\u00f3\u017cuj\u0105cym do kraj\u00f3w, gdzie s\u0105 epidemie odry lub odnotowano niski stan zaszczepienia.<\/p>\n<p><strong>Jak wszyscy wiemy, zawsze lepiej zapobiega\u0107 i mie\u0107 spokojn\u0105 g\u0142ow\u0119\u2026 ni\u017c leczy\u0107, zw\u0142aszcza przy ewentualnym wyst\u0105pieniu powik\u0142a\u0144. Temat warty przemy\u015blenia\u2026<\/strong><\/p>\n<p><strong>Agata Tabor \u2013 piel\u0119gniarka szkolna\u00a0\u00a0\u00a0\u00a0\u00a0\u00a0\u00a0\u00a0\u00a0\u00a0\u00a0\u00a0\u00a0\u00a0\u00a0\u00a0\u00a0\u00a0\u00a0\u00a0\u00a0\u00a0\u00a0\u00a0\u00a0\u00a0\u00a0\u00a0\u00a0\u00a0\u00a0\u00a0\u00a0\u00a0\u00a0\u00a0\u00a0\u00a0\u00a0\u00a0\u00a0\u00a0\u00a0\u00a0\u00a0\u00a0\u00a0\u00a0\u00a0\u00a0\u00a0\u00a0\u00a0\u00a0\u00a0\u00a0\u00a0\u00a0\u00a0\u00a0\u00a0\u00a0\u00a0\u00a0\u00a0\u00a0\u00a0\u00a0\u00a0\u00a0\u00a0\u00a0\u00a0\u00a0\u00a0\u00a0\u00a0\u00a0\u00a0\u00a0\u00a0\u00a0\u00a0\u00a0\u00a0\u00a0\u00a0 <\/strong><\/p>\n<p><strong>Na podstawie:<\/strong> <em>Wytycznych G\u0142\u00f3wnego Inspektora Sanitarnego i Krajowego Konsultanta w dziedzinie chor\u00f3b zaka\u017anych dotycz\u0105ce post\u0119powania przeciwepidemicznego\u2026<\/em><\/p>\n","protected":false},"excerpt":{"rendered":"<p>Coraz cz\u0119\u015bciej i g\u0142o\u015bniej m\u00f3wi si\u0119 o chyba zapomnianej u nas chorobie zaka\u017anej jak\u0105 jest odra.<\/p>\n","protected":false},"author":1,"featured_media":0,"comment_status":"closed","ping_status":"closed","sticky":false,"template":"","format":"standard","meta":{"footnotes":""},"categories":[5,1406,1408],"tags":[1410,3018,2063,1901],"class_list":["post-19952","post","type-post","status-publish","format-standard","hentry","category-newsy","category-czy-wiesz","category-zdrowie","tag-agata-tabor","tag-odra","tag-szczepienia-ochronne","tag-zdrowie"],"views":2487,"_links":{"self":[{"href":"http:\/\/info.sadowne.pl\/index.php?rest_route=\/wp\/v2\/posts\/19952","targetHints":{"allow":["GET"]}}],"collection":[{"href":"http:\/\/info.sadowne.pl\/index.php?rest_route=\/wp\/v2\/posts"}],"about":[{"href":"http:\/\/info.sadowne.pl\/index.php?rest_route=\/wp\/v2\/types\/post"}],"author":[{"embeddable":true,"href":"http:\/\/info.sadowne.pl\/index.php?rest_route=\/wp\/v2\/users\/1"}],"replies":[{"embeddable":true,"href":"http:\/\/info.sadowne.pl\/index.php?rest_route=%2Fwp%2Fv2%2Fcomments&post=19952"}],"version-history":[{"count":1,"href":"http:\/\/info.sadowne.pl\/index.php?rest_route=\/wp\/v2\/posts\/19952\/revisions"}],"predecessor-version":[{"id":19953,"href":"http:\/\/info.sadowne.pl\/index.php?rest_route=\/wp\/v2\/posts\/19952\/revisions\/19953"}],"wp:attachment":[{"href":"http:\/\/info.sadowne.pl\/index.php?rest_route=%2Fwp%2Fv2%2Fmedia&parent=19952"}],"wp:term":[{"taxonomy":"category","embeddable":true,"href":"http:\/\/info.sadowne.pl\/index.php?rest_route=%2Fwp%2Fv2%2Fcategories&post=19952"},{"taxonomy":"post_tag","embeddable":true,"href":"http:\/\/info.sadowne.pl\/index.php?rest_route=%2Fwp%2Fv2%2Ftags&post=19952"}],"curies":[{"name":"wp","href":"https:\/\/api.w.org\/{rel}","templated":true}]}}