{"id":19966,"date":"2019-02-01T19:29:25","date_gmt":"2019-02-01T18:29:25","guid":{"rendered":"http:\/\/info.sadowne.pl\/?p=19966"},"modified":"2019-02-01T19:29:25","modified_gmt":"2019-02-01T18:29:25","slug":"dzieciaki-bawily-sie-w-sokolce","status":"publish","type":"post","link":"http:\/\/info.sadowne.pl\/?p=19966","title":{"rendered":"Dzieciaki bawi\u0142y si\u0119 w Sok\u00f3\u0142ce"},"content":{"rendered":"<p><strong><img loading=\"lazy\" decoding=\"async\" class=\"alignleft size-thumbnail wp-image-19967\" src=\"http:\/\/info.sadowne.pl\/wp-content\/uploads\/2019\/02\/2019.02.01.1-180x130.jpg\" alt=\"\" width=\"180\" height=\"130\" \/>Zgodnie z harmonogramem gminnych ferii zimowych, 1 lutego w Sok\u00f3\u0142ce odby\u0142 si\u0119 bal karnawa\u0142owy dla dzieci.<\/strong><!--more--><\/p>\n<p>Od po\u0142udnia tego dnia zape\u0142nia\u0142a si\u0119 \u015awietlica Wiejska w Sok\u00f3\u0142ce, kt\u00f3ra jest \u015bwietnie przygotowana do tego typu imprez. Tym razem organizatorami dzieci\u0119cej zabawy byli: So\u0142ectwo Wsi Sok\u00f3\u0142ka, Gminny O\u015brodek Kultury w Sadownem i Gminna Komisja Rozwi\u0105zywania Problem\u00f3w Alkoholowych w Sadownem, ale nieocenion\u0105 pomoc w jej przygotowanie i przeprowadzenie wnios\u0142a te\u017c Ochotnicza Stra\u017c Po\u017carna w Sok\u00f3\u0142ce oraz oczywi\u015bcie\u2026 mieszka\u0144cy Sok\u00f3\u0142ki.<\/p>\n<p>W imieniu organizator\u00f3w bal rozpocz\u0119li: p. Ewa Pi\u00f3rkowska i p. Krzysztof Kr\u00f3likowski, kt\u00f3rzy zapowiedzieli r\u00f3wnie\u017c jedn\u0105 z g\u0142\u00f3wnych atrakcji. By\u0142 ni\u0105 teatrzyk pt. \u201eKsi\u0119\u017cniczka Anna\u201d, w kt\u00f3rym histori\u0119 profilaktyczn\u0105, opowiadaj\u0105c\u0105 o nadmiernym korzystaniu przez dzieci z zasob\u00f3w internetowych oraz komputera, przedstawili aktorzy ze Studia Artystycznego Teatr i Animacja &#8211; \u201eSmyk\u201d w Bia\u0142ymstoku. Przedstawienie podoba\u0142o si\u0119 publiczno\u015bci, a szczeg\u00f3lnie dzieciakom, kt\u00f3re aktywnie w nim uczestniczy\u0142y.<\/p>\n<p>Po teatrzyku przyszed\u0142 czas na gry i zabawy, kt\u00f3re poprowadzili instruktorzy animacji z Gminnego O\u015brodka Kultury w Sadownem \u2013 p. Magda Zy\u015bk i p. Sebastian Kowalczyk, nagradzaj\u0105c drobnymi gad\u017cetami wy\u0142onionych zwyci\u0119zc\u00f3w. Kontrol\u0119 nad makija\u017cem uczestnik\u00f3w zabawy sprawowa\u0142a i w miar\u0119 potrzeby go uzupe\u0142nia\u0142a p. Basia Stanis\u0142awczyk, a opraw\u0119 muzyczn\u0105 zapewni\u0142 p. Marcin Skarpetowski.<\/p>\n<p>Za zako\u0144czenie zabaw konieczne by\u0142o uzupe\u0142nienie straconych kalorii i tu na wysoko\u015bci zadania stan\u0119li mieszka\u0144cy Sok\u00f3\u0142ki, kt\u00f3rzy przygotowali s\u0142odki i obfity pocz\u0119stunek. A przy okazji \u2013 szczeg\u00f3lne podzi\u0119kowania za uzupe\u0142nienie zapas\u00f3w spo\u017cywczych organizatorzy kieruj\u0105 do sponsor\u00f3w, na kt\u00f3rych zawsze mo\u017cna liczy\u0107: Piekarni w Sadownem p. Mariusza Opieki, Sklepu \u201eRobert\u201d w Sadownem p. Roberta Zawadzkiego i Cukierni \u201eMarica\u201d p. Ryszarda Zawadzkiego.<\/p>\n<p>Podzi\u0119kowania r\u00f3wnie\u017c dla druh\u00f3w OSP w Sok\u00f3\u0142ce, kt\u00f3rzy m.in. przygotowali pokaz stra\u017cacki dla dzieciak\u00f3w, ogl\u0105dany z bardzo du\u017cym zainteresowaniem \u2013 miejmy nadziej\u0119, \u017ce mo\u017ce w przysz\u0142o\u015bci dzisiejsi widzowie zasil\u0105 szeregi tej \u015bwietnej Jednostki OSP.<\/p>\n<p>A dalej\u2026 muzyka, ta\u0144ce, zabawy. Tak przebieg\u0142 pierwszy bal dla dzieci w \u015awietlicy Wiejskiej w Sok\u00f3\u0142ce. By\u0142o \u015bwietnie\u2026<\/p>\n<p><span style=\"color: #0000ff;\"><a style=\"color: #0000ff;\" href=\"https:\/\/photos.app.goo.gl\/61oT6J4TFoCPHYmCA\" target=\"_blank\" rel=\"noopener noreferrer\"><strong>Zdj\u0119cia w galerii Google&gt;&gt;&gt;<\/strong><\/a><\/span><\/p>\n<p><span style=\"color: #0000ff;\"><a style=\"color: #0000ff;\" href=\"https:\/\/youtu.be\/48GalgIDP4M\" target=\"_blank\" rel=\"noopener noreferrer\"><strong>Zobacz te\u017c film&gt;&gt;&gt;<\/strong><\/a><\/span><\/p>\n<p><strong>Tekst\/foto:<\/strong> S\u0142awek Chyli\u0144ski<\/p>\n","protected":false},"excerpt":{"rendered":"<p>Zgodnie z harmonogramem gminnych ferii zimowych, 1 lutego w Sok\u00f3\u0142ce odby\u0142 si\u0119 bal karnawa\u0142owy dla dzieci.<\/p>\n","protected":false},"author":1,"featured_media":0,"comment_status":"closed","ping_status":"closed","sticky":false,"template":"","format":"standard","meta":{"footnotes":""},"categories":[5,91,6],"tags":[3021,125,169,3015],"class_list":["post-19966","post","type-post","status-publish","format-standard","hentry","category-newsy","category-gminny-osrodek-kultury","category-kultura-rozrywka-edukacja","tag-bala-karnawalowy-dla-dzieci-w-sokolce","tag-gminna-komisja-rozwiazywania-problemow-alkoholowych-w-sadownem","tag-gminny-osrodek-kultury-w-sadownem","tag-solectwo-sokolka"],"views":2466,"_links":{"self":[{"href":"http:\/\/info.sadowne.pl\/index.php?rest_route=\/wp\/v2\/posts\/19966","targetHints":{"allow":["GET"]}}],"collection":[{"href":"http:\/\/info.sadowne.pl\/index.php?rest_route=\/wp\/v2\/posts"}],"about":[{"href":"http:\/\/info.sadowne.pl\/index.php?rest_route=\/wp\/v2\/types\/post"}],"author":[{"embeddable":true,"href":"http:\/\/info.sadowne.pl\/index.php?rest_route=\/wp\/v2\/users\/1"}],"replies":[{"embeddable":true,"href":"http:\/\/info.sadowne.pl\/index.php?rest_route=%2Fwp%2Fv2%2Fcomments&post=19966"}],"version-history":[{"count":1,"href":"http:\/\/info.sadowne.pl\/index.php?rest_route=\/wp\/v2\/posts\/19966\/revisions"}],"predecessor-version":[{"id":19968,"href":"http:\/\/info.sadowne.pl\/index.php?rest_route=\/wp\/v2\/posts\/19966\/revisions\/19968"}],"wp:attachment":[{"href":"http:\/\/info.sadowne.pl\/index.php?rest_route=%2Fwp%2Fv2%2Fmedia&parent=19966"}],"wp:term":[{"taxonomy":"category","embeddable":true,"href":"http:\/\/info.sadowne.pl\/index.php?rest_route=%2Fwp%2Fv2%2Fcategories&post=19966"},{"taxonomy":"post_tag","embeddable":true,"href":"http:\/\/info.sadowne.pl\/index.php?rest_route=%2Fwp%2Fv2%2Ftags&post=19966"}],"curies":[{"name":"wp","href":"https:\/\/api.w.org\/{rel}","templated":true}]}}