{"id":20062,"date":"2019-02-19T11:42:43","date_gmt":"2019-02-19T10:42:43","guid":{"rendered":"http:\/\/info.sadowne.pl\/?p=20062"},"modified":"2019-02-19T11:42:43","modified_gmt":"2019-02-19T10:42:43","slug":"wedkarze-obradowali-2","status":"publish","type":"post","link":"http:\/\/info.sadowne.pl\/?p=20062","title":{"rendered":"W\u0119dkarze obradowali\u2026"},"content":{"rendered":"<p><strong><img loading=\"lazy\" decoding=\"async\" class=\"alignleft size-thumbnail wp-image-3984\" src=\"http:\/\/info.sadowne.pl\/wp-content\/uploads\/2014\/01\/pzw-180x130.jpg\" alt=\"\" width=\"180\" height=\"130\" \/>W niedziel\u0119 10 lutego cz\u0142onkowie Ko\u0142a nr 27 Polskiego Zwi\u0105zku W\u0119dkarskiego w Sadownem spotkali si\u0119 w GOK-u na Zebraniu Sprawozdawczym. <\/strong><!--more--><\/p>\n<p>Przed obradami tradycyjn\u0105 minut\u0105 ciszy uczczono pami\u0119\u0107 Koleg\u00f3w, kt\u00f3rzy odeszli w ostatnim roku na Wieczne \u0141owy. Nast\u0119pnie Prezes Ko\u0142a Karol Pakie\u0142a z\u0142o\u017cy\u0142 sprawozdanie z prac Zarz\u0105du, a Przewodnicz\u0105cy Komisji Rewizyjnej Mariusz Postek przedstawi\u0142 efekty jej pracy. Skarbnik Ko\u0142a Leszek Bojar om\u00f3wi\u0142 zasady op\u0142at sk\u0142adek jakie obowi\u0105zuj\u0105 w tym roku.<\/p>\n<p>W 2018 roku sadowie\u0144skie ko\u0142o w\u0119dkarskie liczy\u0142o 97 cz\u0142onk\u00f3w, a pr\u00f3cz zorganizowania zawod\u00f3w sp\u0142awikowych, spinningowych i rodzinnych, w\u0119dkarze czy\u015bcili ze \u015bmieci nadbrze\u017ca w\u00f3d, pomagali w organizacji biegu Grzyma\u0142y oraz zorganizowali w Szkole Podstawowej w Sadownem konkurs plastyczny zwi\u0105zany z przyrod\u0105.<\/p>\n<p>W toku dyskusji i snucia plan\u00f3w pracy Ko\u0142a w 2019 roku podkre\u015blano konieczno\u015b\u0107 zorganizowania W\u0119dkarskiego Dnia Dziecka oraz wi\u0119kszego zaanga\u017cowania si\u0119 w prace z dzie\u0107mi i m\u0142odzie\u017c\u0105, kt\u00f3ra interesuje si\u0119 w\u0119dkarstwem.<\/p>\n<p>Zebranie zako\u0144czy\u0142o si\u0119 uroczystym wr\u0119czeniem Z\u0142otej Odznaki PZW, kt\u00f3r\u0105 Zarz\u0105d G\u0142\u00f3wny przyzna\u0142 Krzysztofowi Koro\u015b w uznaniu jego zas\u0142ug dla w\u0119dkarstwa.<\/p>\n<p><strong>Zarz\u0105d Ko\u0142a<\/strong><\/p>\n","protected":false},"excerpt":{"rendered":"<p>W niedziel\u0119 10 lutego cz\u0142onkowie Ko\u0142a nr 27 Polskiego Zwi\u0105zku W\u0119dkarskiego w Sadownem spotkali si\u0119 w GOK-u na Zebraniu Sprawozdawczym.<\/p>\n","protected":false},"author":1,"featured_media":0,"comment_status":"closed","ping_status":"closed","sticky":false,"template":"","format":"standard","meta":{"footnotes":""},"categories":[5,1,689],"tags":[895,1198],"class_list":["post-20062","post","type-post","status-publish","format-standard","hentry","category-newsy","category-inne","category-wedkarstwo","tag-kolo-nr-27-pzw-sadowne","tag-walne-zgromadzenie-sprawozdawcze-kola-nr-27-pzw-sadowne"],"views":2551,"_links":{"self":[{"href":"http:\/\/info.sadowne.pl\/index.php?rest_route=\/wp\/v2\/posts\/20062","targetHints":{"allow":["GET"]}}],"collection":[{"href":"http:\/\/info.sadowne.pl\/index.php?rest_route=\/wp\/v2\/posts"}],"about":[{"href":"http:\/\/info.sadowne.pl\/index.php?rest_route=\/wp\/v2\/types\/post"}],"author":[{"embeddable":true,"href":"http:\/\/info.sadowne.pl\/index.php?rest_route=\/wp\/v2\/users\/1"}],"replies":[{"embeddable":true,"href":"http:\/\/info.sadowne.pl\/index.php?rest_route=%2Fwp%2Fv2%2Fcomments&post=20062"}],"version-history":[{"count":1,"href":"http:\/\/info.sadowne.pl\/index.php?rest_route=\/wp\/v2\/posts\/20062\/revisions"}],"predecessor-version":[{"id":20063,"href":"http:\/\/info.sadowne.pl\/index.php?rest_route=\/wp\/v2\/posts\/20062\/revisions\/20063"}],"wp:attachment":[{"href":"http:\/\/info.sadowne.pl\/index.php?rest_route=%2Fwp%2Fv2%2Fmedia&parent=20062"}],"wp:term":[{"taxonomy":"category","embeddable":true,"href":"http:\/\/info.sadowne.pl\/index.php?rest_route=%2Fwp%2Fv2%2Fcategories&post=20062"},{"taxonomy":"post_tag","embeddable":true,"href":"http:\/\/info.sadowne.pl\/index.php?rest_route=%2Fwp%2Fv2%2Ftags&post=20062"}],"curies":[{"name":"wp","href":"https:\/\/api.w.org\/{rel}","templated":true}]}}