{"id":20087,"date":"2019-02-21T20:28:14","date_gmt":"2019-02-21T19:28:14","guid":{"rendered":"http:\/\/info.sadowne.pl\/?p=20087"},"modified":"2019-02-21T21:03:19","modified_gmt":"2019-02-21T20:03:19","slug":"wieczor-poezji-milosnej","status":"publish","type":"post","link":"http:\/\/info.sadowne.pl\/?p=20087","title":{"rendered":"Wiecz\u00f3r Poezji Mi\u0142osnej\u2026"},"content":{"rendered":"<p><strong><img loading=\"lazy\" decoding=\"async\" class=\"alignleft size-thumbnail wp-image-20088\" src=\"http:\/\/info.sadowne.pl\/wp-content\/uploads\/2019\/02\/2019.02.21.1-180x130.jpg\" alt=\"\" width=\"180\" height=\"130\" \/>Ju\u017c po raz drugi mieli\u015bmy okazj\u0119 bra\u0107 udzia\u0142 w Wieczorze Poezji Mi\u0142osnej, kt\u00f3ry dla mieszka\u0144c\u00f3w Sadownego przygotowali uczniowie Zespo\u0142u Szk\u00f3\u0142 Ponadgimnazjalnych.<\/strong><!--more--><\/p>\n<p>Pierwszy kontakt z poezj\u0105 mi\u0142osn\u0105 s\u0142uchacze mieli podczas Andrzejkowego Wieczoru, kt\u00f3ry uczniowie ZSP w Sadownem w formie inscenizacji s\u0142owno-muzycznej zaprezentowali 30 listopada ubieg\u0142ego roku (pisali\u015bmy o tym w artykule \u201e<span style=\"color: #0000ff;\"><strong><a style=\"color: #0000ff;\" href=\"http:\/\/info.sadowne.pl\/?p=17395\" target=\"_blank\" rel=\"noopener noreferrer\">C\u00f3\u017c wiemy o mi\u0142o\u015bci\u2026<\/a><\/strong><\/span>\u201d).<\/p>\n<p>Drugie spotkanie o tej tematyce odby\u0142o si\u0119 21 lutego w pi\u0119knie przystrojonej sali gimnastycznej ZSP. Przyby\u0142ych go\u015bci powita\u0142 Dyrektor p. S\u0142awomir Ryszawa, po czym widzowie us\u0142yszeli wybrane wiersze polskich poet\u00f3w o tematyce mi\u0142osnej, kt\u00f3re przeplata\u0142y si\u0119 ze znanymi piosenkami wykonywanymi przez Magd\u0119 Berez\u0119 i Juli\u0119 Urbankowsk\u0105. Wyst\u0119p wsp\u00f3lnie z uczniami przygotowa\u0142a p. Ewa S\u00f3wka, a akompaniowa\u0142 im p. Kamil Kie\u0142ek. Wspania\u0142a atmosfera i wykonanie, \u015bwietnie dobrany repertuar i scenografia \u2013 widzowie byli zachwyceni i\u2026 za\u017c\u0105dali bis\u00f3w, kt\u00f3re nagrodzone zosta\u0142y g\u0142o\u015bnymi brawami tak, jak ca\u0142y wyst\u0119p.<\/p>\n<p>A obok\u2026 stolik kawowy, kt\u00f3ry przygotowa\u0142o Technikum \u017bywienia i Us\u0142ug Gastronomicznych, na kt\u00f3re w tych sprawach zawsze mo\u017cna liczy\u0107.<\/p>\n<p>I na koniec te\u017c\u2026 \u201ewiadomo\u015b\u0107 z ostatniej chwili\u201d \u2013 jak powiedzia\u0142 Dyrektor Ryszawa. Tego samego dnia ZSP w Sadownem odnios\u0142o inny, znacz\u0105cy sukces. W Powiatowym Konkursie Literackim \u201ePi\u00f3ro szuka talentu\u201d I miejsce zdoby\u0142a uczennica sadowie\u0144skiego Liceum Katarzyna K\u0105dziela. Brawo!<\/p>\n<p><strong><span style=\"color: #0000ff;\"><a style=\"color: #0000ff;\" href=\"https:\/\/photos.app.goo.gl\/CBYviDBqV1SjYCnu6\" target=\"_blank\" rel=\"noopener noreferrer\">Zdj\u0119cia w galerii Google&gt;&gt;&gt;\u00a0<\/a><\/span>\u00a0\u00a0\u00a0\u00a0\u00a0\u00a0\u00a0\u00a0 <\/strong><\/p>\n<p><strong>Tekst\/foto:<\/strong> S\u0142awek Chyli\u0144ski<\/p>\n","protected":false},"excerpt":{"rendered":"<p>Ju\u017c po raz drugi mieli\u015bmy okazj\u0119 bra\u0107 udzia\u0142 w Wieczorze Poezji Mi\u0142osnej, kt\u00f3ry dla mieszka\u0144c\u00f3w Sadownego przygotowali uczniowie Zespo\u0142u Szk\u00f3\u0142 Ponadgimnazjalnych.<\/p>\n","protected":false},"author":1,"featured_media":0,"comment_status":"closed","ping_status":"closed","sticky":false,"template":"","format":"standard","meta":{"footnotes":""},"categories":[5,1752,85],"tags":[3032,182],"class_list":["post-20087","post","type-post","status-publish","format-standard","hentry","category-newsy","category-edukacja","category-zsp","tag-wieczor-poezji-milosnej-w-sadownem","tag-zespol-szkol-ponadgimnazjalnych-w-sadownem"],"views":3240,"_links":{"self":[{"href":"http:\/\/info.sadowne.pl\/index.php?rest_route=\/wp\/v2\/posts\/20087","targetHints":{"allow":["GET"]}}],"collection":[{"href":"http:\/\/info.sadowne.pl\/index.php?rest_route=\/wp\/v2\/posts"}],"about":[{"href":"http:\/\/info.sadowne.pl\/index.php?rest_route=\/wp\/v2\/types\/post"}],"author":[{"embeddable":true,"href":"http:\/\/info.sadowne.pl\/index.php?rest_route=\/wp\/v2\/users\/1"}],"replies":[{"embeddable":true,"href":"http:\/\/info.sadowne.pl\/index.php?rest_route=%2Fwp%2Fv2%2Fcomments&post=20087"}],"version-history":[{"count":2,"href":"http:\/\/info.sadowne.pl\/index.php?rest_route=\/wp\/v2\/posts\/20087\/revisions"}],"predecessor-version":[{"id":20090,"href":"http:\/\/info.sadowne.pl\/index.php?rest_route=\/wp\/v2\/posts\/20087\/revisions\/20090"}],"wp:attachment":[{"href":"http:\/\/info.sadowne.pl\/index.php?rest_route=%2Fwp%2Fv2%2Fmedia&parent=20087"}],"wp:term":[{"taxonomy":"category","embeddable":true,"href":"http:\/\/info.sadowne.pl\/index.php?rest_route=%2Fwp%2Fv2%2Fcategories&post=20087"},{"taxonomy":"post_tag","embeddable":true,"href":"http:\/\/info.sadowne.pl\/index.php?rest_route=%2Fwp%2Fv2%2Ftags&post=20087"}],"curies":[{"name":"wp","href":"https:\/\/api.w.org\/{rel}","templated":true}]}}