{"id":20129,"date":"2019-03-08T20:32:49","date_gmt":"2019-03-08T19:32:49","guid":{"rendered":"http:\/\/info.sadowne.pl\/?p=20129"},"modified":"2019-03-08T20:32:49","modified_gmt":"2019-03-08T19:32:49","slug":"pierwsze-grupy-zakonczyly-szkolenie","status":"publish","type":"post","link":"http:\/\/info.sadowne.pl\/?p=20129","title":{"rendered":"Pierwsze grupy zako\u0144czy\u0142y szkolenie"},"content":{"rendered":"<p><strong><img loading=\"lazy\" decoding=\"async\" class=\"alignleft size-thumbnail wp-image-20130\" src=\"http:\/\/info.sadowne.pl\/wp-content\/uploads\/2019\/03\/2019.03.08.5-180x130.jpg\" alt=\"\" width=\"180\" height=\"130\" \/>8 marca dwie grupy uczestnik\u00f3w projektu \u201ePodnoszenie kompetencji cyfrowych mieszka\u0144c\u00f3w wojew\u00f3dztwa mazowieckiego\u201d zako\u0144czy\u0142y w Sadownem swoje szkolenie.<\/strong><!--more--><\/p>\n<p><img loading=\"lazy\" decoding=\"async\" class=\"alignright size-full wp-image-20131\" src=\"http:\/\/info.sadowne.pl\/wp-content\/uploads\/2019\/03\/Sadowne-herb.jpg\" alt=\"\" width=\"100\" height=\"143\" \/>W listopadzie ubieg\u0142ego roku informowali\u015bmy, i\u017c Gminny O\u015brodek Kultury w Sadownem rozpocz\u0105\u0142 zapisy na bezp\u0142atne kursy komputerowe w ramach projektu \u201ePodniesienie kompetencji cyfrowych mieszka\u0144c\u00f3w wojew\u00f3dztwa mazowieckiego\u201d, do kt\u00f3rego przyst\u0105pi\u0142a w\u0142a\u015bnie Gmina Sadowne.<\/p>\n<p><img loading=\"lazy\" decoding=\"async\" class=\"alignleft size-full wp-image-791\" src=\"http:\/\/info.sadowne.pl\/wp-content\/uploads\/2013\/01\/gok.jpg\" alt=\"\" width=\"124\" height=\"151\" \/>Zainteresowani udzia\u0142em w projekcie maj\u0105 do wyboru jeden z siedmiu modu\u0142\u00f3w szkoleniowych: \u201eRodzic w Internecie\u201d, \u201eM\u00f3j biznes w sieci\u201d, \u201eMoje finanse i transakcje w sieci\u201d, \u201eDzia\u0142am w sieciach spo\u0142eczno\u015bciowych\u201d, \u201eTworz\u0119 w\u0142asn\u0105 stron\u0119 internetow\u0105 (blog)\u201d, \u201eRolnik w sieci\u201d i \u201eKultura w sieci\u201d, a warunkiem bezp\u0142atnego udzia\u0142u w nim jest wiek \u2013 powy\u017cej 25 lat i zamieszkanie na terenie wojew\u00f3dztwa mazowieckiego.<\/p>\n<p><img loading=\"lazy\" decoding=\"async\" class=\"alignright wp-image-20132 size-medium\" src=\"http:\/\/info.sadowne.pl\/wp-content\/uploads\/2019\/03\/2019.03.08.12-300x139.jpg\" alt=\"\" width=\"300\" height=\"139\" srcset=\"http:\/\/info.sadowne.pl\/wp-content\/uploads\/2019\/03\/2019.03.08.12-300x139.jpg 300w, http:\/\/info.sadowne.pl\/wp-content\/uploads\/2019\/03\/2019.03.08.12.jpg 400w\" sizes=\"auto, (max-width: 300px) 100vw, 300px\" \/>Zadanie to jest finansowane ze \u015brodk\u00f3w Unii Europejskiej w ramach dzia\u0142ania 3.1 Dzia\u0142ania szkoleniowe na rzecz rozwoju kompetencji cyfrowych Programu Operacyjnego Polska Cyfrowa.<\/p>\n<p><img loading=\"lazy\" decoding=\"async\" class=\"alignleft size-full wp-image-20133\" src=\"http:\/\/info.sadowne.pl\/wp-content\/uploads\/2019\/03\/2019.03.08.11.jpg\" alt=\"\" width=\"299\" height=\"169\" \/>Pierwsze szkolenia ju\u017c si\u0119 odby\u0142y i 8 marca dwie dwunastoosobowe grupy podsumowa\u0142y trwaj\u0105ce 16 godzin szkoleniowych modu\u0142y: \u201eRolnik w sieci\u201d i \u201eTworz\u0119 w\u0142asn\u0105 stron\u0119 internetow\u0105 (blog). Uczestnicy szkole\u0144 otrzymali certyfikaty, kt\u00f3re wr\u0119czyli im organizatorzy i prowadz\u0105cy szkolenia: p. Marcin Gr\u0119da, p. Ewa Pi\u00f3rkowska i p. Wies\u0142aw Kaliszuk.<\/p>\n<p>Przypomnijmy: szkolenia odbywaj\u0105 si\u0119 w Gminnym O\u015brodku Kultury w Sadownem i prowadzi je p. Wies\u0142aw Kaliszuk. Nab\u00f3r na kolejne modu\u0142y ci\u0105gle trwa \u2013 zapraszamy wszystkich zainteresowanych: kontakt &#8211; tel. (25) 644-28-95 lub 502-086-989.<\/p>\n<p><img loading=\"lazy\" decoding=\"async\" class=\"aligncenter size-full wp-image-20134\" src=\"http:\/\/info.sadowne.pl\/wp-content\/uploads\/2019\/03\/2019.03.08.13.jpg\" alt=\"\" width=\"393\" height=\"128\" srcset=\"http:\/\/info.sadowne.pl\/wp-content\/uploads\/2019\/03\/2019.03.08.13.jpg 393w, http:\/\/info.sadowne.pl\/wp-content\/uploads\/2019\/03\/2019.03.08.13-300x98.jpg 300w\" sizes=\"auto, (max-width: 393px) 100vw, 393px\" \/><\/p>\n<p><span style=\"color: #0000ff;\"><a style=\"color: #0000ff;\" href=\"https:\/\/photos.app.goo.gl\/jvDMX9FER3Qk5hHp6\" target=\"_blank\" rel=\"noopener noreferrer\"><strong>Zdj\u0119cia w galerii Google&gt;&gt;&gt;<\/strong><\/a><\/span><\/p>\n<p><a href=\"http:\/\/info.sadowne.pl\/wp-content\/uploads\/2018\/11\/2018.11.14.22.jpg\" target=\"_blank\" rel=\"noopener noreferrer\"><img loading=\"lazy\" decoding=\"async\" class=\"aligncenter wp-image-19471 size-medium\" src=\"http:\/\/info.sadowne.pl\/wp-content\/uploads\/2018\/11\/2018.11.14.22-212x300.jpg\" alt=\"\" width=\"212\" height=\"300\" srcset=\"http:\/\/info.sadowne.pl\/wp-content\/uploads\/2018\/11\/2018.11.14.22-212x300.jpg 212w, http:\/\/info.sadowne.pl\/wp-content\/uploads\/2018\/11\/2018.11.14.22.jpg 595w\" sizes=\"auto, (max-width: 212px) 100vw, 212px\" \/><\/a><\/p>\n<p><strong>Tekst\/foto:<\/strong> GOK\/S\u0142awek Chyli\u0144ski<\/p>\n","protected":false},"excerpt":{"rendered":"<p>8 marca dwie grupy uczestnik\u00f3w projektu \u201ePodnoszenie kompetencji cyfrowych mieszka\u0144c\u00f3w wojew\u00f3dztwa mazowieckiego\u201d zako\u0144czy\u0142y w Sadownem swoje szkolenie.<\/p>\n","protected":false},"author":1,"featured_media":0,"comment_status":"closed","ping_status":"closed","sticky":false,"template":"","format":"standard","meta":{"footnotes":""},"categories":[5,91,6],"tags":[169,2949],"class_list":["post-20129","post","type-post","status-publish","format-standard","hentry","category-newsy","category-gminny-osrodek-kultury","category-kultura-rozrywka-edukacja","tag-gminny-osrodek-kultury-w-sadownem","tag-projekt-podniesienie-komptetencji-cyfrowych-mieszkancow-wojewodztwa-mazowieckiego"],"views":2859,"_links":{"self":[{"href":"http:\/\/info.sadowne.pl\/index.php?rest_route=\/wp\/v2\/posts\/20129","targetHints":{"allow":["GET"]}}],"collection":[{"href":"http:\/\/info.sadowne.pl\/index.php?rest_route=\/wp\/v2\/posts"}],"about":[{"href":"http:\/\/info.sadowne.pl\/index.php?rest_route=\/wp\/v2\/types\/post"}],"author":[{"embeddable":true,"href":"http:\/\/info.sadowne.pl\/index.php?rest_route=\/wp\/v2\/users\/1"}],"replies":[{"embeddable":true,"href":"http:\/\/info.sadowne.pl\/index.php?rest_route=%2Fwp%2Fv2%2Fcomments&post=20129"}],"version-history":[{"count":1,"href":"http:\/\/info.sadowne.pl\/index.php?rest_route=\/wp\/v2\/posts\/20129\/revisions"}],"predecessor-version":[{"id":20135,"href":"http:\/\/info.sadowne.pl\/index.php?rest_route=\/wp\/v2\/posts\/20129\/revisions\/20135"}],"wp:attachment":[{"href":"http:\/\/info.sadowne.pl\/index.php?rest_route=%2Fwp%2Fv2%2Fmedia&parent=20129"}],"wp:term":[{"taxonomy":"category","embeddable":true,"href":"http:\/\/info.sadowne.pl\/index.php?rest_route=%2Fwp%2Fv2%2Fcategories&post=20129"},{"taxonomy":"post_tag","embeddable":true,"href":"http:\/\/info.sadowne.pl\/index.php?rest_route=%2Fwp%2Fv2%2Ftags&post=20129"}],"curies":[{"name":"wp","href":"https:\/\/api.w.org\/{rel}","templated":true}]}}