{"id":20177,"date":"2019-03-18T13:47:50","date_gmt":"2019-03-18T12:47:50","guid":{"rendered":"http:\/\/info.sadowne.pl\/?p=20177"},"modified":"2019-03-18T13:47:50","modified_gmt":"2019-03-18T12:47:50","slug":"warsztaty-serowarskie","status":"publish","type":"post","link":"http:\/\/info.sadowne.pl\/?p=20177","title":{"rendered":"Warsztaty serowarskie"},"content":{"rendered":"<p><strong><img loading=\"lazy\" decoding=\"async\" class=\"alignleft size-thumbnail wp-image-20178\" src=\"http:\/\/info.sadowne.pl\/wp-content\/uploads\/2019\/03\/2019.03.18.5-180x130.jpg\" alt=\"\" width=\"180\" height=\"130\" \/>18 marca w Gminnym O\u015brodku Kultury w Sadownem odby\u0142o si\u0119 szkolenie w ramach projektu \u201eMazowieckie dobre praktyki i tradycje kulinarne \u2013 dobre praktyki mleczarskie\u201d.<\/strong><!--more--><\/p>\n<p>Szkolenie by\u0142o po\u0142\u0105czone z warsztatami serowarskimi, a mieszka\u0144c\u00f3w gminy Sadowne zaprosili do udzia\u0142u w nich: Samorz\u0105d Wojew\u00f3dztwa Mazowieckiego, Lokalna Grupa Dzia\u0142ania \u201eB\u0105d\u017amy razem\u201d i Gmina Sadowne. Projekt jest wsp\u00f3\u0142finansowany ze \u015brodk\u00f3w PROW 2014-2020 w ramach krajowej sieci obszar\u00f3w wiejskich.<\/p>\n<p>W imieniu Organizator\u00f3w uczestnik\u00f3w spotkania powitali: p. Ma\u0142gorzata Szeja, p. Krzysztof Zaniewski i p. Waldemar Cyran, a tu\u017c po ich wyst\u0105pieniu w tajniki samodzielnego wykonania sera wprowadzi\u0142 wszystkich p. Krzysztof Jaworski \u2013 serowar \u017cu\u0142awski. Pod jego okiem i zgodnie ze szczeg\u00f3\u0142owymi instrukcjami \u015bwie\u017ce mleko przekszta\u0142ca\u0142o si\u0119 w zdrowy, wiejski ser. Po warsztatach wskazana oczywi\u015bcie degustacja w\u0142asnego produktu i ocena jego jako\u015bci.<\/p>\n<p><span style=\"color: #0000ff;\"><a style=\"color: #0000ff;\" href=\"https:\/\/photos.app.goo.gl\/zsSmrvN7qA5hWdBC6\" target=\"_blank\" rel=\"noopener noreferrer\"><strong>Zdj\u0119cia w galerii Google&gt;&gt;&gt;<\/strong><\/a><\/span><\/p>\n<p><strong>Tekst\/foto:<\/strong> S\u0142awek Chyli\u0144ski<\/p>\n","protected":false},"excerpt":{"rendered":"<p>18 marca w Gminnym O\u015brodku Kultury w Sadownem odby\u0142o si\u0119 szkolenie w ramach projektu \u201eMazowieckie dobre praktyki i tradycje kulinarne \u2013 dobre praktyki mleczarskie\u201d.<\/p>\n","protected":false},"author":1,"featured_media":0,"comment_status":"closed","ping_status":"closed","sticky":false,"template":"","format":"standard","meta":{"footnotes":""},"categories":[5,41],"tags":[169,1749,3048],"class_list":["post-20177","post","type-post","status-publish","format-standard","hentry","category-newsy","category-wiesci-gminne","tag-gminny-osrodek-kultury-w-sadownem","tag-lgd-badzmy-razem","tag-warsztaty-serowarskie"],"views":2895,"_links":{"self":[{"href":"http:\/\/info.sadowne.pl\/index.php?rest_route=\/wp\/v2\/posts\/20177","targetHints":{"allow":["GET"]}}],"collection":[{"href":"http:\/\/info.sadowne.pl\/index.php?rest_route=\/wp\/v2\/posts"}],"about":[{"href":"http:\/\/info.sadowne.pl\/index.php?rest_route=\/wp\/v2\/types\/post"}],"author":[{"embeddable":true,"href":"http:\/\/info.sadowne.pl\/index.php?rest_route=\/wp\/v2\/users\/1"}],"replies":[{"embeddable":true,"href":"http:\/\/info.sadowne.pl\/index.php?rest_route=%2Fwp%2Fv2%2Fcomments&post=20177"}],"version-history":[{"count":1,"href":"http:\/\/info.sadowne.pl\/index.php?rest_route=\/wp\/v2\/posts\/20177\/revisions"}],"predecessor-version":[{"id":20179,"href":"http:\/\/info.sadowne.pl\/index.php?rest_route=\/wp\/v2\/posts\/20177\/revisions\/20179"}],"wp:attachment":[{"href":"http:\/\/info.sadowne.pl\/index.php?rest_route=%2Fwp%2Fv2%2Fmedia&parent=20177"}],"wp:term":[{"taxonomy":"category","embeddable":true,"href":"http:\/\/info.sadowne.pl\/index.php?rest_route=%2Fwp%2Fv2%2Fcategories&post=20177"},{"taxonomy":"post_tag","embeddable":true,"href":"http:\/\/info.sadowne.pl\/index.php?rest_route=%2Fwp%2Fv2%2Ftags&post=20177"}],"curies":[{"name":"wp","href":"https:\/\/api.w.org\/{rel}","templated":true}]}}