{"id":20216,"date":"2019-03-21T16:19:57","date_gmt":"2019-03-21T15:19:57","guid":{"rendered":"http:\/\/info.sadowne.pl\/?p=20216"},"modified":"2019-03-21T20:14:38","modified_gmt":"2019-03-21T19:14:38","slug":"warszawska-syrenka-2019","status":"publish","type":"post","link":"http:\/\/info.sadowne.pl\/?p=20216","title":{"rendered":"Warszawska Syrenka 2019"},"content":{"rendered":"<p><strong><a href=\"http:\/\/info.sadowne.pl\/wp-content\/uploads\/2019\/03\/2019.03.21.5.jpg\" target=\"_blank\" rel=\"noopener noreferrer\"><img loading=\"lazy\" decoding=\"async\" class=\"alignleft wp-image-20217 size-thumbnail\" src=\"http:\/\/info.sadowne.pl\/wp-content\/uploads\/2019\/03\/2019.03.21.5-180x130.jpg\" alt=\"\" width=\"180\" height=\"130\" \/><\/a>20 marca w Sadownem odby\u0142y si\u0119 eliminacje gminne do 42. Konkursu Recytatorskiego \u201eWarszawska Syrenka\u201d.<\/strong><!--more--><\/p>\n<p>Uczestnik\u00f3w eliminacji ocenia\u0142a Komisja w sk\u0142adzie: p. Marcin Gr\u0119da, p. Barbara Klimek i p. Barbara Wr\u00f3bel, kt\u00f3ra wy\u0142oni\u0142a nast\u0119puj\u0105cych zwyci\u0119zc\u00f3w:<\/p>\n<p><strong>W kategorii uczniowie szk\u00f3\u0142 podstawowych: klasy 0-III<\/strong><\/p>\n<p>I miejsce \u2013 Karolina Rybczy\u0144ska Szko\u0142a Podstawowa w Grabinach<\/p>\n<p>II miejsce \u2013 Wiktoria Subda, Niepubliczna Szko\u0142a Podstawowa w Orze\u0142ku<\/p>\n<p>III miejsce \u2013 Amelia Suska, Niepubliczna Szko\u0142a Podstawowa w Orze\u0142ku<\/p>\n<p><strong>W kategorii uczniowie szk\u00f3\u0142 podstawowych: klasy IV-VI<\/strong><\/p>\n<p>I miejsce \u2013 Patrycja Dobosz, Szko\u0142a Podstawowa w Sadownem<\/p>\n<p>II miejsce \u2013 Dawid Trojan, Szko\u0142a Podstawowa w Grabinach<\/p>\n<p>III miejsce \u2013 Julia Miko\u0142ajczyk, Szko\u0142a Podstawowa w Sadownem<\/p>\n<p><strong>W kategorii uczniowie szk\u00f3\u0142 podstawowych: klasy VII-VIII i III gimnazjum<\/strong><\/p>\n<p>I miejsce \u2013 Zuzanna Gierej, Szko\u0142a Podstawowa w Sadownem<\/p>\n<p>II miejsce \u2013 Weronika Akonom, Gimnazjum Sadowne<\/p>\n<p>III miejsce \u2013 Agnieszka Renik, Gimnazjum Sadowne<\/p>\n<p>Dyplomy oraz drobne upominki zwyci\u0119zcom Konkursu i uczestnikom wr\u0119czyli przedstawiciele Komisji oraz p. Ewa Pi\u00f3rkowska \u2013 Dyrektor Gminnego O\u015brodka Kultury w Sadownem.<\/p>\n<p><strong>Eliminacje powiatowe Konkursu odb\u0119d\u0105 si\u0119 ju\u017c 28 marca w \u0141ochowie. \u017byczymy powodzenia reprezentantom Gminy Sadowne.<\/strong><\/p>\n<p><span style=\"color: #0000ff;\"><a style=\"color: #0000ff;\" href=\"https:\/\/photos.app.goo.gl\/8uLR2kyiBzmhTGBM7\" target=\"_blank\" rel=\"noopener noreferrer\"><strong>Zdj\u0119cia w galerii Google&gt;&gt;&gt;<\/strong><\/a><\/span><\/p>\n<p><strong>Tekst\/foto:<\/strong> GOK Sadowne<\/p>\n","protected":false},"excerpt":{"rendered":"<p>20 marca w Sadownem odby\u0142y si\u0119 eliminacje gminne do 42. Konkursu Recytatorskiego \u201eWarszawska Syrenka\u201d.<\/p>\n","protected":false},"author":1,"featured_media":0,"comment_status":"closed","ping_status":"closed","sticky":false,"template":"","format":"standard","meta":{"footnotes":""},"categories":[5,91,6],"tags":[2762,169],"class_list":["post-20216","post","type-post","status-publish","format-standard","hentry","category-newsy","category-gminny-osrodek-kultury","category-kultura-rozrywka-edukacja","tag-gminne-eliminacje-do-konkursu-warszawska-syrenka","tag-gminny-osrodek-kultury-w-sadownem"],"views":2891,"_links":{"self":[{"href":"http:\/\/info.sadowne.pl\/index.php?rest_route=\/wp\/v2\/posts\/20216","targetHints":{"allow":["GET"]}}],"collection":[{"href":"http:\/\/info.sadowne.pl\/index.php?rest_route=\/wp\/v2\/posts"}],"about":[{"href":"http:\/\/info.sadowne.pl\/index.php?rest_route=\/wp\/v2\/types\/post"}],"author":[{"embeddable":true,"href":"http:\/\/info.sadowne.pl\/index.php?rest_route=\/wp\/v2\/users\/1"}],"replies":[{"embeddable":true,"href":"http:\/\/info.sadowne.pl\/index.php?rest_route=%2Fwp%2Fv2%2Fcomments&post=20216"}],"version-history":[{"count":3,"href":"http:\/\/info.sadowne.pl\/index.php?rest_route=\/wp\/v2\/posts\/20216\/revisions"}],"predecessor-version":[{"id":20224,"href":"http:\/\/info.sadowne.pl\/index.php?rest_route=\/wp\/v2\/posts\/20216\/revisions\/20224"}],"wp:attachment":[{"href":"http:\/\/info.sadowne.pl\/index.php?rest_route=%2Fwp%2Fv2%2Fmedia&parent=20216"}],"wp:term":[{"taxonomy":"category","embeddable":true,"href":"http:\/\/info.sadowne.pl\/index.php?rest_route=%2Fwp%2Fv2%2Fcategories&post=20216"},{"taxonomy":"post_tag","embeddable":true,"href":"http:\/\/info.sadowne.pl\/index.php?rest_route=%2Fwp%2Fv2%2Ftags&post=20216"}],"curies":[{"name":"wp","href":"https:\/\/api.w.org\/{rel}","templated":true}]}}