{"id":20225,"date":"2019-03-25T11:06:42","date_gmt":"2019-03-25T10:06:42","guid":{"rendered":"http:\/\/info.sadowne.pl\/?p=20225"},"modified":"2019-03-25T16:01:53","modified_gmt":"2019-03-25T15:01:53","slug":"zapraszamy-w-niedziele-do-sadownego","status":"publish","type":"post","link":"http:\/\/info.sadowne.pl\/?p=20225","title":{"rendered":"Ods\u0142oni\u0119cie tablic &#8211; aktualizacja!"},"content":{"rendered":"<p><strong><img loading=\"lazy\" decoding=\"async\" class=\"alignleft size-thumbnail wp-image-20226\" src=\"http:\/\/info.sadowne.pl\/wp-content\/uploads\/2019\/03\/2019.03.23.1-180x130.jpg\" alt=\"\" width=\"180\" height=\"130\" \/>24 marca 2019 r., w Narodowy Dzie\u0144 Pami\u0119ci Polak\u00f3w ratuj\u0105cych \u017byd\u00f3w pod okupacj\u0105 niemieck\u0105, ods\u0142oni\u0119to tablice upami\u0119tniaj\u0105ce mieszka\u0144c\u00f3w gminy Sadowne oraz rodzin\u0119 Lubkiewicz\u00f3w.<\/strong><!--more--><\/p>\n<p><em><a href=\"http:\/\/info.sadowne.pl\/wp-content\/uploads\/2019\/03\/2019.03.20.2.jpg\" target=\"_blank\" rel=\"noopener noreferrer\"><img loading=\"lazy\" decoding=\"async\" class=\"alignright wp-image-20205 size-medium\" src=\"http:\/\/info.sadowne.pl\/wp-content\/uploads\/2019\/03\/2019.03.20.2-212x300.jpg\" alt=\"\" width=\"212\" height=\"300\" srcset=\"http:\/\/info.sadowne.pl\/wp-content\/uploads\/2019\/03\/2019.03.20.2-212x300.jpg 212w, http:\/\/info.sadowne.pl\/wp-content\/uploads\/2019\/03\/2019.03.20.2.jpg 601w\" sizes=\"auto, (max-width: 212px) 100vw, 212px\" \/><\/a>&#8211; To do\u015b\u0107 ma\u0142o znana historia, cho\u0107 wydarzy\u0142a si\u0119 zaledwie 20 kilometr\u00f3w od obozu zag\u0142ady w Treblince\u2026<\/em> Tak rozpoczyna si\u0119 artyku\u0142 pt. \u201eZamordowani za bochenek chleba dla \u017byd\u00f3w. Upami\u0119tnieni po 76 latach.\u201d, kt\u00f3rego autorem jest p. Karol Wojteczek. Jak si\u0119 domy\u015blamy, jest w nim mowa o pomocy udzielanej \u017bydom przez Polak\u00f3w w czasie II wojny \u015bwiatowej oraz tragicznej \u015bmierci cz\u0142onk\u00f3w rodziny Lubkiewicz\u00f3w z Sadownego, kt\u00f3rzy takiej pomocy udzielali.<\/p>\n<p>Artyku\u0142 ukaza\u0142 si\u0119 w zwi\u0105zku z uroczysto\u015bciami ods\u0142oni\u0119cia tablic upami\u0119tniaj\u0105cych mieszka\u0144c\u00f3w gminy Sadowne i rodzin\u0119 Lubkiewicz\u00f3w. Zach\u0119cam do lektury tego artyku\u0142u na stronie <span style=\"color: #0000ff;\"><strong><a style=\"color: #0000ff;\" href=\"https:\/\/pl.aleteia.org\/2018\/02\/27\/zamordowani-za-bochenek-chleba-wzruszajaca-historia-polakow-ratujacych-zydow\/?fbclid=IwAR0SBr8vrrHTq0CJT5_sg_crUENl59kJ6E6WPk08mNjlMmhpBUf5ekrOIMc\" target=\"_blank\" rel=\"noopener noreferrer\">https:\/\/pl.aleteia.org\/2018\/02\/27\/zamordowani-za-bochenek-chleba-wzruszajaca-historia-polakow-ratujacych-zydow\/?fbclid=IwAR0SBr8vrrHTq0CJT5_sg_crUENl59kJ6E6WPk08mNjlMmhpBUf5ekrOIMc<\/a><\/strong><\/span><\/p>\n<p><a href=\"http:\/\/info.sadowne.pl\/wp-content\/uploads\/2019\/03\/2019.03.23.2.jpg\" target=\"_blank\" rel=\"noopener noreferrer\"><img loading=\"lazy\" decoding=\"async\" class=\"alignleft wp-image-20227 size-thumbnail\" src=\"http:\/\/info.sadowne.pl\/wp-content\/uploads\/2019\/03\/2019.03.23.2-180x130.jpg\" alt=\"\" width=\"180\" height=\"130\" \/><\/a>O harmonogramie niedzielnych uroczysto\u015bci by\u0142a mowa na naszym Portalu ju\u017c wcze\u015bniej, ale dodamy tylko, \u017ce &#8211; zgodnie z ostatnimi ustaleniami \u2013 <strong>wzi\u0105\u0142 w nich udzia\u0142 r\u00f3wnie\u017c Premier RP p. Mateusz Morawiecki.<\/strong> Przewidywano, i\u017c po mszy w miejscowym ko\u015bciele o godz. 11.00 nast\u0105pi przemarsz uczestnik\u00f3w na ul. Mazowieck\u0105 i ods\u0142oni\u0119cie kamienia z tablic\u0105 upami\u0119tniaj\u0105c\u0105 rodzin\u0119 Lubkiewicz\u00f3w. Nast\u0119pnie &#8211; powr\u00f3t na przyko\u015bcielny skwerek, gdzie uroczy\u015bcie zostanie ods\u0142oni\u0119ty kamie\u0144 z tablic\u0105 upami\u0119tniaj\u0105c\u0105 mieszka\u0144c\u00f3w gminy Sadowne pomagaj\u0105cych \u017bydom w czasie II wojny \u015bwiatowej.<\/p>\n<p><strong><a href=\"http:\/\/info.sadowne.pl\/wp-content\/uploads\/2019\/03\/2019.03.23.4.jpg\" target=\"_blank\" rel=\"noopener noreferrer\"><img loading=\"lazy\" decoding=\"async\" class=\"alignright wp-image-20228 size-thumbnail\" src=\"http:\/\/info.sadowne.pl\/wp-content\/uploads\/2019\/03\/2019.03.23.4-180x130.jpg\" alt=\"\" width=\"180\" height=\"130\" \/><\/a><span style=\"color: #000000;\">Warto te\u017c doda\u0107, \u017ce w niedziel\u0119 24 marca w godz. 11.00 \u2013 15.00 w Gminnym O\u015brodku Kultury w Sadownem by\u0142a dost\u0119pna dla zwiedzaj\u0105cych wystawa pt. \u201ePolacy z Sadownego pomagaj\u0105cy \u017bydom w czasie II wojny \u015bwiatowej\u201d<\/span><\/strong>, prezentuj\u0105ca ciekawe dokumenty i eksponaty zwi\u0105zane tematycznie z uroczysto\u015bciami. Wystaw\u0119 b\u0119dzie mo\u017cna ogl\u0105da\u0107 do 29 marca w godzinach pracy GOK, ale wszystkich zainteresowanych zapraszamy r\u00f3wnie\u017c do galerii na stronie <span style=\"color: #0000ff;\"><a style=\"color: #0000ff;\" href=\"https:\/\/photos.app.goo.gl\/QYszBp5imvYHKZMi8\" target=\"_blank\" rel=\"noopener noreferrer\"><strong>https:\/\/photos.app.goo.gl\/QYszBp5imvYHKZMi8<\/strong><\/a><\/span><\/p>\n<p>&nbsp;<\/p>\n<p><b><span style=\"color: #ff0000;\">A jak by\u0142o?<\/span> Zobaczmy na stronie Starostwa Powiatowego w W\u0119growie &#8211;\u00a0<span style=\"color: #0000ff;\"><a style=\"color: #0000ff;\" href=\"https:\/\/powiatwegrowski.pl\/aktualnosci\/wiadomosci-dnia\/narodowy-dzien-pamieci-polakow-ratujacych-zydow-w-sadownem.6297\/\" target=\"_blank\" rel=\"noopener noreferrer\">https:\/\/powiatwegrowski.pl\/aktualnosci\/wiadomosci-dnia\/narodowy-dzien-pamieci-polakow-ratujacych-zydow-w-sadownem.6297\/<\/a>\u00a0<span style=\"color: #000000;\">lub na facebooku Urz\u0119du Gminy w Sadownem<\/span> &#8211;\u00a0<a style=\"color: #0000ff;\" href=\"https:\/\/www.facebook.com\/pg\/gsadowne\/photos\/?tab=album&amp;album_id=1502554739875767&amp;__xts__%5B0%5D=68.ARDhBMuQK0xDdefbWowqx7YDIsqm-5JVrUZGRwreGx5CV0NefkeEHNcU6myE_f2pI5zqasgry3ioI_bLE92j5Zx05fUuRxOANP54awbXfxylMN4xcPrgtBcq4nBmkAOGHPgMZltpVm2dz_YxcB8y0abubm4K5WONmRH8aB59Mrvl7bPgEs5RWrO5hl6TmnSeObumuYYFZTaDVYzxp-PCPqdW3hPzBCiFZcbTRPpdwoSAR5PypdHx6oaDIvO1ipO6k_aLrMpkdWpWGedqs_zQVWWDLbD5cBK5vjWr1AMFPq79cEUR8B_JwOZWdHUsFVxG-D2lBsgVHPPWstOyJVBHWOo0c3z01wDJsnPHBi8bp8emZiGz9L4ZCUILPl0sPmj9qHy5zP35kmCYBtJeg1INsqGsQ7EaSKNaAq5iALWVnCFYWm_zEXtT9Ulyx6la2GPPKIAfiuK9EBjed7ebsMI5Bw&amp;__tn__=-UCH-R\" target=\"_blank\" rel=\"noopener noreferrer\">https:\/\/www.facebook.com\/pg\/gsadowne\/photos\/?tab=album&amp;album_id=1502554739875767&amp;__xts__%5B0%5D=68.ARDhBMuQK0xDdefbWowqx7YDIsqm-5JVrUZGRwreGx5CV0NefkeEHNcU6myE_f2pI5zqasgry3ioI_bLE92j5Zx05fUuRxOANP54awbXfxylMN4xcPrgtBcq4nBmkAOGHPgMZltpVm2dz_YxcB8y0abubm4K5WONmRH8aB59Mrvl7bPgEs5RWrO5hl6TmnSeObumuYYFZTaDVYzxp-PCPqdW3hPzBCiFZcbTRPpdwoSAR5PypdHx6oaDIvO1ipO6k_aLrMpkdWpWGedqs_zQVWWDLbD5cBK5vjWr1AMFPq79cEUR8B_JwOZWdHUsFVxG-D2lBsgVHPPWstOyJVBHWOo0c3z01wDJsnPHBi8bp8emZiGz9L4ZCUILPl0sPmj9qHy5zP35kmCYBtJeg1INsqGsQ7EaSKNaAq5iALWVnCFYWm_zEXtT9Ulyx6la2GPPKIAfiuK9EBjed7ebsMI5Bw&amp;__tn__=-UCH-R<\/a><\/span><\/b><\/p>\n<p><strong>Tekst\/foto:<\/strong> S\u0142awek Chyli\u0144ski<\/p>\n","protected":false},"excerpt":{"rendered":"<p>24 marca 2019 r., w Narodowy Dzie\u0144 Pami\u0119ci Polak\u00f3w ratuj\u0105cych \u017byd\u00f3w pod okupacj\u0105 niemieck\u0105, ods\u0142oni\u0119to tablice upami\u0119tniaj\u0105ce mieszka\u0144c\u00f3w gminy Sadowne oraz rodzin\u0119 Lubkiewicz\u00f3w.<\/p>\n","protected":false},"author":1,"featured_media":0,"comment_status":"closed","ping_status":"closed","sticky":false,"template":"","format":"standard","meta":{"footnotes":""},"categories":[5,91,6],"tags":[169,3053],"class_list":["post-20225","post","type-post","status-publish","format-standard","hentry","category-newsy","category-gminny-osrodek-kultury","category-kultura-rozrywka-edukacja","tag-gminny-osrodek-kultury-w-sadownem","tag-wystawa-polacy-z-sadownego-pomagajacy-zydom-w-czasie-ii-wojny-swiatowej"],"views":4546,"_links":{"self":[{"href":"http:\/\/info.sadowne.pl\/index.php?rest_route=\/wp\/v2\/posts\/20225","targetHints":{"allow":["GET"]}}],"collection":[{"href":"http:\/\/info.sadowne.pl\/index.php?rest_route=\/wp\/v2\/posts"}],"about":[{"href":"http:\/\/info.sadowne.pl\/index.php?rest_route=\/wp\/v2\/types\/post"}],"author":[{"embeddable":true,"href":"http:\/\/info.sadowne.pl\/index.php?rest_route=\/wp\/v2\/users\/1"}],"replies":[{"embeddable":true,"href":"http:\/\/info.sadowne.pl\/index.php?rest_route=%2Fwp%2Fv2%2Fcomments&post=20225"}],"version-history":[{"count":6,"href":"http:\/\/info.sadowne.pl\/index.php?rest_route=\/wp\/v2\/posts\/20225\/revisions"}],"predecessor-version":[{"id":20234,"href":"http:\/\/info.sadowne.pl\/index.php?rest_route=\/wp\/v2\/posts\/20225\/revisions\/20234"}],"wp:attachment":[{"href":"http:\/\/info.sadowne.pl\/index.php?rest_route=%2Fwp%2Fv2%2Fmedia&parent=20225"}],"wp:term":[{"taxonomy":"category","embeddable":true,"href":"http:\/\/info.sadowne.pl\/index.php?rest_route=%2Fwp%2Fv2%2Fcategories&post=20225"},{"taxonomy":"post_tag","embeddable":true,"href":"http:\/\/info.sadowne.pl\/index.php?rest_route=%2Fwp%2Fv2%2Ftags&post=20225"}],"curies":[{"name":"wp","href":"https:\/\/api.w.org\/{rel}","templated":true}]}}